[{"id":19526,"date":"2026-04-30T11:00:16","date_gmt":"2026-04-30T15:00:16","guid":{"rendered":"https:\/\/tamron-americas.com\/?p=19526"},"modified":"2026-04-30T11:00:18","modified_gmt":"2026-04-30T15:00:18","slug":"2026-spring-sale-expo-com-pixel-connection-cleveland","status":"publish","type":"post","link":"https:\/\/tamron-americas.com\/pt\/2026-spring-sale-expo-with-pixel-connection-cleveland\/","title":{"rendered":"2026 Spring Sale &amp; Expo com a Pixel Connection - Cleveland"},"content":{"rendered":"","protected":false},"excerpt":{"rendered":"","protected":false},"author":7,"featured_media":0,"comment_status":"closed","ping_status":"open","sticky":false,"template":"","format":"standard","meta":{"_acf_changed":true,"site-sidebar-layout":"default","site-content-layout":"","ast-site-content-layout":"","site-content-style":"default","site-sidebar-style":"default","ast-global-header-display":"","ast-banner-title-visibility":"","ast-main-header-display":"","ast-hfb-above-header-display":"","ast-hfb-below-header-display":"","ast-hfb-mobile-header-display":"","site-post-title":"","ast-breadcrumbs-content":"","ast-featured-img":"","footer-sml-layout":"","ast-disable-related-posts":"","theme-transparent-header-meta":"","adv-header-id-meta":"","stick-header-meta":"","header-above-stick-meta":"","header-main-stick-meta":"","header-below-stick-meta":"","astra-migrate-meta-layouts":"default","ast-page-background-enabled":"default","ast-page-background-meta":{"desktop":{"background-color":"var(--ast-global-color-4)","background-image":"","background-repeat":"repeat","background-position":"center center","background-size":"auto","background-attachment":"scroll","background-type":"","background-media":"","overlay-type":"","overlay-color":"","overlay-opacity":"","overlay-gradient":""},"tablet":{"background-color":"","background-image":"","background-repeat":"repeat","background-position":"center center","background-size":"auto","background-attachment":"scroll","background-type":"","background-media":"","overlay-type":"","overlay-color":"","overlay-opacity":"","overlay-gradient":""},"mobile":{"background-color":"","background-image":"","background-repeat":"repeat","background-position":"center center","background-size":"auto","background-attachment":"scroll","background-type":"","background-media":"","overlay-type":"","overlay-color":"","overlay-opacity":"","overlay-gradient":""}},"ast-content-background-meta":{"desktop":{"background-color":"var(--ast-global-color-5)","background-image":"","background-repeat":"repeat","background-position":"center center","background-size":"auto","background-attachment":"scroll","background-type":"","background-media":"","overlay-type":"","overlay-color":"","overlay-opacity":"","overlay-gradient":""},"tablet":{"background-color":"var(--ast-global-color-5)","background-image":"","background-repeat":"repeat","background-position":"center center","background-size":"auto","background-attachment":"scroll","background-type":"","background-media":"","overlay-type":"","overlay-color":"","overlay-opacity":"","overlay-gradient":""},"mobile":{"background-color":"var(--ast-global-color-5)","background-image":"","background-repeat":"repeat","background-position":"center center","background-size":"auto","background-attachment":"scroll","background-type":"","background-media":"","overlay-type":"","overlay-color":"","overlay-opacity":"","overlay-gradient":""}},"footnotes":""},"categories":[81],"tags":[],"class_list":["post-19526","post","type-post","status-publish","format-standard","hentry","category-events"],"acf":[],"yoast_head":"<!-- This site is optimized with the Yoast SEO Premium plugin v27.4 (Yoast SEO v27.4) - https:\/\/yoast.com\/product\/yoast-seo-premium-wordpress\/ -->\n<title>Spring Sale &amp; Expo with Pixel Connection - Cleveland | Tamron<\/title>\n<meta name=\"description\" content=\"Join us for a one-of-a-kind expo experience featuring the best deals and exclusive offers on top photo and video brands.\" \/>\n<meta name=\"robots\" content=\"index, follow, max-snippet:-1, max-image-preview:large, max-video-preview:-1\" \/>\n<link rel=\"canonical\" href=\"https:\/\/tamron-americas.com\/pt\/2026-spring-sale-expo-com-pixel-connection-cleveland\/\" \/>\n<meta property=\"og:locale\" content=\"pt_BR\" \/>\n<meta property=\"og:type\" content=\"article\" \/>\n<meta property=\"og:title\" content=\"2026 Spring Sale &amp; Expo with Pixel Connection - Cleveland\" \/>\n<meta property=\"og:description\" content=\"Join us for a one-of-a-kind expo experience featuring the best deals and exclusive offers on top photo and video brands.\" \/>\n<meta property=\"og:url\" content=\"https:\/\/tamron-americas.com\/pt\/2026-spring-sale-expo-com-pixel-connection-cleveland\/\" \/>\n<meta property=\"og:site_name\" content=\"Tamron Americas\" \/>\n<meta property=\"article:published_time\" content=\"2026-04-30T15:00:16+00:00\" \/>\n<meta property=\"article:modified_time\" content=\"2026-04-30T15:00:18+00:00\" \/>\n<meta name=\"author\" content=\"evans@tamron.com\" \/>\n<meta name=\"twitter:card\" content=\"summary_large_image\" \/>\n<meta name=\"twitter:label1\" content=\"Escrito por\" \/>\n\t<meta name=\"twitter:data1\" content=\"evans@tamron.com\" \/>\n<script type=\"application\/ld+json\" class=\"yoast-schema-graph\">{\"@context\":\"https:\\\/\\\/schema.org\",\"@graph\":[{\"@type\":\"Article\",\"@id\":\"https:\\\/\\\/tamron-americas.com\\\/2026-spring-sale-expo-with-pixel-connection-cleveland\\\/#article\",\"isPartOf\":{\"@id\":\"https:\\\/\\\/tamron-americas.com\\\/2026-spring-sale-expo-with-pixel-connection-cleveland\\\/\"},\"author\":{\"name\":\"evans@tamron.com\",\"@id\":\"https:\\\/\\\/tamron-americas.com\\\/#\\\/schema\\\/person\\\/0c5a8453f7637345176beaf26a3b3670\"},\"headline\":\"2026 Spring Sale &amp; Expo with Pixel Connection &#8211; Cleveland\",\"datePublished\":\"2026-04-30T15:00:16+00:00\",\"dateModified\":\"2026-04-30T15:00:18+00:00\",\"mainEntityOfPage\":{\"@id\":\"https:\\\/\\\/tamron-americas.com\\\/2026-spring-sale-expo-with-pixel-connection-cleveland\\\/\"},\"wordCount\":9,\"publisher\":{\"@id\":\"https:\\\/\\\/tamron-americas.com\\\/#organization\"},\"articleSection\":[\"Events\"],\"inLanguage\":\"pt-BR\"},{\"@type\":\"WebPage\",\"@id\":\"https:\\\/\\\/tamron-americas.com\\\/2026-spring-sale-expo-with-pixel-connection-cleveland\\\/\",\"url\":\"https:\\\/\\\/tamron-americas.com\\\/2026-spring-sale-expo-with-pixel-connection-cleveland\\\/\",\"name\":\"Spring Sale & Expo with Pixel Connection - Cleveland | Tamron\",\"isPartOf\":{\"@id\":\"https:\\\/\\\/tamron-americas.com\\\/#website\"},\"datePublished\":\"2026-04-30T15:00:16+00:00\",\"dateModified\":\"2026-04-30T15:00:18+00:00\",\"description\":\"Join us for a one-of-a-kind expo experience featuring the best deals and exclusive offers on top photo and video brands.\",\"breadcrumb\":{\"@id\":\"https:\\\/\\\/tamron-americas.com\\\/2026-spring-sale-expo-with-pixel-connection-cleveland\\\/#breadcrumb\"},\"inLanguage\":\"pt-BR\",\"potentialAction\":[{\"@type\":\"ReadAction\",\"target\":[\"https:\\\/\\\/tamron-americas.com\\\/2026-spring-sale-expo-with-pixel-connection-cleveland\\\/\"]}]},{\"@type\":\"BreadcrumbList\",\"@id\":\"https:\\\/\\\/tamron-americas.com\\\/2026-spring-sale-expo-with-pixel-connection-cleveland\\\/#breadcrumb\",\"itemListElement\":[{\"@type\":\"ListItem\",\"position\":1,\"name\":\"Home\",\"item\":\"https:\\\/\\\/tamron-americas.com\\\/\"},{\"@type\":\"ListItem\",\"position\":2,\"name\":\"2026 Spring Sale &amp; Expo with Pixel Connection &#8211; Cleveland\"}]},{\"@type\":\"WebSite\",\"@id\":\"https:\\\/\\\/tamron-americas.com\\\/#website\",\"url\":\"https:\\\/\\\/tamron-americas.com\\\/\",\"name\":\"Tamron Americas\",\"description\":\"\",\"publisher\":{\"@id\":\"https:\\\/\\\/tamron-americas.com\\\/#organization\"},\"potentialAction\":[{\"@type\":\"SearchAction\",\"target\":{\"@type\":\"EntryPoint\",\"urlTemplate\":\"https:\\\/\\\/tamron-americas.com\\\/?s={search_term_string}\"},\"query-input\":{\"@type\":\"PropertyValueSpecification\",\"valueRequired\":true,\"valueName\":\"search_term_string\"}}],\"inLanguage\":\"pt-BR\"},{\"@type\":\"Organization\",\"@id\":\"https:\\\/\\\/tamron-americas.com\\\/#organization\",\"name\":\"Tamron USA\",\"url\":\"https:\\\/\\\/tamron-americas.com\\\/\",\"logo\":{\"@type\":\"ImageObject\",\"inLanguage\":\"pt-BR\",\"@id\":\"https:\\\/\\\/tamron-americas.com\\\/#\\\/schema\\\/logo\\\/image\\\/\",\"url\":\"https:\\\/\\\/tamron-americas.com\\\/wp-content\\\/uploads\\\/2024\\\/07\\\/logo.svg\",\"contentUrl\":\"https:\\\/\\\/tamron-americas.com\\\/wp-content\\\/uploads\\\/2024\\\/07\\\/logo.svg\",\"width\":190,\"height\":31,\"caption\":\"Tamron USA\"},\"image\":{\"@id\":\"https:\\\/\\\/tamron-americas.com\\\/#\\\/schema\\\/logo\\\/image\\\/\"}},{\"@type\":\"Person\",\"@id\":\"https:\\\/\\\/tamron-americas.com\\\/#\\\/schema\\\/person\\\/0c5a8453f7637345176beaf26a3b3670\",\"name\":\"evans@tamron.com\"}]}<\/script>\n<!-- \/ Yoast SEO Premium plugin. -->","yoast_head_json":{"title":"Promo\u00e7\u00e3o e exposi\u00e7\u00e3o de primavera com a Pixel Connection - Cleveland | Tamron","description":"Junte-se a n\u00f3s para uma experi\u00eancia \u00fanica na exposi\u00e7\u00e3o, com as melhores ofertas e ofertas exclusivas das principais marcas de foto e v\u00eddeo.","robots":{"index":"index","follow":"follow","max-snippet":"max-snippet:-1","max-image-preview":"max-image-preview:large","max-video-preview":"max-video-preview:-1"},"canonical":"https:\/\/tamron-americas.com\/pt\/2026-spring-sale-expo-com-pixel-connection-cleveland\/","og_locale":"pt_BR","og_type":"article","og_title":"2026 Spring Sale &amp; Expo with Pixel Connection - Cleveland","og_description":"Join us for a one-of-a-kind expo experience featuring the best deals and exclusive offers on top photo and video brands.","og_url":"https:\/\/tamron-americas.com\/pt\/2026-spring-sale-expo-com-pixel-connection-cleveland\/","og_site_name":"Tamron Americas","article_published_time":"2026-04-30T15:00:16+00:00","article_modified_time":"2026-04-30T15:00:18+00:00","author":"evans@tamron.com","twitter_card":"summary_large_image","twitter_misc":{"Escrito por":"evans@tamron.com"},"schema":{"@context":"https:\/\/schema.org","@graph":[{"@type":"Article","@id":"https:\/\/tamron-americas.com\/2026-spring-sale-expo-with-pixel-connection-cleveland\/#article","isPartOf":{"@id":"https:\/\/tamron-americas.com\/2026-spring-sale-expo-with-pixel-connection-cleveland\/"},"author":{"name":"evans@tamron.com","@id":"https:\/\/tamron-americas.com\/#\/schema\/person\/0c5a8453f7637345176beaf26a3b3670"},"headline":"2026 Spring Sale &amp; Expo with Pixel Connection &#8211; Cleveland","datePublished":"2026-04-30T15:00:16+00:00","dateModified":"2026-04-30T15:00:18+00:00","mainEntityOfPage":{"@id":"https:\/\/tamron-americas.com\/2026-spring-sale-expo-with-pixel-connection-cleveland\/"},"wordCount":9,"publisher":{"@id":"https:\/\/tamron-americas.com\/#organization"},"articleSection":["Events"],"inLanguage":"pt-BR"},{"@type":"WebPage","@id":"https:\/\/tamron-americas.com\/2026-spring-sale-expo-with-pixel-connection-cleveland\/","url":"https:\/\/tamron-americas.com\/2026-spring-sale-expo-with-pixel-connection-cleveland\/","name":"Spring Sale & Expo with Pixel Connection - Cleveland | Tamron","isPartOf":{"@id":"https:\/\/tamron-americas.com\/#website"},"datePublished":"2026-04-30T15:00:16+00:00","dateModified":"2026-04-30T15:00:18+00:00","description":"Join us for a one-of-a-kind expo experience featuring the best deals and exclusive offers on top photo and video brands.","breadcrumb":{"@id":"https:\/\/tamron-americas.com\/2026-spring-sale-expo-with-pixel-connection-cleveland\/#breadcrumb"},"inLanguage":"pt-BR","potentialAction":[{"@type":"ReadAction","target":["https:\/\/tamron-americas.com\/2026-spring-sale-expo-with-pixel-connection-cleveland\/"]}]},{"@type":"BreadcrumbList","@id":"https:\/\/tamron-americas.com\/2026-spring-sale-expo-with-pixel-connection-cleveland\/#breadcrumb","itemListElement":[{"@type":"ListItem","position":1,"name":"Home","item":"https:\/\/tamron-americas.com\/"},{"@type":"ListItem","position":2,"name":"2026 Spring Sale &amp; Expo with Pixel Connection &#8211; Cleveland"}]},{"@type":"WebSite","@id":"https:\/\/tamron-americas.com\/#website","url":"https:\/\/tamron-americas.com\/","name":"Tamron Americas","description":"","publisher":{"@id":"https:\/\/tamron-americas.com\/#organization"},"potentialAction":[{"@type":"SearchAction","target":{"@type":"EntryPoint","urlTemplate":"https:\/\/tamron-americas.com\/?s={search_term_string}"},"query-input":{"@type":"PropertyValueSpecification","valueRequired":true,"valueName":"search_term_string"}}],"inLanguage":"pt-BR"},{"@type":"Organization","@id":"https:\/\/tamron-americas.com\/#organization","name":"Tamron USA","url":"https:\/\/tamron-americas.com\/","logo":{"@type":"ImageObject","inLanguage":"pt-BR","@id":"https:\/\/tamron-americas.com\/#\/schema\/logo\/image\/","url":"https:\/\/tamron-americas.com\/wp-content\/uploads\/2024\/07\/logo.svg","contentUrl":"https:\/\/tamron-americas.com\/wp-content\/uploads\/2024\/07\/logo.svg","width":190,"height":31,"caption":"Tamron USA"},"image":{"@id":"https:\/\/tamron-americas.com\/#\/schema\/logo\/image\/"}},{"@type":"Person","@id":"https:\/\/tamron-americas.com\/#\/schema\/person\/0c5a8453f7637345176beaf26a3b3670","name":"evans@tamron.com"}]}},"_links":{"self":[{"href":"https:\/\/tamron-americas.com\/pt\/wp-json\/wp\/v2\/posts\/19526","targetHints":{"allow":["GET"]}}],"collection":[{"href":"https:\/\/tamron-americas.com\/pt\/wp-json\/wp\/v2\/posts"}],"about":[{"href":"https:\/\/tamron-americas.com\/pt\/wp-json\/wp\/v2\/types\/post"}],"author":[{"embeddable":true,"href":"https:\/\/tamron-americas.com\/pt\/wp-json\/wp\/v2\/users\/7"}],"replies":[{"embeddable":true,"href":"https:\/\/tamron-americas.com\/pt\/wp-json\/wp\/v2\/comments?post=19526"}],"version-history":[{"count":0,"href":"https:\/\/tamron-americas.com\/pt\/wp-json\/wp\/v2\/posts\/19526\/revisions"}],"wp:attachment":[{"href":"https:\/\/tamron-americas.com\/pt\/wp-json\/wp\/v2\/media?parent=19526"}],"wp:term":[{"taxonomy":"category","embeddable":true,"href":"https:\/\/tamron-americas.com\/pt\/wp-json\/wp\/v2\/categories?post=19526"},{"taxonomy":"post_tag","embeddable":true,"href":"https:\/\/tamron-americas.com\/pt\/wp-json\/wp\/v2\/tags?post=19526"}],"curies":[{"name":"wp","href":"https:\/\/api.w.org\/{rel}","templated":true}]}},{"id":19504,"date":"2026-04-29T12:56:21","date_gmt":"2026-04-29T16:56:21","guid":{"rendered":"https:\/\/tamron-americas.com\/?p=19504"},"modified":"2026-04-29T12:56:29","modified_gmt":"2026-04-29T16:56:29","slug":"2026-lilac-festival-com-a-rochester-photo-supply","status":"publish","type":"post","link":"https:\/\/tamron-americas.com\/pt\/2026-lilac-festival-with-rochester-photo-supply\/","title":{"rendered":"2026 Lilac Festival com a Rochester Photo Supply"},"content":{"rendered":"","protected":false},"excerpt":{"rendered":"","protected":false},"author":7,"featured_media":0,"comment_status":"closed","ping_status":"open","sticky":false,"template":"","format":"standard","meta":{"_acf_changed":true,"site-sidebar-layout":"default","site-content-layout":"","ast-site-content-layout":"","site-content-style":"default","site-sidebar-style":"default","ast-global-header-display":"","ast-banner-title-visibility":"","ast-main-header-display":"","ast-hfb-above-header-display":"","ast-hfb-below-header-display":"","ast-hfb-mobile-header-display":"","site-post-title":"","ast-breadcrumbs-content":"","ast-featured-img":"","footer-sml-layout":"","ast-disable-related-posts":"","theme-transparent-header-meta":"","adv-header-id-meta":"","stick-header-meta":"","header-above-stick-meta":"","header-main-stick-meta":"","header-below-stick-meta":"","astra-migrate-meta-layouts":"default","ast-page-background-enabled":"default","ast-page-background-meta":{"desktop":{"background-color":"var(--ast-global-color-4)","background-image":"","background-repeat":"repeat","background-position":"center center","background-size":"auto","background-attachment":"scroll","background-type":"","background-media":"","overlay-type":"","overlay-color":"","overlay-opacity":"","overlay-gradient":""},"tablet":{"background-color":"","background-image":"","background-repeat":"repeat","background-position":"center center","background-size":"auto","background-attachment":"scroll","background-type":"","background-media":"","overlay-type":"","overlay-color":"","overlay-opacity":"","overlay-gradient":""},"mobile":{"background-color":"","background-image":"","background-repeat":"repeat","background-position":"center center","background-size":"auto","background-attachment":"scroll","background-type":"","background-media":"","overlay-type":"","overlay-color":"","overlay-opacity":"","overlay-gradient":""}},"ast-content-background-meta":{"desktop":{"background-color":"var(--ast-global-color-5)","background-image":"","background-repeat":"repeat","background-position":"center center","background-size":"auto","background-attachment":"scroll","background-type":"","background-media":"","overlay-type":"","overlay-color":"","overlay-opacity":"","overlay-gradient":""},"tablet":{"background-color":"var(--ast-global-color-5)","background-image":"","background-repeat":"repeat","background-position":"center center","background-size":"auto","background-attachment":"scroll","background-type":"","background-media":"","overlay-type":"","overlay-color":"","overlay-opacity":"","overlay-gradient":""},"mobile":{"background-color":"var(--ast-global-color-5)","background-image":"","background-repeat":"repeat","background-position":"center center","background-size":"auto","background-attachment":"scroll","background-type":"","background-media":"","overlay-type":"","overlay-color":"","overlay-opacity":"","overlay-gradient":""}},"footnotes":""},"categories":[81],"tags":[],"class_list":["post-19504","post","type-post","status-publish","format-standard","hentry","category-events"],"acf":[],"yoast_head":"<!-- This site is optimized with the Yoast SEO Premium plugin v27.4 (Yoast SEO v27.4) - https:\/\/yoast.com\/product\/yoast-seo-premium-wordpress\/ -->\n<title>Lilac Festival with Rochester Photo Supply | Tamron<\/title>\n<meta name=\"description\" content=\"Join Rochester Photo Supply at the 128th Rochester Lilac Festival at Highland Park in Rochester, NY.\" \/>\n<meta name=\"robots\" content=\"index, follow, max-snippet:-1, max-image-preview:large, max-video-preview:-1\" \/>\n<link rel=\"canonical\" href=\"https:\/\/tamron-americas.com\/pt\/2026-lilac-festival-com-a-rochester-photo-supply\/\" \/>\n<meta property=\"og:locale\" content=\"pt_BR\" \/>\n<meta property=\"og:type\" content=\"article\" \/>\n<meta property=\"og:title\" content=\"2026 Lilac Festival with Rochester Photo Supply\" \/>\n<meta property=\"og:description\" content=\"Join Rochester Photo Supply at the 128th Rochester Lilac Festival at Highland Park in Rochester, NY.\" \/>\n<meta property=\"og:url\" content=\"https:\/\/tamron-americas.com\/pt\/2026-lilac-festival-com-a-rochester-photo-supply\/\" \/>\n<meta property=\"og:site_name\" content=\"Tamron Americas\" \/>\n<meta property=\"article:published_time\" content=\"2026-04-29T16:56:21+00:00\" \/>\n<meta property=\"article:modified_time\" content=\"2026-04-29T16:56:29+00:00\" \/>\n<meta name=\"author\" content=\"evans@tamron.com\" \/>\n<meta name=\"twitter:card\" content=\"summary_large_image\" \/>\n<meta name=\"twitter:label1\" content=\"Escrito por\" \/>\n\t<meta name=\"twitter:data1\" content=\"evans@tamron.com\" \/>\n<script type=\"application\/ld+json\" class=\"yoast-schema-graph\">{\"@context\":\"https:\\\/\\\/schema.org\",\"@graph\":[{\"@type\":\"Article\",\"@id\":\"https:\\\/\\\/tamron-americas.com\\\/2026-lilac-festival-with-rochester-photo-supply\\\/#article\",\"isPartOf\":{\"@id\":\"https:\\\/\\\/tamron-americas.com\\\/2026-lilac-festival-with-rochester-photo-supply\\\/\"},\"author\":{\"name\":\"evans@tamron.com\",\"@id\":\"https:\\\/\\\/tamron-americas.com\\\/#\\\/schema\\\/person\\\/0c5a8453f7637345176beaf26a3b3670\"},\"headline\":\"2026 Lilac Festival with Rochester Photo Supply\",\"datePublished\":\"2026-04-29T16:56:21+00:00\",\"dateModified\":\"2026-04-29T16:56:29+00:00\",\"mainEntityOfPage\":{\"@id\":\"https:\\\/\\\/tamron-americas.com\\\/2026-lilac-festival-with-rochester-photo-supply\\\/\"},\"wordCount\":6,\"publisher\":{\"@id\":\"https:\\\/\\\/tamron-americas.com\\\/#organization\"},\"articleSection\":[\"Events\"],\"inLanguage\":\"pt-BR\"},{\"@type\":\"WebPage\",\"@id\":\"https:\\\/\\\/tamron-americas.com\\\/2026-lilac-festival-with-rochester-photo-supply\\\/\",\"url\":\"https:\\\/\\\/tamron-americas.com\\\/2026-lilac-festival-with-rochester-photo-supply\\\/\",\"name\":\"Lilac Festival with Rochester Photo Supply | Tamron\",\"isPartOf\":{\"@id\":\"https:\\\/\\\/tamron-americas.com\\\/#website\"},\"datePublished\":\"2026-04-29T16:56:21+00:00\",\"dateModified\":\"2026-04-29T16:56:29+00:00\",\"description\":\"Join Rochester Photo Supply at the 128th Rochester Lilac Festival at Highland Park in Rochester, NY.\",\"breadcrumb\":{\"@id\":\"https:\\\/\\\/tamron-americas.com\\\/2026-lilac-festival-with-rochester-photo-supply\\\/#breadcrumb\"},\"inLanguage\":\"pt-BR\",\"potentialAction\":[{\"@type\":\"ReadAction\",\"target\":[\"https:\\\/\\\/tamron-americas.com\\\/2026-lilac-festival-with-rochester-photo-supply\\\/\"]}]},{\"@type\":\"BreadcrumbList\",\"@id\":\"https:\\\/\\\/tamron-americas.com\\\/2026-lilac-festival-with-rochester-photo-supply\\\/#breadcrumb\",\"itemListElement\":[{\"@type\":\"ListItem\",\"position\":1,\"name\":\"Home\",\"item\":\"https:\\\/\\\/tamron-americas.com\\\/\"},{\"@type\":\"ListItem\",\"position\":2,\"name\":\"2026 Lilac Festival with Rochester Photo Supply\"}]},{\"@type\":\"WebSite\",\"@id\":\"https:\\\/\\\/tamron-americas.com\\\/#website\",\"url\":\"https:\\\/\\\/tamron-americas.com\\\/\",\"name\":\"Tamron Americas\",\"description\":\"\",\"publisher\":{\"@id\":\"https:\\\/\\\/tamron-americas.com\\\/#organization\"},\"potentialAction\":[{\"@type\":\"SearchAction\",\"target\":{\"@type\":\"EntryPoint\",\"urlTemplate\":\"https:\\\/\\\/tamron-americas.com\\\/?s={search_term_string}\"},\"query-input\":{\"@type\":\"PropertyValueSpecification\",\"valueRequired\":true,\"valueName\":\"search_term_string\"}}],\"inLanguage\":\"pt-BR\"},{\"@type\":\"Organization\",\"@id\":\"https:\\\/\\\/tamron-americas.com\\\/#organization\",\"name\":\"Tamron USA\",\"url\":\"https:\\\/\\\/tamron-americas.com\\\/\",\"logo\":{\"@type\":\"ImageObject\",\"inLanguage\":\"pt-BR\",\"@id\":\"https:\\\/\\\/tamron-americas.com\\\/#\\\/schema\\\/logo\\\/image\\\/\",\"url\":\"https:\\\/\\\/tamron-americas.com\\\/wp-content\\\/uploads\\\/2024\\\/07\\\/logo.svg\",\"contentUrl\":\"https:\\\/\\\/tamron-americas.com\\\/wp-content\\\/uploads\\\/2024\\\/07\\\/logo.svg\",\"width\":190,\"height\":31,\"caption\":\"Tamron USA\"},\"image\":{\"@id\":\"https:\\\/\\\/tamron-americas.com\\\/#\\\/schema\\\/logo\\\/image\\\/\"}},{\"@type\":\"Person\",\"@id\":\"https:\\\/\\\/tamron-americas.com\\\/#\\\/schema\\\/person\\\/0c5a8453f7637345176beaf26a3b3670\",\"name\":\"evans@tamron.com\"}]}<\/script>\n<!-- \/ Yoast SEO Premium plugin. -->","yoast_head_json":{"title":"Festival Lil\u00e1s com a Rochester Photo Supply | Tamron","description":"Junte-se \u00e0 Rochester Photo Supply no 128\u00ba Rochester Lilac Festival no Highland Park em Rochester, NY.","robots":{"index":"index","follow":"follow","max-snippet":"max-snippet:-1","max-image-preview":"max-image-preview:large","max-video-preview":"max-video-preview:-1"},"canonical":"https:\/\/tamron-americas.com\/pt\/2026-lilac-festival-com-a-rochester-photo-supply\/","og_locale":"pt_BR","og_type":"article","og_title":"2026 Lilac Festival with Rochester Photo Supply","og_description":"Join Rochester Photo Supply at the 128th Rochester Lilac Festival at Highland Park in Rochester, NY.","og_url":"https:\/\/tamron-americas.com\/pt\/2026-lilac-festival-com-a-rochester-photo-supply\/","og_site_name":"Tamron Americas","article_published_time":"2026-04-29T16:56:21+00:00","article_modified_time":"2026-04-29T16:56:29+00:00","author":"evans@tamron.com","twitter_card":"summary_large_image","twitter_misc":{"Escrito por":"evans@tamron.com"},"schema":{"@context":"https:\/\/schema.org","@graph":[{"@type":"Article","@id":"https:\/\/tamron-americas.com\/2026-lilac-festival-with-rochester-photo-supply\/#article","isPartOf":{"@id":"https:\/\/tamron-americas.com\/2026-lilac-festival-with-rochester-photo-supply\/"},"author":{"name":"evans@tamron.com","@id":"https:\/\/tamron-americas.com\/#\/schema\/person\/0c5a8453f7637345176beaf26a3b3670"},"headline":"2026 Lilac Festival with Rochester Photo Supply","datePublished":"2026-04-29T16:56:21+00:00","dateModified":"2026-04-29T16:56:29+00:00","mainEntityOfPage":{"@id":"https:\/\/tamron-americas.com\/2026-lilac-festival-with-rochester-photo-supply\/"},"wordCount":6,"publisher":{"@id":"https:\/\/tamron-americas.com\/#organization"},"articleSection":["Events"],"inLanguage":"pt-BR"},{"@type":"WebPage","@id":"https:\/\/tamron-americas.com\/2026-lilac-festival-with-rochester-photo-supply\/","url":"https:\/\/tamron-americas.com\/2026-lilac-festival-with-rochester-photo-supply\/","name":"Lilac Festival with Rochester Photo Supply | Tamron","isPartOf":{"@id":"https:\/\/tamron-americas.com\/#website"},"datePublished":"2026-04-29T16:56:21+00:00","dateModified":"2026-04-29T16:56:29+00:00","description":"Join Rochester Photo Supply at the 128th Rochester Lilac Festival at Highland Park in Rochester, NY.","breadcrumb":{"@id":"https:\/\/tamron-americas.com\/2026-lilac-festival-with-rochester-photo-supply\/#breadcrumb"},"inLanguage":"pt-BR","potentialAction":[{"@type":"ReadAction","target":["https:\/\/tamron-americas.com\/2026-lilac-festival-with-rochester-photo-supply\/"]}]},{"@type":"BreadcrumbList","@id":"https:\/\/tamron-americas.com\/2026-lilac-festival-with-rochester-photo-supply\/#breadcrumb","itemListElement":[{"@type":"ListItem","position":1,"name":"Home","item":"https:\/\/tamron-americas.com\/"},{"@type":"ListItem","position":2,"name":"2026 Lilac Festival with Rochester Photo Supply"}]},{"@type":"WebSite","@id":"https:\/\/tamron-americas.com\/#website","url":"https:\/\/tamron-americas.com\/","name":"Tamron Americas","description":"","publisher":{"@id":"https:\/\/tamron-americas.com\/#organization"},"potentialAction":[{"@type":"SearchAction","target":{"@type":"EntryPoint","urlTemplate":"https:\/\/tamron-americas.com\/?s={search_term_string}"},"query-input":{"@type":"PropertyValueSpecification","valueRequired":true,"valueName":"search_term_string"}}],"inLanguage":"pt-BR"},{"@type":"Organization","@id":"https:\/\/tamron-americas.com\/#organization","name":"Tamron USA","url":"https:\/\/tamron-americas.com\/","logo":{"@type":"ImageObject","inLanguage":"pt-BR","@id":"https:\/\/tamron-americas.com\/#\/schema\/logo\/image\/","url":"https:\/\/tamron-americas.com\/wp-content\/uploads\/2024\/07\/logo.svg","contentUrl":"https:\/\/tamron-americas.com\/wp-content\/uploads\/2024\/07\/logo.svg","width":190,"height":31,"caption":"Tamron USA"},"image":{"@id":"https:\/\/tamron-americas.com\/#\/schema\/logo\/image\/"}},{"@type":"Person","@id":"https:\/\/tamron-americas.com\/#\/schema\/person\/0c5a8453f7637345176beaf26a3b3670","name":"evans@tamron.com"}]}},"_links":{"self":[{"href":"https:\/\/tamron-americas.com\/pt\/wp-json\/wp\/v2\/posts\/19504","targetHints":{"allow":["GET"]}}],"collection":[{"href":"https:\/\/tamron-americas.com\/pt\/wp-json\/wp\/v2\/posts"}],"about":[{"href":"https:\/\/tamron-americas.com\/pt\/wp-json\/wp\/v2\/types\/post"}],"author":[{"embeddable":true,"href":"https:\/\/tamron-americas.com\/pt\/wp-json\/wp\/v2\/users\/7"}],"replies":[{"embeddable":true,"href":"https:\/\/tamron-americas.com\/pt\/wp-json\/wp\/v2\/comments?post=19504"}],"version-history":[{"count":0,"href":"https:\/\/tamron-americas.com\/pt\/wp-json\/wp\/v2\/posts\/19504\/revisions"}],"wp:attachment":[{"href":"https:\/\/tamron-americas.com\/pt\/wp-json\/wp\/v2\/media?parent=19504"}],"wp:term":[{"taxonomy":"category","embeddable":true,"href":"https:\/\/tamron-americas.com\/pt\/wp-json\/wp\/v2\/categories?post=19504"},{"taxonomy":"post_tag","embeddable":true,"href":"https:\/\/tamron-americas.com\/pt\/wp-json\/wp\/v2\/tags?post=19504"}],"curies":[{"name":"wp","href":"https:\/\/api.w.org\/{rel}","templated":true}]}},{"id":19503,"date":"2026-04-29T12:36:59","date_gmt":"2026-04-29T16:36:59","guid":{"rendered":"https:\/\/tamron-americas.com\/?p=19503"},"modified":"2026-04-29T12:37:09","modified_gmt":"2026-04-29T16:37:09","slug":"2026-dia-da-tamron-na-camera-de-green-mountain","status":"publish","type":"post","link":"https:\/\/tamron-americas.com\/pt\/2026-tamron-day-at-green-mountain-camera\/","title":{"rendered":"2026 Dia da Tamron na Green Mountain Camera"},"content":{"rendered":"","protected":false},"excerpt":{"rendered":"","protected":false},"author":7,"featured_media":0,"comment_status":"closed","ping_status":"open","sticky":false,"template":"","format":"standard","meta":{"_acf_changed":true,"site-sidebar-layout":"default","site-content-layout":"","ast-site-content-layout":"","site-content-style":"default","site-sidebar-style":"default","ast-global-header-display":"","ast-banner-title-visibility":"","ast-main-header-display":"","ast-hfb-above-header-display":"","ast-hfb-below-header-display":"","ast-hfb-mobile-header-display":"","site-post-title":"","ast-breadcrumbs-content":"","ast-featured-img":"","footer-sml-layout":"","ast-disable-related-posts":"","theme-transparent-header-meta":"","adv-header-id-meta":"","stick-header-meta":"","header-above-stick-meta":"","header-main-stick-meta":"","header-below-stick-meta":"","astra-migrate-meta-layouts":"default","ast-page-background-enabled":"default","ast-page-background-meta":{"desktop":{"background-color":"var(--ast-global-color-4)","background-image":"","background-repeat":"repeat","background-position":"center center","background-size":"auto","background-attachment":"scroll","background-type":"","background-media":"","overlay-type":"","overlay-color":"","overlay-opacity":"","overlay-gradient":""},"tablet":{"background-color":"","background-image":"","background-repeat":"repeat","background-position":"center center","background-size":"auto","background-attachment":"scroll","background-type":"","background-media":"","overlay-type":"","overlay-color":"","overlay-opacity":"","overlay-gradient":""},"mobile":{"background-color":"","background-image":"","background-repeat":"repeat","background-position":"center center","background-size":"auto","background-attachment":"scroll","background-type":"","background-media":"","overlay-type":"","overlay-color":"","overlay-opacity":"","overlay-gradient":""}},"ast-content-background-meta":{"desktop":{"background-color":"var(--ast-global-color-5)","background-image":"","background-repeat":"repeat","background-position":"center center","background-size":"auto","background-attachment":"scroll","background-type":"","background-media":"","overlay-type":"","overlay-color":"","overlay-opacity":"","overlay-gradient":""},"tablet":{"background-color":"var(--ast-global-color-5)","background-image":"","background-repeat":"repeat","background-position":"center center","background-size":"auto","background-attachment":"scroll","background-type":"","background-media":"","overlay-type":"","overlay-color":"","overlay-opacity":"","overlay-gradient":""},"mobile":{"background-color":"var(--ast-global-color-5)","background-image":"","background-repeat":"repeat","background-position":"center center","background-size":"auto","background-attachment":"scroll","background-type":"","background-media":"","overlay-type":"","overlay-color":"","overlay-opacity":"","overlay-gradient":""}},"footnotes":""},"categories":[81],"tags":[],"class_list":["post-19503","post","type-post","status-publish","format-standard","hentry","category-events"],"acf":[],"yoast_head":"<!-- This site is optimized with the Yoast SEO Premium plugin v27.4 (Yoast SEO v27.4) - https:\/\/yoast.com\/product\/yoast-seo-premium-wordpress\/ -->\n<title>Tamron Day at Green Mountain Camera | Tamron<\/title>\n<meta name=\"description\" content=\"Join Tamron at Green Mountain Camera to see the latest lenses and talk with the sales rep about other new exciting things.\" \/>\n<meta name=\"robots\" content=\"index, follow, max-snippet:-1, max-image-preview:large, max-video-preview:-1\" \/>\n<link rel=\"canonical\" href=\"https:\/\/tamron-americas.com\/pt\/2026-dia-da-tamron-na-camera-de-green-mountain\/\" \/>\n<meta property=\"og:locale\" content=\"pt_BR\" \/>\n<meta property=\"og:type\" content=\"article\" \/>\n<meta property=\"og:title\" content=\"2026 Tamron Day at Green Mountain Camera\" \/>\n<meta property=\"og:description\" content=\"Join Tamron at Green Mountain Camera to see the latest lenses and talk with the sales rep about other new exciting things.\" \/>\n<meta property=\"og:url\" content=\"https:\/\/tamron-americas.com\/pt\/2026-dia-da-tamron-na-camera-de-green-mountain\/\" \/>\n<meta property=\"og:site_name\" content=\"Tamron Americas\" \/>\n<meta property=\"article:published_time\" content=\"2026-04-29T16:36:59+00:00\" \/>\n<meta property=\"article:modified_time\" content=\"2026-04-29T16:37:09+00:00\" \/>\n<meta name=\"author\" content=\"evans@tamron.com\" \/>\n<meta name=\"twitter:card\" content=\"summary_large_image\" \/>\n<meta name=\"twitter:label1\" content=\"Escrito por\" \/>\n\t<meta name=\"twitter:data1\" content=\"evans@tamron.com\" \/>\n<script type=\"application\/ld+json\" class=\"yoast-schema-graph\">{\"@context\":\"https:\\\/\\\/schema.org\",\"@graph\":[{\"@type\":\"Article\",\"@id\":\"https:\\\/\\\/tamron-americas.com\\\/2026-tamron-day-at-green-mountain-camera\\\/#article\",\"isPartOf\":{\"@id\":\"https:\\\/\\\/tamron-americas.com\\\/2026-tamron-day-at-green-mountain-camera\\\/\"},\"author\":{\"name\":\"evans@tamron.com\",\"@id\":\"https:\\\/\\\/tamron-americas.com\\\/#\\\/schema\\\/person\\\/0c5a8453f7637345176beaf26a3b3670\"},\"headline\":\"2026 Tamron Day at Green Mountain Camera\",\"datePublished\":\"2026-04-29T16:36:59+00:00\",\"dateModified\":\"2026-04-29T16:37:09+00:00\",\"mainEntityOfPage\":{\"@id\":\"https:\\\/\\\/tamron-americas.com\\\/2026-tamron-day-at-green-mountain-camera\\\/\"},\"wordCount\":6,\"publisher\":{\"@id\":\"https:\\\/\\\/tamron-americas.com\\\/#organization\"},\"articleSection\":[\"Events\"],\"inLanguage\":\"pt-BR\"},{\"@type\":\"WebPage\",\"@id\":\"https:\\\/\\\/tamron-americas.com\\\/2026-tamron-day-at-green-mountain-camera\\\/\",\"url\":\"https:\\\/\\\/tamron-americas.com\\\/2026-tamron-day-at-green-mountain-camera\\\/\",\"name\":\"Tamron Day at Green Mountain Camera | Tamron\",\"isPartOf\":{\"@id\":\"https:\\\/\\\/tamron-americas.com\\\/#website\"},\"datePublished\":\"2026-04-29T16:36:59+00:00\",\"dateModified\":\"2026-04-29T16:37:09+00:00\",\"description\":\"Join Tamron at Green Mountain Camera to see the latest lenses and talk with the sales rep about other new exciting things.\",\"breadcrumb\":{\"@id\":\"https:\\\/\\\/tamron-americas.com\\\/2026-tamron-day-at-green-mountain-camera\\\/#breadcrumb\"},\"inLanguage\":\"pt-BR\",\"potentialAction\":[{\"@type\":\"ReadAction\",\"target\":[\"https:\\\/\\\/tamron-americas.com\\\/2026-tamron-day-at-green-mountain-camera\\\/\"]}]},{\"@type\":\"BreadcrumbList\",\"@id\":\"https:\\\/\\\/tamron-americas.com\\\/2026-tamron-day-at-green-mountain-camera\\\/#breadcrumb\",\"itemListElement\":[{\"@type\":\"ListItem\",\"position\":1,\"name\":\"Home\",\"item\":\"https:\\\/\\\/tamron-americas.com\\\/\"},{\"@type\":\"ListItem\",\"position\":2,\"name\":\"2026 Tamron Day at Green Mountain Camera\"}]},{\"@type\":\"WebSite\",\"@id\":\"https:\\\/\\\/tamron-americas.com\\\/#website\",\"url\":\"https:\\\/\\\/tamron-americas.com\\\/\",\"name\":\"Tamron Americas\",\"description\":\"\",\"publisher\":{\"@id\":\"https:\\\/\\\/tamron-americas.com\\\/#organization\"},\"potentialAction\":[{\"@type\":\"SearchAction\",\"target\":{\"@type\":\"EntryPoint\",\"urlTemplate\":\"https:\\\/\\\/tamron-americas.com\\\/?s={search_term_string}\"},\"query-input\":{\"@type\":\"PropertyValueSpecification\",\"valueRequired\":true,\"valueName\":\"search_term_string\"}}],\"inLanguage\":\"pt-BR\"},{\"@type\":\"Organization\",\"@id\":\"https:\\\/\\\/tamron-americas.com\\\/#organization\",\"name\":\"Tamron USA\",\"url\":\"https:\\\/\\\/tamron-americas.com\\\/\",\"logo\":{\"@type\":\"ImageObject\",\"inLanguage\":\"pt-BR\",\"@id\":\"https:\\\/\\\/tamron-americas.com\\\/#\\\/schema\\\/logo\\\/image\\\/\",\"url\":\"https:\\\/\\\/tamron-americas.com\\\/wp-content\\\/uploads\\\/2024\\\/07\\\/logo.svg\",\"contentUrl\":\"https:\\\/\\\/tamron-americas.com\\\/wp-content\\\/uploads\\\/2024\\\/07\\\/logo.svg\",\"width\":190,\"height\":31,\"caption\":\"Tamron USA\"},\"image\":{\"@id\":\"https:\\\/\\\/tamron-americas.com\\\/#\\\/schema\\\/logo\\\/image\\\/\"}},{\"@type\":\"Person\",\"@id\":\"https:\\\/\\\/tamron-americas.com\\\/#\\\/schema\\\/person\\\/0c5a8453f7637345176beaf26a3b3670\",\"name\":\"evans@tamron.com\"}]}<\/script>\n<!-- \/ Yoast SEO Premium plugin. -->","yoast_head_json":{"title":"Tamron Day na Green Mountain Camera | Tamron","description":"Junte-se \u00e0 Tamron na Green Mountain Camera para ver as lentes mais recentes e conversar com o representante de vendas sobre outras novidades.","robots":{"index":"index","follow":"follow","max-snippet":"max-snippet:-1","max-image-preview":"max-image-preview:large","max-video-preview":"max-video-preview:-1"},"canonical":"https:\/\/tamron-americas.com\/pt\/2026-dia-da-tamron-na-camera-de-green-mountain\/","og_locale":"pt_BR","og_type":"article","og_title":"2026 Tamron Day at Green Mountain Camera","og_description":"Join Tamron at Green Mountain Camera to see the latest lenses and talk with the sales rep about other new exciting things.","og_url":"https:\/\/tamron-americas.com\/pt\/2026-dia-da-tamron-na-camera-de-green-mountain\/","og_site_name":"Tamron Americas","article_published_time":"2026-04-29T16:36:59+00:00","article_modified_time":"2026-04-29T16:37:09+00:00","author":"evans@tamron.com","twitter_card":"summary_large_image","twitter_misc":{"Escrito por":"evans@tamron.com"},"schema":{"@context":"https:\/\/schema.org","@graph":[{"@type":"Article","@id":"https:\/\/tamron-americas.com\/2026-tamron-day-at-green-mountain-camera\/#article","isPartOf":{"@id":"https:\/\/tamron-americas.com\/2026-tamron-day-at-green-mountain-camera\/"},"author":{"name":"evans@tamron.com","@id":"https:\/\/tamron-americas.com\/#\/schema\/person\/0c5a8453f7637345176beaf26a3b3670"},"headline":"2026 Tamron Day at Green Mountain Camera","datePublished":"2026-04-29T16:36:59+00:00","dateModified":"2026-04-29T16:37:09+00:00","mainEntityOfPage":{"@id":"https:\/\/tamron-americas.com\/2026-tamron-day-at-green-mountain-camera\/"},"wordCount":6,"publisher":{"@id":"https:\/\/tamron-americas.com\/#organization"},"articleSection":["Events"],"inLanguage":"pt-BR"},{"@type":"WebPage","@id":"https:\/\/tamron-americas.com\/2026-tamron-day-at-green-mountain-camera\/","url":"https:\/\/tamron-americas.com\/2026-tamron-day-at-green-mountain-camera\/","name":"Tamron Day at Green Mountain Camera | Tamron","isPartOf":{"@id":"https:\/\/tamron-americas.com\/#website"},"datePublished":"2026-04-29T16:36:59+00:00","dateModified":"2026-04-29T16:37:09+00:00","description":"Join Tamron at Green Mountain Camera to see the latest lenses and talk with the sales rep about other new exciting things.","breadcrumb":{"@id":"https:\/\/tamron-americas.com\/2026-tamron-day-at-green-mountain-camera\/#breadcrumb"},"inLanguage":"pt-BR","potentialAction":[{"@type":"ReadAction","target":["https:\/\/tamron-americas.com\/2026-tamron-day-at-green-mountain-camera\/"]}]},{"@type":"BreadcrumbList","@id":"https:\/\/tamron-americas.com\/2026-tamron-day-at-green-mountain-camera\/#breadcrumb","itemListElement":[{"@type":"ListItem","position":1,"name":"Home","item":"https:\/\/tamron-americas.com\/"},{"@type":"ListItem","position":2,"name":"2026 Tamron Day at Green Mountain Camera"}]},{"@type":"WebSite","@id":"https:\/\/tamron-americas.com\/#website","url":"https:\/\/tamron-americas.com\/","name":"Tamron Americas","description":"","publisher":{"@id":"https:\/\/tamron-americas.com\/#organization"},"potentialAction":[{"@type":"SearchAction","target":{"@type":"EntryPoint","urlTemplate":"https:\/\/tamron-americas.com\/?s={search_term_string}"},"query-input":{"@type":"PropertyValueSpecification","valueRequired":true,"valueName":"search_term_string"}}],"inLanguage":"pt-BR"},{"@type":"Organization","@id":"https:\/\/tamron-americas.com\/#organization","name":"Tamron USA","url":"https:\/\/tamron-americas.com\/","logo":{"@type":"ImageObject","inLanguage":"pt-BR","@id":"https:\/\/tamron-americas.com\/#\/schema\/logo\/image\/","url":"https:\/\/tamron-americas.com\/wp-content\/uploads\/2024\/07\/logo.svg","contentUrl":"https:\/\/tamron-americas.com\/wp-content\/uploads\/2024\/07\/logo.svg","width":190,"height":31,"caption":"Tamron USA"},"image":{"@id":"https:\/\/tamron-americas.com\/#\/schema\/logo\/image\/"}},{"@type":"Person","@id":"https:\/\/tamron-americas.com\/#\/schema\/person\/0c5a8453f7637345176beaf26a3b3670","name":"evans@tamron.com"}]}},"_links":{"self":[{"href":"https:\/\/tamron-americas.com\/pt\/wp-json\/wp\/v2\/posts\/19503","targetHints":{"allow":["GET"]}}],"collection":[{"href":"https:\/\/tamron-americas.com\/pt\/wp-json\/wp\/v2\/posts"}],"about":[{"href":"https:\/\/tamron-americas.com\/pt\/wp-json\/wp\/v2\/types\/post"}],"author":[{"embeddable":true,"href":"https:\/\/tamron-americas.com\/pt\/wp-json\/wp\/v2\/users\/7"}],"replies":[{"embeddable":true,"href":"https:\/\/tamron-americas.com\/pt\/wp-json\/wp\/v2\/comments?post=19503"}],"version-history":[{"count":0,"href":"https:\/\/tamron-americas.com\/pt\/wp-json\/wp\/v2\/posts\/19503\/revisions"}],"wp:attachment":[{"href":"https:\/\/tamron-americas.com\/pt\/wp-json\/wp\/v2\/media?parent=19503"}],"wp:term":[{"taxonomy":"category","embeddable":true,"href":"https:\/\/tamron-americas.com\/pt\/wp-json\/wp\/v2\/categories?post=19503"},{"taxonomy":"post_tag","embeddable":true,"href":"https:\/\/tamron-americas.com\/pt\/wp-json\/wp\/v2\/tags?post=19503"}],"curies":[{"name":"wp","href":"https:\/\/api.w.org\/{rel}","templated":true}]}},{"id":19501,"date":"2026-04-29T12:24:53","date_gmt":"2026-04-29T16:24:53","guid":{"rendered":"https:\/\/tamron-americas.com\/?p=19501"},"modified":"2026-04-29T12:24:56","modified_gmt":"2026-04-29T16:24:56","slug":"2026-24a-exposicao-anual-de-maio-de-fotos-de-cacadas","status":"publish","type":"post","link":"https:\/\/tamron-americas.com\/pt\/2026-24th-annual-hunts-photo-may-expo\/","title":{"rendered":"2026 24\u00aa Exposi\u00e7\u00e3o Anual de Fotos do Hunt em maio"},"content":{"rendered":"","protected":false},"excerpt":{"rendered":"","protected":false},"author":7,"featured_media":0,"comment_status":"closed","ping_status":"open","sticky":false,"template":"","format":"standard","meta":{"_acf_changed":true,"site-sidebar-layout":"default","site-content-layout":"","ast-site-content-layout":"","site-content-style":"default","site-sidebar-style":"default","ast-global-header-display":"","ast-banner-title-visibility":"","ast-main-header-display":"","ast-hfb-above-header-display":"","ast-hfb-below-header-display":"","ast-hfb-mobile-header-display":"","site-post-title":"","ast-breadcrumbs-content":"","ast-featured-img":"","footer-sml-layout":"","ast-disable-related-posts":"","theme-transparent-header-meta":"","adv-header-id-meta":"","stick-header-meta":"","header-above-stick-meta":"","header-main-stick-meta":"","header-below-stick-meta":"","astra-migrate-meta-layouts":"default","ast-page-background-enabled":"default","ast-page-background-meta":{"desktop":{"background-color":"var(--ast-global-color-4)","background-image":"","background-repeat":"repeat","background-position":"center center","background-size":"auto","background-attachment":"scroll","background-type":"","background-media":"","overlay-type":"","overlay-color":"","overlay-opacity":"","overlay-gradient":""},"tablet":{"background-color":"","background-image":"","background-repeat":"repeat","background-position":"center center","background-size":"auto","background-attachment":"scroll","background-type":"","background-media":"","overlay-type":"","overlay-color":"","overlay-opacity":"","overlay-gradient":""},"mobile":{"background-color":"","background-image":"","background-repeat":"repeat","background-position":"center center","background-size":"auto","background-attachment":"scroll","background-type":"","background-media":"","overlay-type":"","overlay-color":"","overlay-opacity":"","overlay-gradient":""}},"ast-content-background-meta":{"desktop":{"background-color":"var(--ast-global-color-5)","background-image":"","background-repeat":"repeat","background-position":"center center","background-size":"auto","background-attachment":"scroll","background-type":"","background-media":"","overlay-type":"","overlay-color":"","overlay-opacity":"","overlay-gradient":""},"tablet":{"background-color":"var(--ast-global-color-5)","background-image":"","background-repeat":"repeat","background-position":"center center","background-size":"auto","background-attachment":"scroll","background-type":"","background-media":"","overlay-type":"","overlay-color":"","overlay-opacity":"","overlay-gradient":""},"mobile":{"background-color":"var(--ast-global-color-5)","background-image":"","background-repeat":"repeat","background-position":"center center","background-size":"auto","background-attachment":"scroll","background-type":"","background-media":"","overlay-type":"","overlay-color":"","overlay-opacity":"","overlay-gradient":""}},"footnotes":""},"categories":[81],"tags":[],"class_list":["post-19501","post","type-post","status-publish","format-standard","hentry","category-events"],"acf":[],"yoast_head":"<!-- This site is optimized with the Yoast SEO Premium plugin v27.4 (Yoast SEO v27.4) - https:\/\/yoast.com\/product\/yoast-seo-premium-wordpress\/ -->\n<title>24th Annual Hunt&#039;s Photo May EXPO | Tamron<\/title>\n<meta name=\"description\" content=\"Hunt&#039;s Photo 24th Annual Expo with free seminars, trade-in promotions, big savings and much more.\" \/>\n<meta name=\"robots\" content=\"index, follow, max-snippet:-1, max-image-preview:large, max-video-preview:-1\" \/>\n<link rel=\"canonical\" href=\"https:\/\/tamron-americas.com\/pt\/2026-24a-exposicao-anual-de-maio-de-fotos-de-cacadas\/\" \/>\n<meta property=\"og:locale\" content=\"pt_BR\" \/>\n<meta property=\"og:type\" content=\"article\" \/>\n<meta property=\"og:title\" content=\"2026 24th Annual Hunt&#039;s Photo May EXPO\" \/>\n<meta property=\"og:description\" content=\"Hunt&#039;s Photo 24th Annual Expo with free seminars, trade-in promotions, big savings and much more.\" \/>\n<meta property=\"og:url\" content=\"https:\/\/tamron-americas.com\/pt\/2026-24a-exposicao-anual-de-maio-de-fotos-de-cacadas\/\" \/>\n<meta property=\"og:site_name\" content=\"Tamron Americas\" \/>\n<meta property=\"article:published_time\" content=\"2026-04-29T16:24:53+00:00\" \/>\n<meta property=\"article:modified_time\" content=\"2026-04-29T16:24:56+00:00\" \/>\n<meta name=\"author\" content=\"evans@tamron.com\" \/>\n<meta name=\"twitter:card\" content=\"summary_large_image\" \/>\n<meta name=\"twitter:label1\" content=\"Escrito por\" \/>\n\t<meta name=\"twitter:data1\" content=\"evans@tamron.com\" \/>\n<script type=\"application\/ld+json\" class=\"yoast-schema-graph\">{\"@context\":\"https:\\\/\\\/schema.org\",\"@graph\":[{\"@type\":\"Article\",\"@id\":\"https:\\\/\\\/tamron-americas.com\\\/2026-24th-annual-hunts-photo-may-expo\\\/#article\",\"isPartOf\":{\"@id\":\"https:\\\/\\\/tamron-americas.com\\\/2026-24th-annual-hunts-photo-may-expo\\\/\"},\"author\":{\"name\":\"evans@tamron.com\",\"@id\":\"https:\\\/\\\/tamron-americas.com\\\/#\\\/schema\\\/person\\\/0c5a8453f7637345176beaf26a3b3670\"},\"headline\":\"2026 24th Annual Hunt&#8217;s Photo May EXPO\",\"datePublished\":\"2026-04-29T16:24:53+00:00\",\"dateModified\":\"2026-04-29T16:24:56+00:00\",\"mainEntityOfPage\":{\"@id\":\"https:\\\/\\\/tamron-americas.com\\\/2026-24th-annual-hunts-photo-may-expo\\\/\"},\"wordCount\":7,\"publisher\":{\"@id\":\"https:\\\/\\\/tamron-americas.com\\\/#organization\"},\"articleSection\":[\"Events\"],\"inLanguage\":\"pt-BR\"},{\"@type\":\"WebPage\",\"@id\":\"https:\\\/\\\/tamron-americas.com\\\/2026-24th-annual-hunts-photo-may-expo\\\/\",\"url\":\"https:\\\/\\\/tamron-americas.com\\\/2026-24th-annual-hunts-photo-may-expo\\\/\",\"name\":\"24th Annual Hunt's Photo May EXPO | Tamron\",\"isPartOf\":{\"@id\":\"https:\\\/\\\/tamron-americas.com\\\/#website\"},\"datePublished\":\"2026-04-29T16:24:53+00:00\",\"dateModified\":\"2026-04-29T16:24:56+00:00\",\"description\":\"Hunt's Photo 24th Annual Expo with free seminars, trade-in promotions, big savings and much more.\",\"breadcrumb\":{\"@id\":\"https:\\\/\\\/tamron-americas.com\\\/2026-24th-annual-hunts-photo-may-expo\\\/#breadcrumb\"},\"inLanguage\":\"pt-BR\",\"potentialAction\":[{\"@type\":\"ReadAction\",\"target\":[\"https:\\\/\\\/tamron-americas.com\\\/2026-24th-annual-hunts-photo-may-expo\\\/\"]}]},{\"@type\":\"BreadcrumbList\",\"@id\":\"https:\\\/\\\/tamron-americas.com\\\/2026-24th-annual-hunts-photo-may-expo\\\/#breadcrumb\",\"itemListElement\":[{\"@type\":\"ListItem\",\"position\":1,\"name\":\"Home\",\"item\":\"https:\\\/\\\/tamron-americas.com\\\/\"},{\"@type\":\"ListItem\",\"position\":2,\"name\":\"2026 24th Annual Hunt&#8217;s Photo May EXPO\"}]},{\"@type\":\"WebSite\",\"@id\":\"https:\\\/\\\/tamron-americas.com\\\/#website\",\"url\":\"https:\\\/\\\/tamron-americas.com\\\/\",\"name\":\"Tamron Americas\",\"description\":\"\",\"publisher\":{\"@id\":\"https:\\\/\\\/tamron-americas.com\\\/#organization\"},\"potentialAction\":[{\"@type\":\"SearchAction\",\"target\":{\"@type\":\"EntryPoint\",\"urlTemplate\":\"https:\\\/\\\/tamron-americas.com\\\/?s={search_term_string}\"},\"query-input\":{\"@type\":\"PropertyValueSpecification\",\"valueRequired\":true,\"valueName\":\"search_term_string\"}}],\"inLanguage\":\"pt-BR\"},{\"@type\":\"Organization\",\"@id\":\"https:\\\/\\\/tamron-americas.com\\\/#organization\",\"name\":\"Tamron USA\",\"url\":\"https:\\\/\\\/tamron-americas.com\\\/\",\"logo\":{\"@type\":\"ImageObject\",\"inLanguage\":\"pt-BR\",\"@id\":\"https:\\\/\\\/tamron-americas.com\\\/#\\\/schema\\\/logo\\\/image\\\/\",\"url\":\"https:\\\/\\\/tamron-americas.com\\\/wp-content\\\/uploads\\\/2024\\\/07\\\/logo.svg\",\"contentUrl\":\"https:\\\/\\\/tamron-americas.com\\\/wp-content\\\/uploads\\\/2024\\\/07\\\/logo.svg\",\"width\":190,\"height\":31,\"caption\":\"Tamron USA\"},\"image\":{\"@id\":\"https:\\\/\\\/tamron-americas.com\\\/#\\\/schema\\\/logo\\\/image\\\/\"}},{\"@type\":\"Person\",\"@id\":\"https:\\\/\\\/tamron-americas.com\\\/#\\\/schema\\\/person\\\/0c5a8453f7637345176beaf26a3b3670\",\"name\":\"evans@tamron.com\"}]}<\/script>\n<!-- \/ Yoast SEO Premium plugin. -->","yoast_head_json":{"title":"24\u00aa EXPO anual de maio da Hunt's Photo | Tamron","description":"24\u00aa Exposi\u00e7\u00e3o Anual da Hunt's Photo com semin\u00e1rios gratuitos, promo\u00e7\u00f5es de troca, grandes descontos e muito mais.","robots":{"index":"index","follow":"follow","max-snippet":"max-snippet:-1","max-image-preview":"max-image-preview:large","max-video-preview":"max-video-preview:-1"},"canonical":"https:\/\/tamron-americas.com\/pt\/2026-24a-exposicao-anual-de-maio-de-fotos-de-cacadas\/","og_locale":"pt_BR","og_type":"article","og_title":"2026 24th Annual Hunt's Photo May EXPO","og_description":"Hunt's Photo 24th Annual Expo with free seminars, trade-in promotions, big savings and much more.","og_url":"https:\/\/tamron-americas.com\/pt\/2026-24a-exposicao-anual-de-maio-de-fotos-de-cacadas\/","og_site_name":"Tamron Americas","article_published_time":"2026-04-29T16:24:53+00:00","article_modified_time":"2026-04-29T16:24:56+00:00","author":"evans@tamron.com","twitter_card":"summary_large_image","twitter_misc":{"Escrito por":"evans@tamron.com"},"schema":{"@context":"https:\/\/schema.org","@graph":[{"@type":"Article","@id":"https:\/\/tamron-americas.com\/2026-24th-annual-hunts-photo-may-expo\/#article","isPartOf":{"@id":"https:\/\/tamron-americas.com\/2026-24th-annual-hunts-photo-may-expo\/"},"author":{"name":"evans@tamron.com","@id":"https:\/\/tamron-americas.com\/#\/schema\/person\/0c5a8453f7637345176beaf26a3b3670"},"headline":"2026 24th Annual Hunt&#8217;s Photo May EXPO","datePublished":"2026-04-29T16:24:53+00:00","dateModified":"2026-04-29T16:24:56+00:00","mainEntityOfPage":{"@id":"https:\/\/tamron-americas.com\/2026-24th-annual-hunts-photo-may-expo\/"},"wordCount":7,"publisher":{"@id":"https:\/\/tamron-americas.com\/#organization"},"articleSection":["Events"],"inLanguage":"pt-BR"},{"@type":"WebPage","@id":"https:\/\/tamron-americas.com\/2026-24th-annual-hunts-photo-may-expo\/","url":"https:\/\/tamron-americas.com\/2026-24th-annual-hunts-photo-may-expo\/","name":"24th Annual Hunt's Photo May EXPO | Tamron","isPartOf":{"@id":"https:\/\/tamron-americas.com\/#website"},"datePublished":"2026-04-29T16:24:53+00:00","dateModified":"2026-04-29T16:24:56+00:00","description":"Hunt's Photo 24th Annual Expo with free seminars, trade-in promotions, big savings and much more.","breadcrumb":{"@id":"https:\/\/tamron-americas.com\/2026-24th-annual-hunts-photo-may-expo\/#breadcrumb"},"inLanguage":"pt-BR","potentialAction":[{"@type":"ReadAction","target":["https:\/\/tamron-americas.com\/2026-24th-annual-hunts-photo-may-expo\/"]}]},{"@type":"BreadcrumbList","@id":"https:\/\/tamron-americas.com\/2026-24th-annual-hunts-photo-may-expo\/#breadcrumb","itemListElement":[{"@type":"ListItem","position":1,"name":"Home","item":"https:\/\/tamron-americas.com\/"},{"@type":"ListItem","position":2,"name":"2026 24th Annual Hunt&#8217;s Photo May EXPO"}]},{"@type":"WebSite","@id":"https:\/\/tamron-americas.com\/#website","url":"https:\/\/tamron-americas.com\/","name":"Tamron Americas","description":"","publisher":{"@id":"https:\/\/tamron-americas.com\/#organization"},"potentialAction":[{"@type":"SearchAction","target":{"@type":"EntryPoint","urlTemplate":"https:\/\/tamron-americas.com\/?s={search_term_string}"},"query-input":{"@type":"PropertyValueSpecification","valueRequired":true,"valueName":"search_term_string"}}],"inLanguage":"pt-BR"},{"@type":"Organization","@id":"https:\/\/tamron-americas.com\/#organization","name":"Tamron USA","url":"https:\/\/tamron-americas.com\/","logo":{"@type":"ImageObject","inLanguage":"pt-BR","@id":"https:\/\/tamron-americas.com\/#\/schema\/logo\/image\/","url":"https:\/\/tamron-americas.com\/wp-content\/uploads\/2024\/07\/logo.svg","contentUrl":"https:\/\/tamron-americas.com\/wp-content\/uploads\/2024\/07\/logo.svg","width":190,"height":31,"caption":"Tamron USA"},"image":{"@id":"https:\/\/tamron-americas.com\/#\/schema\/logo\/image\/"}},{"@type":"Person","@id":"https:\/\/tamron-americas.com\/#\/schema\/person\/0c5a8453f7637345176beaf26a3b3670","name":"evans@tamron.com"}]}},"_links":{"self":[{"href":"https:\/\/tamron-americas.com\/pt\/wp-json\/wp\/v2\/posts\/19501","targetHints":{"allow":["GET"]}}],"collection":[{"href":"https:\/\/tamron-americas.com\/pt\/wp-json\/wp\/v2\/posts"}],"about":[{"href":"https:\/\/tamron-americas.com\/pt\/wp-json\/wp\/v2\/types\/post"}],"author":[{"embeddable":true,"href":"https:\/\/tamron-americas.com\/pt\/wp-json\/wp\/v2\/users\/7"}],"replies":[{"embeddable":true,"href":"https:\/\/tamron-americas.com\/pt\/wp-json\/wp\/v2\/comments?post=19501"}],"version-history":[{"count":0,"href":"https:\/\/tamron-americas.com\/pt\/wp-json\/wp\/v2\/posts\/19501\/revisions"}],"wp:attachment":[{"href":"https:\/\/tamron-americas.com\/pt\/wp-json\/wp\/v2\/media?parent=19501"}],"wp:term":[{"taxonomy":"category","embeddable":true,"href":"https:\/\/tamron-americas.com\/pt\/wp-json\/wp\/v2\/categories?post=19501"},{"taxonomy":"post_tag","embeddable":true,"href":"https:\/\/tamron-americas.com\/pt\/wp-json\/wp\/v2\/tags?post=19501"}],"curies":[{"name":"wp","href":"https:\/\/api.w.org\/{rel}","templated":true}]}},{"id":19473,"date":"2026-04-29T10:59:57","date_gmt":"2026-04-29T14:59:57","guid":{"rendered":"https:\/\/tamron-americas.com\/?p=19473"},"modified":"2026-04-29T10:59:59","modified_gmt":"2026-04-29T14:59:59","slug":"25o-aniversario-das-cameras-oc-2026","status":"publish","type":"post","link":"https:\/\/tamron-americas.com\/pt\/2026-oc-cameras-25th-anniversary\/","title":{"rendered":"2026 25\u00ba anivers\u00e1rio da OC Camera"},"content":{"rendered":"","protected":false},"excerpt":{"rendered":"","protected":false},"author":7,"featured_media":0,"comment_status":"closed","ping_status":"open","sticky":false,"template":"","format":"standard","meta":{"_acf_changed":true,"site-sidebar-layout":"default","site-content-layout":"","ast-site-content-layout":"","site-content-style":"default","site-sidebar-style":"default","ast-global-header-display":"","ast-banner-title-visibility":"","ast-main-header-display":"","ast-hfb-above-header-display":"","ast-hfb-below-header-display":"","ast-hfb-mobile-header-display":"","site-post-title":"","ast-breadcrumbs-content":"","ast-featured-img":"","footer-sml-layout":"","ast-disable-related-posts":"","theme-transparent-header-meta":"","adv-header-id-meta":"","stick-header-meta":"","header-above-stick-meta":"","header-main-stick-meta":"","header-below-stick-meta":"","astra-migrate-meta-layouts":"default","ast-page-background-enabled":"default","ast-page-background-meta":{"desktop":{"background-color":"var(--ast-global-color-4)","background-image":"","background-repeat":"repeat","background-position":"center center","background-size":"auto","background-attachment":"scroll","background-type":"","background-media":"","overlay-type":"","overlay-color":"","overlay-opacity":"","overlay-gradient":""},"tablet":{"background-color":"","background-image":"","background-repeat":"repeat","background-position":"center center","background-size":"auto","background-attachment":"scroll","background-type":"","background-media":"","overlay-type":"","overlay-color":"","overlay-opacity":"","overlay-gradient":""},"mobile":{"background-color":"","background-image":"","background-repeat":"repeat","background-position":"center center","background-size":"auto","background-attachment":"scroll","background-type":"","background-media":"","overlay-type":"","overlay-color":"","overlay-opacity":"","overlay-gradient":""}},"ast-content-background-meta":{"desktop":{"background-color":"var(--ast-global-color-5)","background-image":"","background-repeat":"repeat","background-position":"center center","background-size":"auto","background-attachment":"scroll","background-type":"","background-media":"","overlay-type":"","overlay-color":"","overlay-opacity":"","overlay-gradient":""},"tablet":{"background-color":"var(--ast-global-color-5)","background-image":"","background-repeat":"repeat","background-position":"center center","background-size":"auto","background-attachment":"scroll","background-type":"","background-media":"","overlay-type":"","overlay-color":"","overlay-opacity":"","overlay-gradient":""},"mobile":{"background-color":"var(--ast-global-color-5)","background-image":"","background-repeat":"repeat","background-position":"center center","background-size":"auto","background-attachment":"scroll","background-type":"","background-media":"","overlay-type":"","overlay-color":"","overlay-opacity":"","overlay-gradient":""}},"footnotes":""},"categories":[81],"tags":[],"class_list":["post-19473","post","type-post","status-publish","format-standard","hentry","category-events"],"acf":[],"yoast_head":"<!-- This site is optimized with the Yoast SEO Premium plugin v27.4 (Yoast SEO v27.4) - https:\/\/yoast.com\/product\/yoast-seo-premium-wordpress\/ -->\n<title>OC Camera\u2019s 25th Anniversary | Tamron<\/title>\n<meta name=\"description\" content=\"Join us for a full day of excitement, starting with our Demo Day from 10:00 AM to 4:00 PM, where you\u2019ll have the chance to connect with top brand representatives and explore the latest gear.\" \/>\n<meta name=\"robots\" content=\"index, follow, max-snippet:-1, max-image-preview:large, max-video-preview:-1\" \/>\n<link rel=\"canonical\" href=\"https:\/\/tamron-americas.com\/pt\/25o-aniversario-das-cameras-oc-2026\/\" \/>\n<meta property=\"og:locale\" content=\"pt_BR\" \/>\n<meta property=\"og:type\" content=\"article\" \/>\n<meta property=\"og:title\" content=\"2026 OC Camera\u2019s 25th Anniversary\" \/>\n<meta property=\"og:description\" content=\"Join us for a full day of excitement, starting with our Demo Day from 10:00 AM to 4:00 PM, where you\u2019ll have the chance to connect with top brand representatives and explore the latest gear.\" \/>\n<meta property=\"og:url\" content=\"https:\/\/tamron-americas.com\/pt\/25o-aniversario-das-cameras-oc-2026\/\" \/>\n<meta property=\"og:site_name\" content=\"Tamron Americas\" \/>\n<meta property=\"article:published_time\" content=\"2026-04-29T14:59:57+00:00\" \/>\n<meta property=\"article:modified_time\" content=\"2026-04-29T14:59:59+00:00\" \/>\n<meta name=\"author\" content=\"evans@tamron.com\" \/>\n<meta name=\"twitter:card\" content=\"summary_large_image\" \/>\n<meta name=\"twitter:label1\" content=\"Escrito por\" \/>\n\t<meta name=\"twitter:data1\" content=\"evans@tamron.com\" \/>\n<script type=\"application\/ld+json\" class=\"yoast-schema-graph\">{\"@context\":\"https:\\\/\\\/schema.org\",\"@graph\":[{\"@type\":\"Article\",\"@id\":\"https:\\\/\\\/tamron-americas.com\\\/2026-oc-cameras-25th-anniversary\\\/#article\",\"isPartOf\":{\"@id\":\"https:\\\/\\\/tamron-americas.com\\\/2026-oc-cameras-25th-anniversary\\\/\"},\"author\":{\"name\":\"evans@tamron.com\",\"@id\":\"https:\\\/\\\/tamron-americas.com\\\/#\\\/schema\\\/person\\\/0c5a8453f7637345176beaf26a3b3670\"},\"headline\":\"2026 OC Camera\u2019s 25th Anniversary\",\"datePublished\":\"2026-04-29T14:59:57+00:00\",\"dateModified\":\"2026-04-29T14:59:59+00:00\",\"mainEntityOfPage\":{\"@id\":\"https:\\\/\\\/tamron-americas.com\\\/2026-oc-cameras-25th-anniversary\\\/\"},\"wordCount\":5,\"publisher\":{\"@id\":\"https:\\\/\\\/tamron-americas.com\\\/#organization\"},\"articleSection\":[\"Events\"],\"inLanguage\":\"pt-BR\"},{\"@type\":\"WebPage\",\"@id\":\"https:\\\/\\\/tamron-americas.com\\\/2026-oc-cameras-25th-anniversary\\\/\",\"url\":\"https:\\\/\\\/tamron-americas.com\\\/2026-oc-cameras-25th-anniversary\\\/\",\"name\":\"OC Camera\u2019s 25th Anniversary | Tamron\",\"isPartOf\":{\"@id\":\"https:\\\/\\\/tamron-americas.com\\\/#website\"},\"datePublished\":\"2026-04-29T14:59:57+00:00\",\"dateModified\":\"2026-04-29T14:59:59+00:00\",\"description\":\"Join us for a full day of excitement, starting with our Demo Day from 10:00 AM to 4:00 PM, where you\u2019ll have the chance to connect with top brand representatives and explore the latest gear.\",\"breadcrumb\":{\"@id\":\"https:\\\/\\\/tamron-americas.com\\\/2026-oc-cameras-25th-anniversary\\\/#breadcrumb\"},\"inLanguage\":\"pt-BR\",\"potentialAction\":[{\"@type\":\"ReadAction\",\"target\":[\"https:\\\/\\\/tamron-americas.com\\\/2026-oc-cameras-25th-anniversary\\\/\"]}]},{\"@type\":\"BreadcrumbList\",\"@id\":\"https:\\\/\\\/tamron-americas.com\\\/2026-oc-cameras-25th-anniversary\\\/#breadcrumb\",\"itemListElement\":[{\"@type\":\"ListItem\",\"position\":1,\"name\":\"Home\",\"item\":\"https:\\\/\\\/tamron-americas.com\\\/\"},{\"@type\":\"ListItem\",\"position\":2,\"name\":\"2026 OC Camera\u2019s 25th Anniversary\"}]},{\"@type\":\"WebSite\",\"@id\":\"https:\\\/\\\/tamron-americas.com\\\/#website\",\"url\":\"https:\\\/\\\/tamron-americas.com\\\/\",\"name\":\"Tamron Americas\",\"description\":\"\",\"publisher\":{\"@id\":\"https:\\\/\\\/tamron-americas.com\\\/#organization\"},\"potentialAction\":[{\"@type\":\"SearchAction\",\"target\":{\"@type\":\"EntryPoint\",\"urlTemplate\":\"https:\\\/\\\/tamron-americas.com\\\/?s={search_term_string}\"},\"query-input\":{\"@type\":\"PropertyValueSpecification\",\"valueRequired\":true,\"valueName\":\"search_term_string\"}}],\"inLanguage\":\"pt-BR\"},{\"@type\":\"Organization\",\"@id\":\"https:\\\/\\\/tamron-americas.com\\\/#organization\",\"name\":\"Tamron USA\",\"url\":\"https:\\\/\\\/tamron-americas.com\\\/\",\"logo\":{\"@type\":\"ImageObject\",\"inLanguage\":\"pt-BR\",\"@id\":\"https:\\\/\\\/tamron-americas.com\\\/#\\\/schema\\\/logo\\\/image\\\/\",\"url\":\"https:\\\/\\\/tamron-americas.com\\\/wp-content\\\/uploads\\\/2024\\\/07\\\/logo.svg\",\"contentUrl\":\"https:\\\/\\\/tamron-americas.com\\\/wp-content\\\/uploads\\\/2024\\\/07\\\/logo.svg\",\"width\":190,\"height\":31,\"caption\":\"Tamron USA\"},\"image\":{\"@id\":\"https:\\\/\\\/tamron-americas.com\\\/#\\\/schema\\\/logo\\\/image\\\/\"}},{\"@type\":\"Person\",\"@id\":\"https:\\\/\\\/tamron-americas.com\\\/#\\\/schema\\\/person\\\/0c5a8453f7637345176beaf26a3b3670\",\"name\":\"evans@tamron.com\"}]}<\/script>\n<!-- \/ Yoast SEO Premium plugin. -->","yoast_head_json":{"title":"25\u00ba anivers\u00e1rio da OC Camera | Tamron","description":"Junte-se a n\u00f3s para um dia inteiro de emo\u00e7\u00e3o, come\u00e7ando com o nosso Demo Day, das 10h \u00e0s 16h, onde voc\u00ea ter\u00e1 a chance de se conectar com representantes das principais marcas e explorar os equipamentos mais recentes.","robots":{"index":"index","follow":"follow","max-snippet":"max-snippet:-1","max-image-preview":"max-image-preview:large","max-video-preview":"max-video-preview:-1"},"canonical":"https:\/\/tamron-americas.com\/pt\/25o-aniversario-das-cameras-oc-2026\/","og_locale":"pt_BR","og_type":"article","og_title":"2026 OC Camera\u2019s 25th Anniversary","og_description":"Join us for a full day of excitement, starting with our Demo Day from 10:00 AM to 4:00 PM, where you\u2019ll have the chance to connect with top brand representatives and explore the latest gear.","og_url":"https:\/\/tamron-americas.com\/pt\/25o-aniversario-das-cameras-oc-2026\/","og_site_name":"Tamron Americas","article_published_time":"2026-04-29T14:59:57+00:00","article_modified_time":"2026-04-29T14:59:59+00:00","author":"evans@tamron.com","twitter_card":"summary_large_image","twitter_misc":{"Escrito por":"evans@tamron.com"},"schema":{"@context":"https:\/\/schema.org","@graph":[{"@type":"Article","@id":"https:\/\/tamron-americas.com\/2026-oc-cameras-25th-anniversary\/#article","isPartOf":{"@id":"https:\/\/tamron-americas.com\/2026-oc-cameras-25th-anniversary\/"},"author":{"name":"evans@tamron.com","@id":"https:\/\/tamron-americas.com\/#\/schema\/person\/0c5a8453f7637345176beaf26a3b3670"},"headline":"2026 OC Camera\u2019s 25th Anniversary","datePublished":"2026-04-29T14:59:57+00:00","dateModified":"2026-04-29T14:59:59+00:00","mainEntityOfPage":{"@id":"https:\/\/tamron-americas.com\/2026-oc-cameras-25th-anniversary\/"},"wordCount":5,"publisher":{"@id":"https:\/\/tamron-americas.com\/#organization"},"articleSection":["Events"],"inLanguage":"pt-BR"},{"@type":"WebPage","@id":"https:\/\/tamron-americas.com\/2026-oc-cameras-25th-anniversary\/","url":"https:\/\/tamron-americas.com\/2026-oc-cameras-25th-anniversary\/","name":"OC Camera\u2019s 25th Anniversary | Tamron","isPartOf":{"@id":"https:\/\/tamron-americas.com\/#website"},"datePublished":"2026-04-29T14:59:57+00:00","dateModified":"2026-04-29T14:59:59+00:00","description":"Join us for a full day of excitement, starting with our Demo Day from 10:00 AM to 4:00 PM, where you\u2019ll have the chance to connect with top brand representatives and explore the latest gear.","breadcrumb":{"@id":"https:\/\/tamron-americas.com\/2026-oc-cameras-25th-anniversary\/#breadcrumb"},"inLanguage":"pt-BR","potentialAction":[{"@type":"ReadAction","target":["https:\/\/tamron-americas.com\/2026-oc-cameras-25th-anniversary\/"]}]},{"@type":"BreadcrumbList","@id":"https:\/\/tamron-americas.com\/2026-oc-cameras-25th-anniversary\/#breadcrumb","itemListElement":[{"@type":"ListItem","position":1,"name":"Home","item":"https:\/\/tamron-americas.com\/"},{"@type":"ListItem","position":2,"name":"2026 OC Camera\u2019s 25th Anniversary"}]},{"@type":"WebSite","@id":"https:\/\/tamron-americas.com\/#website","url":"https:\/\/tamron-americas.com\/","name":"Tamron Americas","description":"","publisher":{"@id":"https:\/\/tamron-americas.com\/#organization"},"potentialAction":[{"@type":"SearchAction","target":{"@type":"EntryPoint","urlTemplate":"https:\/\/tamron-americas.com\/?s={search_term_string}"},"query-input":{"@type":"PropertyValueSpecification","valueRequired":true,"valueName":"search_term_string"}}],"inLanguage":"pt-BR"},{"@type":"Organization","@id":"https:\/\/tamron-americas.com\/#organization","name":"Tamron USA","url":"https:\/\/tamron-americas.com\/","logo":{"@type":"ImageObject","inLanguage":"pt-BR","@id":"https:\/\/tamron-americas.com\/#\/schema\/logo\/image\/","url":"https:\/\/tamron-americas.com\/wp-content\/uploads\/2024\/07\/logo.svg","contentUrl":"https:\/\/tamron-americas.com\/wp-content\/uploads\/2024\/07\/logo.svg","width":190,"height":31,"caption":"Tamron USA"},"image":{"@id":"https:\/\/tamron-americas.com\/#\/schema\/logo\/image\/"}},{"@type":"Person","@id":"https:\/\/tamron-americas.com\/#\/schema\/person\/0c5a8453f7637345176beaf26a3b3670","name":"evans@tamron.com"}]}},"_links":{"self":[{"href":"https:\/\/tamron-americas.com\/pt\/wp-json\/wp\/v2\/posts\/19473","targetHints":{"allow":["GET"]}}],"collection":[{"href":"https:\/\/tamron-americas.com\/pt\/wp-json\/wp\/v2\/posts"}],"about":[{"href":"https:\/\/tamron-americas.com\/pt\/wp-json\/wp\/v2\/types\/post"}],"author":[{"embeddable":true,"href":"https:\/\/tamron-americas.com\/pt\/wp-json\/wp\/v2\/users\/7"}],"replies":[{"embeddable":true,"href":"https:\/\/tamron-americas.com\/pt\/wp-json\/wp\/v2\/comments?post=19473"}],"version-history":[{"count":0,"href":"https:\/\/tamron-americas.com\/pt\/wp-json\/wp\/v2\/posts\/19473\/revisions"}],"wp:attachment":[{"href":"https:\/\/tamron-americas.com\/pt\/wp-json\/wp\/v2\/media?parent=19473"}],"wp:term":[{"taxonomy":"category","embeddable":true,"href":"https:\/\/tamron-americas.com\/pt\/wp-json\/wp\/v2\/categories?post=19473"},{"taxonomy":"post_tag","embeddable":true,"href":"https:\/\/tamron-americas.com\/pt\/wp-json\/wp\/v2\/tags?post=19473"}],"curies":[{"name":"wp","href":"https:\/\/api.w.org\/{rel}","templated":true}]}},{"id":19471,"date":"2026-04-29T10:39:03","date_gmt":"2026-04-29T14:39:03","guid":{"rendered":"https:\/\/tamron-americas.com\/?p=19471"},"modified":"2026-04-29T10:39:04","modified_gmt":"2026-04-29T14:39:04","slug":"2026-colorado-spring-photo-video-expo-at-mikes-camera","status":"publish","type":"post","link":"https:\/\/tamron-americas.com\/pt\/2026-colorado-spring-photo-video-expo-at-mikes-camera\/","title":{"rendered":"2026 COLORADO Spring Photo &amp; Video Expo na Mike's Camera"},"content":{"rendered":"","protected":false},"excerpt":{"rendered":"","protected":false},"author":7,"featured_media":0,"comment_status":"closed","ping_status":"open","sticky":false,"template":"","format":"standard","meta":{"_acf_changed":true,"site-sidebar-layout":"default","site-content-layout":"","ast-site-content-layout":"","site-content-style":"default","site-sidebar-style":"default","ast-global-header-display":"","ast-banner-title-visibility":"","ast-main-header-display":"","ast-hfb-above-header-display":"","ast-hfb-below-header-display":"","ast-hfb-mobile-header-display":"","site-post-title":"","ast-breadcrumbs-content":"","ast-featured-img":"","footer-sml-layout":"","ast-disable-related-posts":"","theme-transparent-header-meta":"","adv-header-id-meta":"","stick-header-meta":"","header-above-stick-meta":"","header-main-stick-meta":"","header-below-stick-meta":"","astra-migrate-meta-layouts":"default","ast-page-background-enabled":"default","ast-page-background-meta":{"desktop":{"background-color":"var(--ast-global-color-4)","background-image":"","background-repeat":"repeat","background-position":"center center","background-size":"auto","background-attachment":"scroll","background-type":"","background-media":"","overlay-type":"","overlay-color":"","overlay-opacity":"","overlay-gradient":""},"tablet":{"background-color":"","background-image":"","background-repeat":"repeat","background-position":"center center","background-size":"auto","background-attachment":"scroll","background-type":"","background-media":"","overlay-type":"","overlay-color":"","overlay-opacity":"","overlay-gradient":""},"mobile":{"background-color":"","background-image":"","background-repeat":"repeat","background-position":"center center","background-size":"auto","background-attachment":"scroll","background-type":"","background-media":"","overlay-type":"","overlay-color":"","overlay-opacity":"","overlay-gradient":""}},"ast-content-background-meta":{"desktop":{"background-color":"var(--ast-global-color-5)","background-image":"","background-repeat":"repeat","background-position":"center center","background-size":"auto","background-attachment":"scroll","background-type":"","background-media":"","overlay-type":"","overlay-color":"","overlay-opacity":"","overlay-gradient":""},"tablet":{"background-color":"var(--ast-global-color-5)","background-image":"","background-repeat":"repeat","background-position":"center center","background-size":"auto","background-attachment":"scroll","background-type":"","background-media":"","overlay-type":"","overlay-color":"","overlay-opacity":"","overlay-gradient":""},"mobile":{"background-color":"var(--ast-global-color-5)","background-image":"","background-repeat":"repeat","background-position":"center center","background-size":"auto","background-attachment":"scroll","background-type":"","background-media":"","overlay-type":"","overlay-color":"","overlay-opacity":"","overlay-gradient":""}},"footnotes":""},"categories":[81],"tags":[],"class_list":["post-19471","post","type-post","status-publish","format-standard","hentry","category-events"],"acf":[],"yoast_head":"<!-- This site is optimized with the Yoast SEO Premium plugin v27.4 (Yoast SEO v27.4) - https:\/\/yoast.com\/product\/yoast-seo-premium-wordpress\/ -->\n<title>COLORADO Spring Photo &amp; Video Expo at Mike&#039;s Camera<\/title>\n<meta name=\"description\" content=\"Join us for the main event at Mike&#039;s Camera in Boulder from Friday May 1st through Sunday May 3rd!\" \/>\n<meta name=\"robots\" content=\"index, follow, max-snippet:-1, max-image-preview:large, max-video-preview:-1\" \/>\n<link rel=\"canonical\" href=\"https:\/\/tamron-americas.com\/pt\/2026-colorado-spring-photo-video-expo-at-mikes-camera\/\" \/>\n<meta property=\"og:locale\" content=\"pt_BR\" \/>\n<meta property=\"og:type\" content=\"article\" \/>\n<meta property=\"og:title\" content=\"2026 COLORADO Spring Photo &amp; Video Expo at Mike&#039;s Camera\" \/>\n<meta property=\"og:description\" content=\"Join us for the main event at Mike&#039;s Camera in Boulder from Friday May 1st through Sunday May 3rd!\" \/>\n<meta property=\"og:url\" content=\"https:\/\/tamron-americas.com\/pt\/2026-colorado-spring-photo-video-expo-at-mikes-camera\/\" \/>\n<meta property=\"og:site_name\" content=\"Tamron Americas\" \/>\n<meta property=\"article:published_time\" content=\"2026-04-29T14:39:03+00:00\" \/>\n<meta property=\"article:modified_time\" content=\"2026-04-29T14:39:04+00:00\" \/>\n<meta name=\"author\" content=\"evans@tamron.com\" \/>\n<meta name=\"twitter:card\" content=\"summary_large_image\" \/>\n<meta name=\"twitter:label1\" content=\"Escrito por\" \/>\n\t<meta name=\"twitter:data1\" content=\"evans@tamron.com\" \/>\n<script type=\"application\/ld+json\" class=\"yoast-schema-graph\">{\"@context\":\"https:\\\/\\\/schema.org\",\"@graph\":[{\"@type\":\"Article\",\"@id\":\"https:\\\/\\\/tamron-americas.com\\\/2026-colorado-spring-photo-video-expo-at-mikes-camera\\\/#article\",\"isPartOf\":{\"@id\":\"https:\\\/\\\/tamron-americas.com\\\/2026-colorado-spring-photo-video-expo-at-mikes-camera\\\/\"},\"author\":{\"name\":\"evans@tamron.com\",\"@id\":\"https:\\\/\\\/tamron-americas.com\\\/#\\\/schema\\\/person\\\/0c5a8453f7637345176beaf26a3b3670\"},\"headline\":\"2026 COLORADO Spring Photo &amp; Video Expo at Mike&#8217;s Camera\",\"datePublished\":\"2026-04-29T14:39:03+00:00\",\"dateModified\":\"2026-04-29T14:39:04+00:00\",\"mainEntityOfPage\":{\"@id\":\"https:\\\/\\\/tamron-americas.com\\\/2026-colorado-spring-photo-video-expo-at-mikes-camera\\\/\"},\"wordCount\":10,\"publisher\":{\"@id\":\"https:\\\/\\\/tamron-americas.com\\\/#organization\"},\"articleSection\":[\"Events\"],\"inLanguage\":\"pt-BR\"},{\"@type\":\"WebPage\",\"@id\":\"https:\\\/\\\/tamron-americas.com\\\/2026-colorado-spring-photo-video-expo-at-mikes-camera\\\/\",\"url\":\"https:\\\/\\\/tamron-americas.com\\\/2026-colorado-spring-photo-video-expo-at-mikes-camera\\\/\",\"name\":\"COLORADO Spring Photo & Video Expo at Mike's Camera\",\"isPartOf\":{\"@id\":\"https:\\\/\\\/tamron-americas.com\\\/#website\"},\"datePublished\":\"2026-04-29T14:39:03+00:00\",\"dateModified\":\"2026-04-29T14:39:04+00:00\",\"description\":\"Join us for the main event at Mike's Camera in Boulder from Friday May 1st through Sunday May 3rd!\",\"breadcrumb\":{\"@id\":\"https:\\\/\\\/tamron-americas.com\\\/2026-colorado-spring-photo-video-expo-at-mikes-camera\\\/#breadcrumb\"},\"inLanguage\":\"pt-BR\",\"potentialAction\":[{\"@type\":\"ReadAction\",\"target\":[\"https:\\\/\\\/tamron-americas.com\\\/2026-colorado-spring-photo-video-expo-at-mikes-camera\\\/\"]}]},{\"@type\":\"BreadcrumbList\",\"@id\":\"https:\\\/\\\/tamron-americas.com\\\/2026-colorado-spring-photo-video-expo-at-mikes-camera\\\/#breadcrumb\",\"itemListElement\":[{\"@type\":\"ListItem\",\"position\":1,\"name\":\"Home\",\"item\":\"https:\\\/\\\/tamron-americas.com\\\/\"},{\"@type\":\"ListItem\",\"position\":2,\"name\":\"2026 COLORADO Spring Photo &amp; Video Expo at Mike&#8217;s Camera\"}]},{\"@type\":\"WebSite\",\"@id\":\"https:\\\/\\\/tamron-americas.com\\\/#website\",\"url\":\"https:\\\/\\\/tamron-americas.com\\\/\",\"name\":\"Tamron Americas\",\"description\":\"\",\"publisher\":{\"@id\":\"https:\\\/\\\/tamron-americas.com\\\/#organization\"},\"potentialAction\":[{\"@type\":\"SearchAction\",\"target\":{\"@type\":\"EntryPoint\",\"urlTemplate\":\"https:\\\/\\\/tamron-americas.com\\\/?s={search_term_string}\"},\"query-input\":{\"@type\":\"PropertyValueSpecification\",\"valueRequired\":true,\"valueName\":\"search_term_string\"}}],\"inLanguage\":\"pt-BR\"},{\"@type\":\"Organization\",\"@id\":\"https:\\\/\\\/tamron-americas.com\\\/#organization\",\"name\":\"Tamron USA\",\"url\":\"https:\\\/\\\/tamron-americas.com\\\/\",\"logo\":{\"@type\":\"ImageObject\",\"inLanguage\":\"pt-BR\",\"@id\":\"https:\\\/\\\/tamron-americas.com\\\/#\\\/schema\\\/logo\\\/image\\\/\",\"url\":\"https:\\\/\\\/tamron-americas.com\\\/wp-content\\\/uploads\\\/2024\\\/07\\\/logo.svg\",\"contentUrl\":\"https:\\\/\\\/tamron-americas.com\\\/wp-content\\\/uploads\\\/2024\\\/07\\\/logo.svg\",\"width\":190,\"height\":31,\"caption\":\"Tamron USA\"},\"image\":{\"@id\":\"https:\\\/\\\/tamron-americas.com\\\/#\\\/schema\\\/logo\\\/image\\\/\"}},{\"@type\":\"Person\",\"@id\":\"https:\\\/\\\/tamron-americas.com\\\/#\\\/schema\\\/person\\\/0c5a8453f7637345176beaf26a3b3670\",\"name\":\"evans@tamron.com\"}]}<\/script>\n<!-- \/ Yoast SEO Premium plugin. -->","yoast_head_json":{"title":"COLORADO Spring Photo &amp; Video Expo na Mike's Camera","description":"Junte-se a n\u00f3s para o evento principal na Mike's Camera em Boulder, de sexta-feira, 1\u00ba de maio, a domingo, 3 de maio!","robots":{"index":"index","follow":"follow","max-snippet":"max-snippet:-1","max-image-preview":"max-image-preview:large","max-video-preview":"max-video-preview:-1"},"canonical":"https:\/\/tamron-americas.com\/pt\/2026-colorado-spring-photo-video-expo-at-mikes-camera\/","og_locale":"pt_BR","og_type":"article","og_title":"2026 COLORADO Spring Photo &amp; Video Expo at Mike's Camera","og_description":"Join us for the main event at Mike's Camera in Boulder from Friday May 1st through Sunday May 3rd!","og_url":"https:\/\/tamron-americas.com\/pt\/2026-colorado-spring-photo-video-expo-at-mikes-camera\/","og_site_name":"Tamron Americas","article_published_time":"2026-04-29T14:39:03+00:00","article_modified_time":"2026-04-29T14:39:04+00:00","author":"evans@tamron.com","twitter_card":"summary_large_image","twitter_misc":{"Escrito por":"evans@tamron.com"},"schema":{"@context":"https:\/\/schema.org","@graph":[{"@type":"Article","@id":"https:\/\/tamron-americas.com\/2026-colorado-spring-photo-video-expo-at-mikes-camera\/#article","isPartOf":{"@id":"https:\/\/tamron-americas.com\/2026-colorado-spring-photo-video-expo-at-mikes-camera\/"},"author":{"name":"evans@tamron.com","@id":"https:\/\/tamron-americas.com\/#\/schema\/person\/0c5a8453f7637345176beaf26a3b3670"},"headline":"2026 COLORADO Spring Photo &amp; Video Expo at Mike&#8217;s Camera","datePublished":"2026-04-29T14:39:03+00:00","dateModified":"2026-04-29T14:39:04+00:00","mainEntityOfPage":{"@id":"https:\/\/tamron-americas.com\/2026-colorado-spring-photo-video-expo-at-mikes-camera\/"},"wordCount":10,"publisher":{"@id":"https:\/\/tamron-americas.com\/#organization"},"articleSection":["Events"],"inLanguage":"pt-BR"},{"@type":"WebPage","@id":"https:\/\/tamron-americas.com\/2026-colorado-spring-photo-video-expo-at-mikes-camera\/","url":"https:\/\/tamron-americas.com\/2026-colorado-spring-photo-video-expo-at-mikes-camera\/","name":"COLORADO Spring Photo & Video Expo at Mike's Camera","isPartOf":{"@id":"https:\/\/tamron-americas.com\/#website"},"datePublished":"2026-04-29T14:39:03+00:00","dateModified":"2026-04-29T14:39:04+00:00","description":"Join us for the main event at Mike's Camera in Boulder from Friday May 1st through Sunday May 3rd!","breadcrumb":{"@id":"https:\/\/tamron-americas.com\/2026-colorado-spring-photo-video-expo-at-mikes-camera\/#breadcrumb"},"inLanguage":"pt-BR","potentialAction":[{"@type":"ReadAction","target":["https:\/\/tamron-americas.com\/2026-colorado-spring-photo-video-expo-at-mikes-camera\/"]}]},{"@type":"BreadcrumbList","@id":"https:\/\/tamron-americas.com\/2026-colorado-spring-photo-video-expo-at-mikes-camera\/#breadcrumb","itemListElement":[{"@type":"ListItem","position":1,"name":"Home","item":"https:\/\/tamron-americas.com\/"},{"@type":"ListItem","position":2,"name":"2026 COLORADO Spring Photo &amp; Video Expo at Mike&#8217;s Camera"}]},{"@type":"WebSite","@id":"https:\/\/tamron-americas.com\/#website","url":"https:\/\/tamron-americas.com\/","name":"Tamron Americas","description":"","publisher":{"@id":"https:\/\/tamron-americas.com\/#organization"},"potentialAction":[{"@type":"SearchAction","target":{"@type":"EntryPoint","urlTemplate":"https:\/\/tamron-americas.com\/?s={search_term_string}"},"query-input":{"@type":"PropertyValueSpecification","valueRequired":true,"valueName":"search_term_string"}}],"inLanguage":"pt-BR"},{"@type":"Organization","@id":"https:\/\/tamron-americas.com\/#organization","name":"Tamron USA","url":"https:\/\/tamron-americas.com\/","logo":{"@type":"ImageObject","inLanguage":"pt-BR","@id":"https:\/\/tamron-americas.com\/#\/schema\/logo\/image\/","url":"https:\/\/tamron-americas.com\/wp-content\/uploads\/2024\/07\/logo.svg","contentUrl":"https:\/\/tamron-americas.com\/wp-content\/uploads\/2024\/07\/logo.svg","width":190,"height":31,"caption":"Tamron USA"},"image":{"@id":"https:\/\/tamron-americas.com\/#\/schema\/logo\/image\/"}},{"@type":"Person","@id":"https:\/\/tamron-americas.com\/#\/schema\/person\/0c5a8453f7637345176beaf26a3b3670","name":"evans@tamron.com"}]}},"_links":{"self":[{"href":"https:\/\/tamron-americas.com\/pt\/wp-json\/wp\/v2\/posts\/19471","targetHints":{"allow":["GET"]}}],"collection":[{"href":"https:\/\/tamron-americas.com\/pt\/wp-json\/wp\/v2\/posts"}],"about":[{"href":"https:\/\/tamron-americas.com\/pt\/wp-json\/wp\/v2\/types\/post"}],"author":[{"embeddable":true,"href":"https:\/\/tamron-americas.com\/pt\/wp-json\/wp\/v2\/users\/7"}],"replies":[{"embeddable":true,"href":"https:\/\/tamron-americas.com\/pt\/wp-json\/wp\/v2\/comments?post=19471"}],"version-history":[{"count":0,"href":"https:\/\/tamron-americas.com\/pt\/wp-json\/wp\/v2\/posts\/19471\/revisions"}],"wp:attachment":[{"href":"https:\/\/tamron-americas.com\/pt\/wp-json\/wp\/v2\/media?parent=19471"}],"wp:term":[{"taxonomy":"category","embeddable":true,"href":"https:\/\/tamron-americas.com\/pt\/wp-json\/wp\/v2\/categories?post=19471"},{"taxonomy":"post_tag","embeddable":true,"href":"https:\/\/tamron-americas.com\/pt\/wp-json\/wp\/v2\/tags?post=19471"}],"curies":[{"name":"wp","href":"https:\/\/api.w.org\/{rel}","templated":true}]}},{"id":19383,"date":"2026-04-20T11:39:51","date_gmt":"2026-04-20T15:39:51","guid":{"rendered":"https:\/\/tamron-americas.com\/?p=19383"},"modified":"2026-04-20T11:39:52","modified_gmt":"2026-04-20T15:39:52","slug":"feira-de-cameras-de-primavera-de-2026-com-a-camera-cardinal","status":"publish","type":"post","link":"https:\/\/tamron-americas.com\/pt\/2026-spring-camera-fair-with-cardinal-camera\/","title":{"rendered":"2026 Feira de C\u00e2meras de Primavera com a Cardinal Camera"},"content":{"rendered":"","protected":false},"excerpt":{"rendered":"","protected":false},"author":7,"featured_media":0,"comment_status":"closed","ping_status":"open","sticky":false,"template":"","format":"standard","meta":{"_acf_changed":true,"site-sidebar-layout":"default","site-content-layout":"","ast-site-content-layout":"","site-content-style":"default","site-sidebar-style":"default","ast-global-header-display":"","ast-banner-title-visibility":"","ast-main-header-display":"","ast-hfb-above-header-display":"","ast-hfb-below-header-display":"","ast-hfb-mobile-header-display":"","site-post-title":"","ast-breadcrumbs-content":"","ast-featured-img":"","footer-sml-layout":"","ast-disable-related-posts":"","theme-transparent-header-meta":"","adv-header-id-meta":"","stick-header-meta":"","header-above-stick-meta":"","header-main-stick-meta":"","header-below-stick-meta":"","astra-migrate-meta-layouts":"default","ast-page-background-enabled":"default","ast-page-background-meta":{"desktop":{"background-color":"var(--ast-global-color-4)","background-image":"","background-repeat":"repeat","background-position":"center center","background-size":"auto","background-attachment":"scroll","background-type":"","background-media":"","overlay-type":"","overlay-color":"","overlay-opacity":"","overlay-gradient":""},"tablet":{"background-color":"","background-image":"","background-repeat":"repeat","background-position":"center center","background-size":"auto","background-attachment":"scroll","background-type":"","background-media":"","overlay-type":"","overlay-color":"","overlay-opacity":"","overlay-gradient":""},"mobile":{"background-color":"","background-image":"","background-repeat":"repeat","background-position":"center center","background-size":"auto","background-attachment":"scroll","background-type":"","background-media":"","overlay-type":"","overlay-color":"","overlay-opacity":"","overlay-gradient":""}},"ast-content-background-meta":{"desktop":{"background-color":"var(--ast-global-color-5)","background-image":"","background-repeat":"repeat","background-position":"center center","background-size":"auto","background-attachment":"scroll","background-type":"","background-media":"","overlay-type":"","overlay-color":"","overlay-opacity":"","overlay-gradient":""},"tablet":{"background-color":"var(--ast-global-color-5)","background-image":"","background-repeat":"repeat","background-position":"center center","background-size":"auto","background-attachment":"scroll","background-type":"","background-media":"","overlay-type":"","overlay-color":"","overlay-opacity":"","overlay-gradient":""},"mobile":{"background-color":"var(--ast-global-color-5)","background-image":"","background-repeat":"repeat","background-position":"center center","background-size":"auto","background-attachment":"scroll","background-type":"","background-media":"","overlay-type":"","overlay-color":"","overlay-opacity":"","overlay-gradient":""}},"footnotes":""},"categories":[81],"tags":[],"class_list":["post-19383","post","type-post","status-publish","format-standard","hentry","category-events"],"acf":[],"yoast_head":"<!-- This site is optimized with the Yoast SEO Premium plugin v27.4 (Yoast SEO v27.4) - https:\/\/yoast.com\/product\/yoast-seo-premium-wordpress\/ -->\n<title>Spring Camera Fair with Cardinal Camera | Tamron<\/title>\n<meta name=\"description\" content=\"Meet and learn from manufacturer representatives as they host hands-on demos of the latest cameras, lenses and accessories.\" \/>\n<meta name=\"robots\" content=\"index, follow, max-snippet:-1, max-image-preview:large, max-video-preview:-1\" \/>\n<link rel=\"canonical\" href=\"https:\/\/tamron-americas.com\/pt\/feira-de-cameras-de-primavera-de-2026-com-a-camera-cardinal\/\" \/>\n<meta property=\"og:locale\" content=\"pt_BR\" \/>\n<meta property=\"og:type\" content=\"article\" \/>\n<meta property=\"og:title\" content=\"2026 Spring Camera Fair with Cardinal Camera\" \/>\n<meta property=\"og:description\" content=\"Meet and learn from manufacturer representatives as they host hands-on demos of the latest cameras, lenses and accessories.\" \/>\n<meta property=\"og:url\" content=\"https:\/\/tamron-americas.com\/pt\/feira-de-cameras-de-primavera-de-2026-com-a-camera-cardinal\/\" \/>\n<meta property=\"og:site_name\" content=\"Tamron Americas\" \/>\n<meta property=\"article:published_time\" content=\"2026-04-20T15:39:51+00:00\" \/>\n<meta property=\"article:modified_time\" content=\"2026-04-20T15:39:52+00:00\" \/>\n<meta name=\"author\" content=\"evans@tamron.com\" \/>\n<meta name=\"twitter:card\" content=\"summary_large_image\" \/>\n<meta name=\"twitter:label1\" content=\"Escrito por\" \/>\n\t<meta name=\"twitter:data1\" content=\"evans@tamron.com\" \/>\n<script type=\"application\/ld+json\" class=\"yoast-schema-graph\">{\"@context\":\"https:\\\/\\\/schema.org\",\"@graph\":[{\"@type\":\"Article\",\"@id\":\"https:\\\/\\\/tamron-americas.com\\\/2026-spring-camera-fair-with-cardinal-camera\\\/#article\",\"isPartOf\":{\"@id\":\"https:\\\/\\\/tamron-americas.com\\\/2026-spring-camera-fair-with-cardinal-camera\\\/\"},\"author\":{\"name\":\"evans@tamron.com\",\"@id\":\"https:\\\/\\\/tamron-americas.com\\\/#\\\/schema\\\/person\\\/0c5a8453f7637345176beaf26a3b3670\"},\"headline\":\"2026 Spring Camera Fair with Cardinal Camera\",\"datePublished\":\"2026-04-20T15:39:51+00:00\",\"dateModified\":\"2026-04-20T15:39:52+00:00\",\"mainEntityOfPage\":{\"@id\":\"https:\\\/\\\/tamron-americas.com\\\/2026-spring-camera-fair-with-cardinal-camera\\\/\"},\"wordCount\":6,\"publisher\":{\"@id\":\"https:\\\/\\\/tamron-americas.com\\\/#organization\"},\"articleSection\":[\"Events\"],\"inLanguage\":\"pt-BR\"},{\"@type\":\"WebPage\",\"@id\":\"https:\\\/\\\/tamron-americas.com\\\/2026-spring-camera-fair-with-cardinal-camera\\\/\",\"url\":\"https:\\\/\\\/tamron-americas.com\\\/2026-spring-camera-fair-with-cardinal-camera\\\/\",\"name\":\"Spring Camera Fair with Cardinal Camera | Tamron\",\"isPartOf\":{\"@id\":\"https:\\\/\\\/tamron-americas.com\\\/#website\"},\"datePublished\":\"2026-04-20T15:39:51+00:00\",\"dateModified\":\"2026-04-20T15:39:52+00:00\",\"description\":\"Meet and learn from manufacturer representatives as they host hands-on demos of the latest cameras, lenses and accessories.\",\"breadcrumb\":{\"@id\":\"https:\\\/\\\/tamron-americas.com\\\/2026-spring-camera-fair-with-cardinal-camera\\\/#breadcrumb\"},\"inLanguage\":\"pt-BR\",\"potentialAction\":[{\"@type\":\"ReadAction\",\"target\":[\"https:\\\/\\\/tamron-americas.com\\\/2026-spring-camera-fair-with-cardinal-camera\\\/\"]}]},{\"@type\":\"BreadcrumbList\",\"@id\":\"https:\\\/\\\/tamron-americas.com\\\/2026-spring-camera-fair-with-cardinal-camera\\\/#breadcrumb\",\"itemListElement\":[{\"@type\":\"ListItem\",\"position\":1,\"name\":\"Home\",\"item\":\"https:\\\/\\\/tamron-americas.com\\\/\"},{\"@type\":\"ListItem\",\"position\":2,\"name\":\"2026 Spring Camera Fair with Cardinal Camera\"}]},{\"@type\":\"WebSite\",\"@id\":\"https:\\\/\\\/tamron-americas.com\\\/#website\",\"url\":\"https:\\\/\\\/tamron-americas.com\\\/\",\"name\":\"Tamron Americas\",\"description\":\"\",\"publisher\":{\"@id\":\"https:\\\/\\\/tamron-americas.com\\\/#organization\"},\"potentialAction\":[{\"@type\":\"SearchAction\",\"target\":{\"@type\":\"EntryPoint\",\"urlTemplate\":\"https:\\\/\\\/tamron-americas.com\\\/?s={search_term_string}\"},\"query-input\":{\"@type\":\"PropertyValueSpecification\",\"valueRequired\":true,\"valueName\":\"search_term_string\"}}],\"inLanguage\":\"pt-BR\"},{\"@type\":\"Organization\",\"@id\":\"https:\\\/\\\/tamron-americas.com\\\/#organization\",\"name\":\"Tamron USA\",\"url\":\"https:\\\/\\\/tamron-americas.com\\\/\",\"logo\":{\"@type\":\"ImageObject\",\"inLanguage\":\"pt-BR\",\"@id\":\"https:\\\/\\\/tamron-americas.com\\\/#\\\/schema\\\/logo\\\/image\\\/\",\"url\":\"https:\\\/\\\/tamron-americas.com\\\/wp-content\\\/uploads\\\/2024\\\/07\\\/logo.svg\",\"contentUrl\":\"https:\\\/\\\/tamron-americas.com\\\/wp-content\\\/uploads\\\/2024\\\/07\\\/logo.svg\",\"width\":190,\"height\":31,\"caption\":\"Tamron USA\"},\"image\":{\"@id\":\"https:\\\/\\\/tamron-americas.com\\\/#\\\/schema\\\/logo\\\/image\\\/\"}},{\"@type\":\"Person\",\"@id\":\"https:\\\/\\\/tamron-americas.com\\\/#\\\/schema\\\/person\\\/0c5a8453f7637345176beaf26a3b3670\",\"name\":\"evans@tamron.com\"}]}<\/script>\n<!-- \/ Yoast SEO Premium plugin. -->","yoast_head_json":{"title":"Feira de C\u00e2meras da Primavera com a Cardinal Camera | Tamron","description":"Conhe\u00e7a e aprenda com os representantes dos fabricantes enquanto eles fazem demonstra\u00e7\u00f5es pr\u00e1ticas das c\u00e2meras, lentes e acess\u00f3rios mais recentes.","robots":{"index":"index","follow":"follow","max-snippet":"max-snippet:-1","max-image-preview":"max-image-preview:large","max-video-preview":"max-video-preview:-1"},"canonical":"https:\/\/tamron-americas.com\/pt\/feira-de-cameras-de-primavera-de-2026-com-a-camera-cardinal\/","og_locale":"pt_BR","og_type":"article","og_title":"2026 Spring Camera Fair with Cardinal Camera","og_description":"Meet and learn from manufacturer representatives as they host hands-on demos of the latest cameras, lenses and accessories.","og_url":"https:\/\/tamron-americas.com\/pt\/feira-de-cameras-de-primavera-de-2026-com-a-camera-cardinal\/","og_site_name":"Tamron Americas","article_published_time":"2026-04-20T15:39:51+00:00","article_modified_time":"2026-04-20T15:39:52+00:00","author":"evans@tamron.com","twitter_card":"summary_large_image","twitter_misc":{"Escrito por":"evans@tamron.com"},"schema":{"@context":"https:\/\/schema.org","@graph":[{"@type":"Article","@id":"https:\/\/tamron-americas.com\/2026-spring-camera-fair-with-cardinal-camera\/#article","isPartOf":{"@id":"https:\/\/tamron-americas.com\/2026-spring-camera-fair-with-cardinal-camera\/"},"author":{"name":"evans@tamron.com","@id":"https:\/\/tamron-americas.com\/#\/schema\/person\/0c5a8453f7637345176beaf26a3b3670"},"headline":"2026 Spring Camera Fair with Cardinal Camera","datePublished":"2026-04-20T15:39:51+00:00","dateModified":"2026-04-20T15:39:52+00:00","mainEntityOfPage":{"@id":"https:\/\/tamron-americas.com\/2026-spring-camera-fair-with-cardinal-camera\/"},"wordCount":6,"publisher":{"@id":"https:\/\/tamron-americas.com\/#organization"},"articleSection":["Events"],"inLanguage":"pt-BR"},{"@type":"WebPage","@id":"https:\/\/tamron-americas.com\/2026-spring-camera-fair-with-cardinal-camera\/","url":"https:\/\/tamron-americas.com\/2026-spring-camera-fair-with-cardinal-camera\/","name":"Spring Camera Fair with Cardinal Camera | Tamron","isPartOf":{"@id":"https:\/\/tamron-americas.com\/#website"},"datePublished":"2026-04-20T15:39:51+00:00","dateModified":"2026-04-20T15:39:52+00:00","description":"Meet and learn from manufacturer representatives as they host hands-on demos of the latest cameras, lenses and accessories.","breadcrumb":{"@id":"https:\/\/tamron-americas.com\/2026-spring-camera-fair-with-cardinal-camera\/#breadcrumb"},"inLanguage":"pt-BR","potentialAction":[{"@type":"ReadAction","target":["https:\/\/tamron-americas.com\/2026-spring-camera-fair-with-cardinal-camera\/"]}]},{"@type":"BreadcrumbList","@id":"https:\/\/tamron-americas.com\/2026-spring-camera-fair-with-cardinal-camera\/#breadcrumb","itemListElement":[{"@type":"ListItem","position":1,"name":"Home","item":"https:\/\/tamron-americas.com\/"},{"@type":"ListItem","position":2,"name":"2026 Spring Camera Fair with Cardinal Camera"}]},{"@type":"WebSite","@id":"https:\/\/tamron-americas.com\/#website","url":"https:\/\/tamron-americas.com\/","name":"Tamron Americas","description":"","publisher":{"@id":"https:\/\/tamron-americas.com\/#organization"},"potentialAction":[{"@type":"SearchAction","target":{"@type":"EntryPoint","urlTemplate":"https:\/\/tamron-americas.com\/?s={search_term_string}"},"query-input":{"@type":"PropertyValueSpecification","valueRequired":true,"valueName":"search_term_string"}}],"inLanguage":"pt-BR"},{"@type":"Organization","@id":"https:\/\/tamron-americas.com\/#organization","name":"Tamron USA","url":"https:\/\/tamron-americas.com\/","logo":{"@type":"ImageObject","inLanguage":"pt-BR","@id":"https:\/\/tamron-americas.com\/#\/schema\/logo\/image\/","url":"https:\/\/tamron-americas.com\/wp-content\/uploads\/2024\/07\/logo.svg","contentUrl":"https:\/\/tamron-americas.com\/wp-content\/uploads\/2024\/07\/logo.svg","width":190,"height":31,"caption":"Tamron USA"},"image":{"@id":"https:\/\/tamron-americas.com\/#\/schema\/logo\/image\/"}},{"@type":"Person","@id":"https:\/\/tamron-americas.com\/#\/schema\/person\/0c5a8453f7637345176beaf26a3b3670","name":"evans@tamron.com"}]}},"_links":{"self":[{"href":"https:\/\/tamron-americas.com\/pt\/wp-json\/wp\/v2\/posts\/19383","targetHints":{"allow":["GET"]}}],"collection":[{"href":"https:\/\/tamron-americas.com\/pt\/wp-json\/wp\/v2\/posts"}],"about":[{"href":"https:\/\/tamron-americas.com\/pt\/wp-json\/wp\/v2\/types\/post"}],"author":[{"embeddable":true,"href":"https:\/\/tamron-americas.com\/pt\/wp-json\/wp\/v2\/users\/7"}],"replies":[{"embeddable":true,"href":"https:\/\/tamron-americas.com\/pt\/wp-json\/wp\/v2\/comments?post=19383"}],"version-history":[{"count":0,"href":"https:\/\/tamron-americas.com\/pt\/wp-json\/wp\/v2\/posts\/19383\/revisions"}],"wp:attachment":[{"href":"https:\/\/tamron-americas.com\/pt\/wp-json\/wp\/v2\/media?parent=19383"}],"wp:term":[{"taxonomy":"category","embeddable":true,"href":"https:\/\/tamron-americas.com\/pt\/wp-json\/wp\/v2\/categories?post=19383"},{"taxonomy":"post_tag","embeddable":true,"href":"https:\/\/tamron-americas.com\/pt\/wp-json\/wp\/v2\/tags?post=19383"}],"curies":[{"name":"wp","href":"https:\/\/api.w.org\/{rel}","templated":true}]}},{"id":19324,"date":"2026-04-17T02:01:00","date_gmt":"2026-04-17T06:01:00","guid":{"rendered":"https:\/\/tamron-americas.com\/?p=19324"},"modified":"2026-04-16T09:56:41","modified_gmt":"2026-04-16T13:56:41","slug":"lentes-tamron-premios-tipa-2026","status":"publish","type":"post","link":"https:\/\/tamron-americas.com\/pt\/tamron-lenses-tipa-awards-2026\/","title":{"rendered":"Lentes TAMRON s\u00e3o homenageadas com dois prestigiosos pr\u00eamios TIPA em 2026"},"content":{"rendered":"<div data-elementor-type=\"wp-post\" data-elementor-id=\"19324\" class=\"elementor elementor-19324\" data-elementor-settings=\"{&quot;element_pack_global_tooltip_width&quot;:{&quot;unit&quot;:&quot;px&quot;,&quot;size&quot;:&quot;&quot;,&quot;sizes&quot;:[]},&quot;element_pack_global_tooltip_width_tablet_extra&quot;:{&quot;unit&quot;:&quot;px&quot;,&quot;size&quot;:&quot;&quot;,&quot;sizes&quot;:[]},&quot;element_pack_global_tooltip_width_tablet&quot;:{&quot;unit&quot;:&quot;px&quot;,&quot;size&quot;:&quot;&quot;,&quot;sizes&quot;:[]},&quot;element_pack_global_tooltip_width_mobile_extra&quot;:{&quot;unit&quot;:&quot;px&quot;,&quot;size&quot;:&quot;&quot;,&quot;sizes&quot;:[]},&quot;element_pack_global_tooltip_width_mobile&quot;:{&quot;unit&quot;:&quot;px&quot;,&quot;size&quot;:&quot;&quot;,&quot;sizes&quot;:[]},&quot;element_pack_global_tooltip_padding&quot;:{&quot;unit&quot;:&quot;px&quot;,&quot;top&quot;:&quot;&quot;,&quot;right&quot;:&quot;&quot;,&quot;bottom&quot;:&quot;&quot;,&quot;left&quot;:&quot;&quot;,&quot;isLinked&quot;:true},&quot;element_pack_global_tooltip_padding_tablet_extra&quot;:{&quot;unit&quot;:&quot;px&quot;,&quot;top&quot;:&quot;&quot;,&quot;right&quot;:&quot;&quot;,&quot;bottom&quot;:&quot;&quot;,&quot;left&quot;:&quot;&quot;,&quot;isLinked&quot;:true},&quot;element_pack_global_tooltip_padding_tablet&quot;:{&quot;unit&quot;:&quot;px&quot;,&quot;top&quot;:&quot;&quot;,&quot;right&quot;:&quot;&quot;,&quot;bottom&quot;:&quot;&quot;,&quot;left&quot;:&quot;&quot;,&quot;isLinked&quot;:true},&quot;element_pack_global_tooltip_padding_mobile_extra&quot;:{&quot;unit&quot;:&quot;px&quot;,&quot;top&quot;:&quot;&quot;,&quot;right&quot;:&quot;&quot;,&quot;bottom&quot;:&quot;&quot;,&quot;left&quot;:&quot;&quot;,&quot;isLinked&quot;:true},&quot;element_pack_global_tooltip_padding_mobile&quot;:{&quot;unit&quot;:&quot;px&quot;,&quot;top&quot;:&quot;&quot;,&quot;right&quot;:&quot;&quot;,&quot;bottom&quot;:&quot;&quot;,&quot;left&quot;:&quot;&quot;,&quot;isLinked&quot;:true},&quot;element_pack_global_tooltip_border_radius&quot;:{&quot;unit&quot;:&quot;px&quot;,&quot;top&quot;:&quot;&quot;,&quot;right&quot;:&quot;&quot;,&quot;bottom&quot;:&quot;&quot;,&quot;left&quot;:&quot;&quot;,&quot;isLinked&quot;:true},&quot;element_pack_global_tooltip_border_radius_tablet_extra&quot;:{&quot;unit&quot;:&quot;px&quot;,&quot;top&quot;:&quot;&quot;,&quot;right&quot;:&quot;&quot;,&quot;bottom&quot;:&quot;&quot;,&quot;left&quot;:&quot;&quot;,&quot;isLinked&quot;:true},&quot;element_pack_global_tooltip_border_radius_tablet&quot;:{&quot;unit&quot;:&quot;px&quot;,&quot;top&quot;:&quot;&quot;,&quot;right&quot;:&quot;&quot;,&quot;bottom&quot;:&quot;&quot;,&quot;left&quot;:&quot;&quot;,&quot;isLinked&quot;:true},&quot;element_pack_global_tooltip_border_radius_mobile_extra&quot;:{&quot;unit&quot;:&quot;px&quot;,&quot;top&quot;:&quot;&quot;,&quot;right&quot;:&quot;&quot;,&quot;bottom&quot;:&quot;&quot;,&quot;left&quot;:&quot;&quot;,&quot;isLinked&quot;:true},&quot;element_pack_global_tooltip_border_radius_mobile&quot;:{&quot;unit&quot;:&quot;px&quot;,&quot;top&quot;:&quot;&quot;,&quot;right&quot;:&quot;&quot;,&quot;bottom&quot;:&quot;&quot;,&quot;left&quot;:&quot;&quot;,&quot;isLinked&quot;:true}}\" data-elementor-post-type=\"post\">\n\t\t\t\t<div class=\"elementor-element elementor-element-5c48f848 e-flex e-con-boxed e-con e-parent\" data-id=\"5c48f848\" data-element_type=\"container\" data-e-type=\"container\">\n\t\t\t\t\t<div class=\"e-con-inner\">\n\t\t\t\t<div class=\"elementor-element elementor-element-77cd9ae6 elementor-widget elementor-widget-text-editor\" data-id=\"77cd9ae6\" data-element_type=\"widget\" data-e-type=\"widget\" data-widget_type=\"text-editor.default\">\n\t\t\t\t<div class=\"elementor-widget-container\">\n\t\t\t\t\t\t\t\t\t<div class=\"cont\"><ol><li>\u00a0<\/li><li id=\"english\"><h2><strong>16-30 mm F\/2.8 <span class=\"no-break\">Di III<\/span> VXD G2 e 35-100 mm F\/2.8 <span class=\"no-break\">Di III<\/span> VXD <\/strong><strong>recebem pr\u00eamios em suas respectivas categorias<\/strong><\/h2><p>\u00a0<\/p><\/li><\/ol><div class=\"text\"><p><em>17 de abril de 2026, Commack NY -<\/em><a href=\"https:\/\/tamron-americas.com\/pt\/\">TAMRON Am\u00e9ricas<\/a><em>, <\/em>l\u00edder no fornecimento de lentes de alta qualidade, anuncia a entrega, pela Technical Image Press Association (TIPA), do Pr\u00eamio TIPA 2026 a duas lentes: 16-30mm F\/2.8 <span class=\"no-break\">Di III<\/span> VXD G2 (modelo A064) para \u201cMELHOR LENTE ZOOM DE GRANDE-\u00c2NGULO FULL FRAME\u201d e 35-100 mm F\/2.8 <span class=\"no-break\">Di III<\/span> VXD (Modelo A078) como \u201cMELHOR LENTE DE VIAGEM FULL FRAME\u201d. Com esses \u00faltimos pr\u00eamios, a TAMRON foi homenageada com o TIPA Awards por treze anos consecutivos<em>.<\/em><\/p><h2><img loading=\"lazy\" decoding=\"async\" class=\"alignnone wp-image-19325 size-medium\" src=\"https:\/\/spcdn.shortpixel.ai\/spio\/ret_img,q_cdnize,to_auto,s_webp:avif\/tamron-americas.com\/wp-content\/uploads\/2026\/04\/TIPA-awards-2026-logo-231x300.png\" alt=\"Logotipo do Pr\u00eamio TIPA 2026\" width=\"231\" height=\"300\" \/><\/h2><h2><img loading=\"lazy\" decoding=\"async\" class=\"alignnone wp-image-19326 size-medium\" src=\"https:\/\/spcdn.shortpixel.ai\/spio\/ret_img,q_cdnize,to_auto,s_webp:avif\/tamron-americas.com\/wp-content\/uploads\/2026\/04\/a064s-style-tipa-2026-300x186.webp\" alt=\"A lente Tamron 16-30 mm ganha o pr\u00eamio TIPA 2026\" width=\"300\" height=\"186\" \/><\/h2><p>MELHOR LENTE ZOOM GRANDE ANGULAR FULL FRAME<br \/>16-30 mm F\/2.8 <span class=\"no-break\">Di III<\/span> VXD G2 (modelo A064)<\/p><h2><img loading=\"lazy\" decoding=\"async\" class=\"alignnone wp-image-19327 size-medium\" src=\"https:\/\/spcdn.shortpixel.ai\/spio\/ret_img,q_cdnize,to_auto,s_webp:avif\/tamron-americas.com\/wp-content\/uploads\/2026\/04\/a078s-style-tipa-2026-300x175.webp\" alt=\"Tamron 35-100mm ganha o Pr\u00eamio TIPA 2026\" width=\"300\" height=\"175\" \/><\/h2><p>MELHOR LENTE DE VIAGEM FULL FRAME<br \/>35-100 mm F\/2.8 <span class=\"no-break\">Di III<\/span> VXD (modelo A078)<\/p><p><strong>Trecho da Cita\u00e7\u00e3o de Pr\u00eamio do J\u00fari do TIPA:<\/strong><\/p><p><strong>MELHOR LENTE ZOOM GRANDE ANGULAR FULL FRAME<\/strong><br \/><a href=\"https:\/\/tamron-americas.com\/pt\/produto\/16-30-mm-f-2-8-di-iii-vxd-g2\/\"><strong>TAMRON 16-30 mm F\/2.8 <span class=\"no-break\">Di III<\/span> VXD G2 (modelo A064)<\/strong><\/a><br \/>Esse zoom ultra grande angular leve e r\u00e1pido oferece nitidez excepcional de ponta a ponta, mesmo em F2.8. Ela combina um desempenho \u00f3ptico excepcional com uma constru\u00e7\u00e3o robusta e resistente \u00e0 umidade, adequada para ambientes exigentes. Sua impressionante versatilidade a torna ideal para capturar uma ampla variedade de assuntos, mesmo em condi\u00e7\u00f5es de ilumina\u00e7\u00e3o desafiadoras, o que a torna uma op\u00e7\u00e3o vers\u00e1til para fotografia de paisagem, arquitetura, eventos e viagens. Em termos de desempenho, ela oferece autofoco r\u00e1pido e confi\u00e1vel para garantir o sucesso na captura de fotos e v\u00eddeos. Essa lente econ\u00f4mica tem uma MOD (Dist\u00e2ncia M\u00ednima do Objeto) de 0,19 m a 16 mm e 0,3 m a 30 mm, criando ainda mais potencial para oportunidades de imagens interessantes.<\/p><p><strong>MELHOR LENTE DE VIAGEM FULL FRAME <\/strong><br \/><a href=\"https:\/\/tamron-americas.com\/pt\/produto\/35-100-mm-f-2-8-di-iii-vxd\/\"><strong>TAMRON 35-100 mm F\/2.8 <span class=\"no-break\">Di III<\/span> VXD (modelo A078)<\/strong><\/a><br \/>Essa lente pr\u00e1tica, que pode ser levada para qualquer lugar, oferece uma combina\u00e7\u00e3o excepcional de desempenho \u00f3ptico, portabilidade e inova\u00e7\u00e3o. Ela proporciona imagens consistentemente n\u00edtidas em toda a sua vers\u00e1til faixa de zoom e mant\u00e9m uma abertura F2.8 brilhante, destacando-se em condi\u00e7\u00f5es de pouca luz e produzindo profundidade e nitidez maravilhosamente renderizadas. O avan\u00e7ado mecanismo de foco com motor linear VXD (Voice-coil eXtreme-torque Drive) garante um foco r\u00e1pido, preciso e silencioso para atender \u00e0s demandas de criadores de fotos e v\u00eddeos. Incrivelmente compacta e leve para sua classe, essa lente redefine a mobilidade sem comprometer a qualidade da imagem.<\/p><p><strong>Pr\u00eamios TIPA recebidos<\/strong><br \/>- MELHOR LENTE DSLR EXPERT DE 2014; SP 150-600mm F\/5-6.3 Di VC USD (Modelo A011)<br \/>- 2015 MELHOR LENTE DE N\u00cdVEL INICIAL DA CSC; 14-150 mm F\/3.5-5.8 <span class=\"no-break\">Di III<\/span> (Modelo C001)<br \/>- MELHOR LENTE PRIME DSLR DE 2016; SP 35mm F\/1.8 Di VC USD (Modelo F012)<br \/>MELHOR LENTE DSLR DE N\u00cdVEL INICIAL; 18-200 mm F\/3.5-6.3 Di II VC (Modelo B018)<br \/>- MELHOR LENTE DE ZOOM PARA DSLR DE 2017; SP 150-600 mm F\/5-6,3 Di VC USD G2 (Modelo A022)<br \/>- 2018 MELHOR LENTE DE ZOOM PARA DSLR TELEFOTOS; 70-210 mm F\/4 Di VC USD (Modelo A034)<br \/>MELHOR LENTE DSLR SUPERZOOM; 18-400 mm F\/3.5-6.3 Di II VC HLD (Modelo B028)<br \/>- MELHOR LENTE ZOOM PADR\u00c3O SEM ESPELHO DE 2019; 28-75 mm F\/2.8 <span class=\"no-break\">Di III<\/span> RXD (modelo A036)<br \/>- 2020 MELHOR LENTE PRIME PARA DSLR; SP 35mm F\/1.4 Di USD (Modelo F045)<br \/>- 2021 MELHOR LENTE ZOOM PADR\u00c3O; 17-70 mm F\/2.8 <span class=\"no-break\"><span class=\"no-break\">Di III<\/span>-A<\/span> VC RXD (modelo B070)<br \/>MELHOR LENTE ZOOM PARA TELEFOTOS; 70-180 mm F\/2.8 <span class=\"no-break\">Di III<\/span> VXD (modelo A056)<br \/>- 2022 MELHOR LENTE ZOOM ULTRA TELEF\u00d3TICA DE QUADRO COMPLETO; 150-500 mm F\/5-6,7 <span class=\"no-break\">Di III<\/span> VC VXD (modelo A057)<br \/>MELHOR LENTE ZOOM PARA VIAGENS; 35-150 mm F\/2-2.8 <span class=\"no-break\">Di III<\/span> VXD (modelo A058)<br \/>- 2023 MELHOR LENTE ZOOM PARA TELEFOTOS; 50-400 mm F\/4.5-6.3 <span class=\"no-break\">Di III<\/span> VC VXD (modelo A067)<br \/>MELHOR LENTE DE CRIA\u00c7\u00c3O DE CONTE\u00daDO; 20-40 mm F\/2.8 <span class=\"no-break\">Di III<\/span> VXD (modelo A062)<br \/>- 2024 MELHOR LENTE ZOOM DE GRANDE ANGULAR; 17-50 mm F\/4 <span class=\"no-break\">Di III<\/span> VXD (modelo A068)<br \/>MELHOR LENTE ZOOM PARA TELEFOTOS; 70-180 mm F\/2.8 <span class=\"no-break\">Di III<\/span> VC VXD G2 (modelo A065)<br \/>- 2025 MELHOR LENTE SUPERZOOM; 50-300 mm F\/4.5-6.3 <span class=\"no-break\">Di III<\/span> VC VXD (modelo A069)<br \/>MELHOR LENTE MACRO; 90 mm F\/2.8 <span class=\"no-break\">Di III<\/span> MACRO VXD (Modelo F072)<br \/>- 2026 MELHOR LENTE ZOOM DE GRANDE-\u00c2NGULO FULL FRAME; 16-30 mm F\/2.8 <span class=\"no-break\">Di III<\/span> VXD G2 (modelo A064)<br \/>MELHOR LENTE DE VIAGEM PARA QUADRO COMPLETO; 35-100 mm F\/2.8 <span class=\"no-break\">Di III<\/span> VXD (modelo A078)<\/p><p><strong>Sobre o Pr\u00eamio TIPA<\/strong><br \/>Os pr\u00eamios TIPA WORLD AWARDS reconhecem e homenageiam as empresas do setor e seus produtos, al\u00e9m de servirem como uma importante refer\u00eancia e guia para os consumidores tomarem suas decis\u00f5es de compra. Em uma recente pesquisa com leitores realizada por uma empresa de pesquisa independente, por exemplo, bem mais de 65% dos leitores das revistas associadas conhecem o pr\u00eamio como um reconhecimento da excel\u00eancia no setor fotogr\u00e1fico.<\/p><p>Para perguntas sobre a m\u00eddia, entre em contato:<br \/>Jessica Kelly, gerente de comunica\u00e7\u00f5es de marketing, <a href=\"mailto:kelly@tamron.com\">kelly@tamron.com<\/a><\/p><p><strong>Sobre a Tamron Co., Ltd.<\/strong><br \/>A TAMRON fornece uma ampla gama de produtos \u00f3pticos originais, desde lentes intercambi\u00e1veis para c\u00e2meras digitais at\u00e9 v\u00e1rios dispositivos \u00f3pticos para o consumidor em geral e OEM. Fabricamos produtos \u00f3pticos que contribuem para uma s\u00e9rie de setores diferentes e continuaremos a dedicar nossa rica criatividade e nossa capacidade t\u00e9cnica de ponta a v\u00e1rios campos industriais. Al\u00e9m disso, a TAMRON tem plena consci\u00eancia de sua responsabilidade para com o meio ambiente e aspira a ajudar a preservar o ambiente natural em todas as suas atividades comerciais. Para obter mais detalhes, visite o site oficial da Tamron Co., Ltd. (<a href=\"https:\/\/www.tamron.com\/global\/\" target=\"_blank\" rel=\"noopener\">https:\/\/www.tamron.com\/global\/<\/a>)<\/p><p><strong>Linha de produtos \u00f3pticos:<\/strong><br \/>Lentes intercambi\u00e1veis para c\u00e2meras Mirrorless e DSLR, lentes para c\u00e2meras de vigil\u00e2ncia em rede, lentes para FA e vis\u00e3o mec\u00e2nica, lentes para teleconfer\u00eancia, m\u00f3dulos de c\u00e2mera, lentes para c\u00e2meras automotivas, lentes para c\u00e2meras digitais compactas e c\u00e2meras de v\u00eddeo, lentes para drones, dispositivos m\u00e9dicos e v\u00e1rias unidades de dispositivos \u00f3pticos.<\/p><p>\u00a0<\/p><p># \u00a0\u00a0\u00a0 # \u00a0\u00a0\u00a0 #<\/p><p>4\/17\/2026<\/p><p>\u00a0<\/p><\/div><\/div>\t\t\t\t\t\t\t\t<\/div>\n\t\t\t\t<\/div>\n\t\t\t\t\t<\/div>\n\t\t\t\t<\/div>\n\t\t\t\t<\/div>","protected":false},"excerpt":{"rendered":"<p>\u00a0 16-30mm F\/2.8 Di III VXD G2 and 35-100mm F\/2.8 Di III VXD receive awards in their respective categories \u00a0 [&hellip;]<\/p>\n","protected":false},"author":7,"featured_media":0,"comment_status":"closed","ping_status":"closed","sticky":false,"template":"elementor_theme","format":"standard","meta":{"_acf_changed":true,"site-sidebar-layout":"default","site-content-layout":"","ast-site-content-layout":"","site-content-style":"default","site-sidebar-style":"default","ast-global-header-display":"","ast-banner-title-visibility":"","ast-main-header-display":"","ast-hfb-above-header-display":"","ast-hfb-below-header-display":"","ast-hfb-mobile-header-display":"","site-post-title":"","ast-breadcrumbs-content":"","ast-featured-img":"","footer-sml-layout":"","ast-disable-related-posts":"","theme-transparent-header-meta":"","adv-header-id-meta":"","stick-header-meta":"","header-above-stick-meta":"","header-main-stick-meta":"","header-below-stick-meta":"","astra-migrate-meta-layouts":"default","ast-page-background-enabled":"default","ast-page-background-meta":{"desktop":{"background-color":"var(--ast-global-color-4)","background-image":"","background-repeat":"repeat","background-position":"center center","background-size":"auto","background-attachment":"scroll","background-type":"","background-media":"","overlay-type":"","overlay-color":"","overlay-opacity":"","overlay-gradient":""},"tablet":{"background-color":"","background-image":"","background-repeat":"repeat","background-position":"center center","background-size":"auto","background-attachment":"scroll","background-type":"","background-media":"","overlay-type":"","overlay-color":"","overlay-opacity":"","overlay-gradient":""},"mobile":{"background-color":"","background-image":"","background-repeat":"repeat","background-position":"center center","background-size":"auto","background-attachment":"scroll","background-type":"","background-media":"","overlay-type":"","overlay-color":"","overlay-opacity":"","overlay-gradient":""}},"ast-content-background-meta":{"desktop":{"background-color":"var(--ast-global-color-5)","background-image":"","background-repeat":"repeat","background-position":"center center","background-size":"auto","background-attachment":"scroll","background-type":"","background-media":"","overlay-type":"","overlay-color":"","overlay-opacity":"","overlay-gradient":""},"tablet":{"background-color":"var(--ast-global-color-5)","background-image":"","background-repeat":"repeat","background-position":"center center","background-size":"auto","background-attachment":"scroll","background-type":"","background-media":"","overlay-type":"","overlay-color":"","overlay-opacity":"","overlay-gradient":""},"mobile":{"background-color":"var(--ast-global-color-5)","background-image":"","background-repeat":"repeat","background-position":"center center","background-size":"auto","background-attachment":"scroll","background-type":"","background-media":"","overlay-type":"","overlay-color":"","overlay-opacity":"","overlay-gradient":""}},"footnotes":""},"categories":[122],"tags":[194,196],"class_list":["post-19324","post","type-post","status-publish","format-standard","hentry","category-news","tag-press-release","tag-tamron"],"acf":[],"yoast_head":"<!-- This site is optimized with the Yoast SEO Premium plugin v27.4 (Yoast SEO v27.4) - https:\/\/yoast.com\/product\/yoast-seo-premium-wordpress\/ -->\n<title>TAMRON Lenses Honored with Two Prestigious TIPA Awards<\/title>\n<meta name=\"description\" content=\"Tamron announces the presentation by TIPA of its TIPA Award to two lenses; the 16-30mm G2 (Model A064) and the 35-100mm (Model A078) .\" \/>\n<meta name=\"robots\" content=\"index, follow, max-snippet:-1, max-image-preview:large, max-video-preview:-1\" \/>\n<link rel=\"canonical\" href=\"https:\/\/tamron-americas.com\/pt\/lentes-tamron-premios-tipa-2026\/\" \/>\n<meta property=\"og:locale\" content=\"pt_BR\" \/>\n<meta property=\"og:type\" content=\"article\" \/>\n<meta property=\"og:title\" content=\"TAMRON Lenses Honored with Two Prestigious TIPA Awards in 2026\" \/>\n<meta property=\"og:description\" content=\"Tamron announces the presentation by TIPA of its TIPA Award to two lenses; the 16-30mm G2 (Model A064) and the 35-100mm (Model A078) .\" \/>\n<meta property=\"og:url\" content=\"https:\/\/tamron-americas.com\/pt\/lentes-tamron-premios-tipa-2026\/\" \/>\n<meta property=\"og:site_name\" content=\"Tamron Americas\" \/>\n<meta property=\"article:published_time\" content=\"2026-04-17T06:01:00+00:00\" \/>\n<meta property=\"og:image\" content=\"https:\/\/tamron-americas.com\/wp-content\/uploads\/2026\/04\/TIPA-awards-2026-logo.png\" \/>\n\t<meta property=\"og:image:width\" content=\"644\" \/>\n\t<meta property=\"og:image:height\" content=\"835\" \/>\n\t<meta property=\"og:image:type\" content=\"image\/png\" \/>\n<meta name=\"author\" content=\"evans@tamron.com\" \/>\n<meta name=\"twitter:card\" content=\"summary_large_image\" \/>\n<meta name=\"twitter:label1\" content=\"Escrito por\" \/>\n\t<meta name=\"twitter:data1\" content=\"evans@tamron.com\" \/>\n\t<meta name=\"twitter:label2\" content=\"Est. tempo de leitura\" \/>\n\t<meta name=\"twitter:data2\" content=\"5 minutos\" \/>\n<script type=\"application\/ld+json\" class=\"yoast-schema-graph\">{\"@context\":\"https:\\\/\\\/schema.org\",\"@graph\":[{\"@type\":\"Article\",\"@id\":\"https:\\\/\\\/tamron-americas.com\\\/tamron-lenses-tipa-awards-2026\\\/#article\",\"isPartOf\":{\"@id\":\"https:\\\/\\\/tamron-americas.com\\\/tamron-lenses-tipa-awards-2026\\\/\"},\"author\":{\"name\":\"evans@tamron.com\",\"@id\":\"https:\\\/\\\/tamron-americas.com\\\/#\\\/schema\\\/person\\\/0c5a8453f7637345176beaf26a3b3670\"},\"headline\":\"TAMRON Lenses Honored with Two Prestigious TIPA Awards in 2026\",\"datePublished\":\"2026-04-17T06:01:00+00:00\",\"mainEntityOfPage\":{\"@id\":\"https:\\\/\\\/tamron-americas.com\\\/tamron-lenses-tipa-awards-2026\\\/\"},\"wordCount\":856,\"publisher\":{\"@id\":\"https:\\\/\\\/tamron-americas.com\\\/#organization\"},\"image\":{\"@id\":\"https:\\\/\\\/tamron-americas.com\\\/tamron-lenses-tipa-awards-2026\\\/#primaryimage\"},\"thumbnailUrl\":\"https:\\\/\\\/tamron-americas.com\\\/wp-content\\\/uploads\\\/2026\\\/04\\\/TIPA-awards-2026-logo-231x300.png\",\"keywords\":[\"Press Release\",\"TAMRON\"],\"articleSection\":[\"News\"],\"inLanguage\":\"pt-BR\"},{\"@type\":\"WebPage\",\"@id\":\"https:\\\/\\\/tamron-americas.com\\\/tamron-lenses-tipa-awards-2026\\\/\",\"url\":\"https:\\\/\\\/tamron-americas.com\\\/tamron-lenses-tipa-awards-2026\\\/\",\"name\":\"TAMRON Lenses Honored with Two Prestigious TIPA Awards\",\"isPartOf\":{\"@id\":\"https:\\\/\\\/tamron-americas.com\\\/#website\"},\"primaryImageOfPage\":{\"@id\":\"https:\\\/\\\/tamron-americas.com\\\/tamron-lenses-tipa-awards-2026\\\/#primaryimage\"},\"image\":{\"@id\":\"https:\\\/\\\/tamron-americas.com\\\/tamron-lenses-tipa-awards-2026\\\/#primaryimage\"},\"thumbnailUrl\":\"https:\\\/\\\/tamron-americas.com\\\/wp-content\\\/uploads\\\/2026\\\/04\\\/TIPA-awards-2026-logo-231x300.png\",\"datePublished\":\"2026-04-17T06:01:00+00:00\",\"description\":\"Tamron announces the presentation by TIPA of its TIPA Award to two lenses; the 16-30mm G2 (Model A064) and the 35-100mm (Model A078) .\",\"breadcrumb\":{\"@id\":\"https:\\\/\\\/tamron-americas.com\\\/tamron-lenses-tipa-awards-2026\\\/#breadcrumb\"},\"inLanguage\":\"pt-BR\",\"potentialAction\":[{\"@type\":\"ReadAction\",\"target\":[\"https:\\\/\\\/tamron-americas.com\\\/tamron-lenses-tipa-awards-2026\\\/\"]}]},{\"@type\":\"ImageObject\",\"inLanguage\":\"pt-BR\",\"@id\":\"https:\\\/\\\/tamron-americas.com\\\/tamron-lenses-tipa-awards-2026\\\/#primaryimage\",\"url\":\"https:\\\/\\\/tamron-americas.com\\\/wp-content\\\/uploads\\\/2026\\\/04\\\/TIPA-awards-2026-logo-231x300.png\",\"contentUrl\":\"https:\\\/\\\/tamron-americas.com\\\/wp-content\\\/uploads\\\/2026\\\/04\\\/TIPA-awards-2026-logo-231x300.png\"},{\"@type\":\"BreadcrumbList\",\"@id\":\"https:\\\/\\\/tamron-americas.com\\\/tamron-lenses-tipa-awards-2026\\\/#breadcrumb\",\"itemListElement\":[{\"@type\":\"ListItem\",\"position\":1,\"name\":\"Home\",\"item\":\"https:\\\/\\\/tamron-americas.com\\\/\"},{\"@type\":\"ListItem\",\"position\":2,\"name\":\"TAMRON Lenses Honored with Two Prestigious TIPA Awards in 2026\"}]},{\"@type\":\"WebSite\",\"@id\":\"https:\\\/\\\/tamron-americas.com\\\/#website\",\"url\":\"https:\\\/\\\/tamron-americas.com\\\/\",\"name\":\"Tamron Americas\",\"description\":\"\",\"publisher\":{\"@id\":\"https:\\\/\\\/tamron-americas.com\\\/#organization\"},\"potentialAction\":[{\"@type\":\"SearchAction\",\"target\":{\"@type\":\"EntryPoint\",\"urlTemplate\":\"https:\\\/\\\/tamron-americas.com\\\/?s={search_term_string}\"},\"query-input\":{\"@type\":\"PropertyValueSpecification\",\"valueRequired\":true,\"valueName\":\"search_term_string\"}}],\"inLanguage\":\"pt-BR\"},{\"@type\":\"Organization\",\"@id\":\"https:\\\/\\\/tamron-americas.com\\\/#organization\",\"name\":\"Tamron USA\",\"url\":\"https:\\\/\\\/tamron-americas.com\\\/\",\"logo\":{\"@type\":\"ImageObject\",\"inLanguage\":\"pt-BR\",\"@id\":\"https:\\\/\\\/tamron-americas.com\\\/#\\\/schema\\\/logo\\\/image\\\/\",\"url\":\"https:\\\/\\\/tamron-americas.com\\\/wp-content\\\/uploads\\\/2024\\\/07\\\/logo.svg\",\"contentUrl\":\"https:\\\/\\\/tamron-americas.com\\\/wp-content\\\/uploads\\\/2024\\\/07\\\/logo.svg\",\"width\":190,\"height\":31,\"caption\":\"Tamron USA\"},\"image\":{\"@id\":\"https:\\\/\\\/tamron-americas.com\\\/#\\\/schema\\\/logo\\\/image\\\/\"}},{\"@type\":\"Person\",\"@id\":\"https:\\\/\\\/tamron-americas.com\\\/#\\\/schema\\\/person\\\/0c5a8453f7637345176beaf26a3b3670\",\"name\":\"evans@tamron.com\"}]}<\/script>\n<!-- \/ Yoast SEO Premium plugin. -->","yoast_head_json":{"title":"Lentes TAMRON s\u00e3o homenageadas com dois pr\u00eamios TIPA de prest\u00edgio","description":"A Tamron anuncia a entrega do Pr\u00eamio TIPA a duas lentes: a 16-30mm G2 (Modelo A064) e a 35-100mm (Modelo A078). .","robots":{"index":"index","follow":"follow","max-snippet":"max-snippet:-1","max-image-preview":"max-image-preview:large","max-video-preview":"max-video-preview:-1"},"canonical":"https:\/\/tamron-americas.com\/pt\/lentes-tamron-premios-tipa-2026\/","og_locale":"pt_BR","og_type":"article","og_title":"TAMRON Lenses Honored with Two Prestigious TIPA Awards in 2026","og_description":"Tamron announces the presentation by TIPA of its TIPA Award to two lenses; the 16-30mm G2 (Model A064) and the 35-100mm (Model A078) .","og_url":"https:\/\/tamron-americas.com\/pt\/lentes-tamron-premios-tipa-2026\/","og_site_name":"Tamron Americas","article_published_time":"2026-04-17T06:01:00+00:00","og_image":[{"width":644,"height":835,"url":"https:\/\/tamron-americas.com\/wp-content\/uploads\/2026\/04\/TIPA-awards-2026-logo.png","type":"image\/png"}],"author":"evans@tamron.com","twitter_card":"summary_large_image","twitter_misc":{"Escrito por":"evans@tamron.com","Est. tempo de leitura":"5 minutos"},"schema":{"@context":"https:\/\/schema.org","@graph":[{"@type":"Article","@id":"https:\/\/tamron-americas.com\/tamron-lenses-tipa-awards-2026\/#article","isPartOf":{"@id":"https:\/\/tamron-americas.com\/tamron-lenses-tipa-awards-2026\/"},"author":{"name":"evans@tamron.com","@id":"https:\/\/tamron-americas.com\/#\/schema\/person\/0c5a8453f7637345176beaf26a3b3670"},"headline":"TAMRON Lenses Honored with Two Prestigious TIPA Awards in 2026","datePublished":"2026-04-17T06:01:00+00:00","mainEntityOfPage":{"@id":"https:\/\/tamron-americas.com\/tamron-lenses-tipa-awards-2026\/"},"wordCount":856,"publisher":{"@id":"https:\/\/tamron-americas.com\/#organization"},"image":{"@id":"https:\/\/tamron-americas.com\/tamron-lenses-tipa-awards-2026\/#primaryimage"},"thumbnailUrl":"https:\/\/tamron-americas.com\/wp-content\/uploads\/2026\/04\/TIPA-awards-2026-logo-231x300.png","keywords":["Press Release","TAMRON"],"articleSection":["News"],"inLanguage":"pt-BR"},{"@type":"WebPage","@id":"https:\/\/tamron-americas.com\/tamron-lenses-tipa-awards-2026\/","url":"https:\/\/tamron-americas.com\/tamron-lenses-tipa-awards-2026\/","name":"TAMRON Lenses Honored with Two Prestigious TIPA Awards","isPartOf":{"@id":"https:\/\/tamron-americas.com\/#website"},"primaryImageOfPage":{"@id":"https:\/\/tamron-americas.com\/tamron-lenses-tipa-awards-2026\/#primaryimage"},"image":{"@id":"https:\/\/tamron-americas.com\/tamron-lenses-tipa-awards-2026\/#primaryimage"},"thumbnailUrl":"https:\/\/tamron-americas.com\/wp-content\/uploads\/2026\/04\/TIPA-awards-2026-logo-231x300.png","datePublished":"2026-04-17T06:01:00+00:00","description":"Tamron announces the presentation by TIPA of its TIPA Award to two lenses; the 16-30mm G2 (Model A064) and the 35-100mm (Model A078) .","breadcrumb":{"@id":"https:\/\/tamron-americas.com\/tamron-lenses-tipa-awards-2026\/#breadcrumb"},"inLanguage":"pt-BR","potentialAction":[{"@type":"ReadAction","target":["https:\/\/tamron-americas.com\/tamron-lenses-tipa-awards-2026\/"]}]},{"@type":"ImageObject","inLanguage":"pt-BR","@id":"https:\/\/tamron-americas.com\/tamron-lenses-tipa-awards-2026\/#primaryimage","url":"https:\/\/tamron-americas.com\/wp-content\/uploads\/2026\/04\/TIPA-awards-2026-logo-231x300.png","contentUrl":"https:\/\/tamron-americas.com\/wp-content\/uploads\/2026\/04\/TIPA-awards-2026-logo-231x300.png"},{"@type":"BreadcrumbList","@id":"https:\/\/tamron-americas.com\/tamron-lenses-tipa-awards-2026\/#breadcrumb","itemListElement":[{"@type":"ListItem","position":1,"name":"Home","item":"https:\/\/tamron-americas.com\/"},{"@type":"ListItem","position":2,"name":"TAMRON Lenses Honored with Two Prestigious TIPA Awards in 2026"}]},{"@type":"WebSite","@id":"https:\/\/tamron-americas.com\/#website","url":"https:\/\/tamron-americas.com\/","name":"Tamron Americas","description":"","publisher":{"@id":"https:\/\/tamron-americas.com\/#organization"},"potentialAction":[{"@type":"SearchAction","target":{"@type":"EntryPoint","urlTemplate":"https:\/\/tamron-americas.com\/?s={search_term_string}"},"query-input":{"@type":"PropertyValueSpecification","valueRequired":true,"valueName":"search_term_string"}}],"inLanguage":"pt-BR"},{"@type":"Organization","@id":"https:\/\/tamron-americas.com\/#organization","name":"Tamron USA","url":"https:\/\/tamron-americas.com\/","logo":{"@type":"ImageObject","inLanguage":"pt-BR","@id":"https:\/\/tamron-americas.com\/#\/schema\/logo\/image\/","url":"https:\/\/tamron-americas.com\/wp-content\/uploads\/2024\/07\/logo.svg","contentUrl":"https:\/\/tamron-americas.com\/wp-content\/uploads\/2024\/07\/logo.svg","width":190,"height":31,"caption":"Tamron USA"},"image":{"@id":"https:\/\/tamron-americas.com\/#\/schema\/logo\/image\/"}},{"@type":"Person","@id":"https:\/\/tamron-americas.com\/#\/schema\/person\/0c5a8453f7637345176beaf26a3b3670","name":"evans@tamron.com"}]}},"_links":{"self":[{"href":"https:\/\/tamron-americas.com\/pt\/wp-json\/wp\/v2\/posts\/19324","targetHints":{"allow":["GET"]}}],"collection":[{"href":"https:\/\/tamron-americas.com\/pt\/wp-json\/wp\/v2\/posts"}],"about":[{"href":"https:\/\/tamron-americas.com\/pt\/wp-json\/wp\/v2\/types\/post"}],"author":[{"embeddable":true,"href":"https:\/\/tamron-americas.com\/pt\/wp-json\/wp\/v2\/users\/7"}],"replies":[{"embeddable":true,"href":"https:\/\/tamron-americas.com\/pt\/wp-json\/wp\/v2\/comments?post=19324"}],"version-history":[{"count":0,"href":"https:\/\/tamron-americas.com\/pt\/wp-json\/wp\/v2\/posts\/19324\/revisions"}],"wp:attachment":[{"href":"https:\/\/tamron-americas.com\/pt\/wp-json\/wp\/v2\/media?parent=19324"}],"wp:term":[{"taxonomy":"category","embeddable":true,"href":"https:\/\/tamron-americas.com\/pt\/wp-json\/wp\/v2\/categories?post=19324"},{"taxonomy":"post_tag","embeddable":true,"href":"https:\/\/tamron-americas.com\/pt\/wp-json\/wp\/v2\/tags?post=19324"}],"curies":[{"name":"wp","href":"https:\/\/api.w.org\/{rel}","templated":true}]}},{"id":19328,"date":"2026-04-16T10:29:15","date_gmt":"2026-04-16T14:29:15","guid":{"rendered":"https:\/\/tamron-americas.com\/?p=19328"},"modified":"2026-04-16T10:29:15","modified_gmt":"2026-04-16T14:29:15","slug":"2026-apreciacao-do-cliente-da-allens-camera-spring","status":"publish","type":"post","link":"https:\/\/tamron-americas.com\/pt\/2026-allens-camera-spring-customer-appreciation\/","title":{"rendered":"2026 Aprecia\u00e7\u00e3o de clientes da Allen's Camera na primavera"},"content":{"rendered":"","protected":false},"excerpt":{"rendered":"","protected":false},"author":7,"featured_media":0,"comment_status":"closed","ping_status":"open","sticky":false,"template":"","format":"standard","meta":{"_acf_changed":true,"site-sidebar-layout":"default","site-content-layout":"","ast-site-content-layout":"","site-content-style":"default","site-sidebar-style":"default","ast-global-header-display":"","ast-banner-title-visibility":"","ast-main-header-display":"","ast-hfb-above-header-display":"","ast-hfb-below-header-display":"","ast-hfb-mobile-header-display":"","site-post-title":"","ast-breadcrumbs-content":"","ast-featured-img":"","footer-sml-layout":"","ast-disable-related-posts":"","theme-transparent-header-meta":"","adv-header-id-meta":"","stick-header-meta":"","header-above-stick-meta":"","header-main-stick-meta":"","header-below-stick-meta":"","astra-migrate-meta-layouts":"default","ast-page-background-enabled":"default","ast-page-background-meta":{"desktop":{"background-color":"var(--ast-global-color-4)","background-image":"","background-repeat":"repeat","background-position":"center center","background-size":"auto","background-attachment":"scroll","background-type":"","background-media":"","overlay-type":"","overlay-color":"","overlay-opacity":"","overlay-gradient":""},"tablet":{"background-color":"","background-image":"","background-repeat":"repeat","background-position":"center center","background-size":"auto","background-attachment":"scroll","background-type":"","background-media":"","overlay-type":"","overlay-color":"","overlay-opacity":"","overlay-gradient":""},"mobile":{"background-color":"","background-image":"","background-repeat":"repeat","background-position":"center center","background-size":"auto","background-attachment":"scroll","background-type":"","background-media":"","overlay-type":"","overlay-color":"","overlay-opacity":"","overlay-gradient":""}},"ast-content-background-meta":{"desktop":{"background-color":"var(--ast-global-color-5)","background-image":"","background-repeat":"repeat","background-position":"center center","background-size":"auto","background-attachment":"scroll","background-type":"","background-media":"","overlay-type":"","overlay-color":"","overlay-opacity":"","overlay-gradient":""},"tablet":{"background-color":"var(--ast-global-color-5)","background-image":"","background-repeat":"repeat","background-position":"center center","background-size":"auto","background-attachment":"scroll","background-type":"","background-media":"","overlay-type":"","overlay-color":"","overlay-opacity":"","overlay-gradient":""},"mobile":{"background-color":"var(--ast-global-color-5)","background-image":"","background-repeat":"repeat","background-position":"center center","background-size":"auto","background-attachment":"scroll","background-type":"","background-media":"","overlay-type":"","overlay-color":"","overlay-opacity":"","overlay-gradient":""}},"footnotes":""},"categories":[81],"tags":[],"class_list":["post-19328","post","type-post","status-publish","format-standard","hentry","category-events"],"acf":[],"yoast_head":"<!-- This site is optimized with the Yoast SEO Premium plugin v27.4 (Yoast SEO v27.4) - https:\/\/yoast.com\/product\/yoast-seo-premium-wordpress\/ -->\n<title>Allen&#039;s Camera Spring Customer Appreciation | Tamron<\/title>\n<meta name=\"description\" content=\"Get ready for a day full of photography fun at Allen\u2019s Camera! This is the largest photography savings event of the year! In Store Only\" \/>\n<meta name=\"robots\" content=\"index, follow, max-snippet:-1, max-image-preview:large, max-video-preview:-1\" \/>\n<link rel=\"canonical\" href=\"https:\/\/tamron-americas.com\/pt\/2026-apreciacao-do-cliente-da-allens-camera-spring\/\" \/>\n<meta property=\"og:locale\" content=\"pt_BR\" \/>\n<meta property=\"og:type\" content=\"article\" \/>\n<meta property=\"og:title\" content=\"2026 Allen&#039;s Camera Spring Customer Appreciation\" \/>\n<meta property=\"og:description\" content=\"Get ready for a day full of photography fun at Allen\u2019s Camera! This is the largest photography savings event of the year! In Store Only\" \/>\n<meta property=\"og:url\" content=\"https:\/\/tamron-americas.com\/pt\/2026-apreciacao-do-cliente-da-allens-camera-spring\/\" \/>\n<meta property=\"og:site_name\" content=\"Tamron Americas\" \/>\n<meta property=\"article:published_time\" content=\"2026-04-16T14:29:15+00:00\" \/>\n<meta name=\"author\" content=\"evans@tamron.com\" \/>\n<meta name=\"twitter:card\" content=\"summary_large_image\" \/>\n<meta name=\"twitter:label1\" content=\"Escrito por\" \/>\n\t<meta name=\"twitter:data1\" content=\"evans@tamron.com\" \/>\n<script type=\"application\/ld+json\" class=\"yoast-schema-graph\">{\"@context\":\"https:\\\/\\\/schema.org\",\"@graph\":[{\"@type\":\"Article\",\"@id\":\"https:\\\/\\\/tamron-americas.com\\\/2026-allens-camera-spring-customer-appreciation\\\/#article\",\"isPartOf\":{\"@id\":\"https:\\\/\\\/tamron-americas.com\\\/2026-allens-camera-spring-customer-appreciation\\\/\"},\"author\":{\"name\":\"evans@tamron.com\",\"@id\":\"https:\\\/\\\/tamron-americas.com\\\/#\\\/schema\\\/person\\\/0c5a8453f7637345176beaf26a3b3670\"},\"headline\":\"2026 Allen&#8217;s Camera Spring Customer Appreciation\",\"datePublished\":\"2026-04-16T14:29:15+00:00\",\"mainEntityOfPage\":{\"@id\":\"https:\\\/\\\/tamron-americas.com\\\/2026-allens-camera-spring-customer-appreciation\\\/\"},\"wordCount\":6,\"publisher\":{\"@id\":\"https:\\\/\\\/tamron-americas.com\\\/#organization\"},\"articleSection\":[\"Events\"],\"inLanguage\":\"pt-BR\"},{\"@type\":\"WebPage\",\"@id\":\"https:\\\/\\\/tamron-americas.com\\\/2026-allens-camera-spring-customer-appreciation\\\/\",\"url\":\"https:\\\/\\\/tamron-americas.com\\\/2026-allens-camera-spring-customer-appreciation\\\/\",\"name\":\"Allen's Camera Spring Customer Appreciation | Tamron\",\"isPartOf\":{\"@id\":\"https:\\\/\\\/tamron-americas.com\\\/#website\"},\"datePublished\":\"2026-04-16T14:29:15+00:00\",\"description\":\"Get ready for a day full of photography fun at Allen\u2019s Camera! This is the largest photography savings event of the year! In Store Only\",\"breadcrumb\":{\"@id\":\"https:\\\/\\\/tamron-americas.com\\\/2026-allens-camera-spring-customer-appreciation\\\/#breadcrumb\"},\"inLanguage\":\"pt-BR\",\"potentialAction\":[{\"@type\":\"ReadAction\",\"target\":[\"https:\\\/\\\/tamron-americas.com\\\/2026-allens-camera-spring-customer-appreciation\\\/\"]}]},{\"@type\":\"BreadcrumbList\",\"@id\":\"https:\\\/\\\/tamron-americas.com\\\/2026-allens-camera-spring-customer-appreciation\\\/#breadcrumb\",\"itemListElement\":[{\"@type\":\"ListItem\",\"position\":1,\"name\":\"Home\",\"item\":\"https:\\\/\\\/tamron-americas.com\\\/\"},{\"@type\":\"ListItem\",\"position\":2,\"name\":\"2026 Allen&#8217;s Camera Spring Customer Appreciation\"}]},{\"@type\":\"WebSite\",\"@id\":\"https:\\\/\\\/tamron-americas.com\\\/#website\",\"url\":\"https:\\\/\\\/tamron-americas.com\\\/\",\"name\":\"Tamron Americas\",\"description\":\"\",\"publisher\":{\"@id\":\"https:\\\/\\\/tamron-americas.com\\\/#organization\"},\"potentialAction\":[{\"@type\":\"SearchAction\",\"target\":{\"@type\":\"EntryPoint\",\"urlTemplate\":\"https:\\\/\\\/tamron-americas.com\\\/?s={search_term_string}\"},\"query-input\":{\"@type\":\"PropertyValueSpecification\",\"valueRequired\":true,\"valueName\":\"search_term_string\"}}],\"inLanguage\":\"pt-BR\"},{\"@type\":\"Organization\",\"@id\":\"https:\\\/\\\/tamron-americas.com\\\/#organization\",\"name\":\"Tamron USA\",\"url\":\"https:\\\/\\\/tamron-americas.com\\\/\",\"logo\":{\"@type\":\"ImageObject\",\"inLanguage\":\"pt-BR\",\"@id\":\"https:\\\/\\\/tamron-americas.com\\\/#\\\/schema\\\/logo\\\/image\\\/\",\"url\":\"https:\\\/\\\/tamron-americas.com\\\/wp-content\\\/uploads\\\/2024\\\/07\\\/logo.svg\",\"contentUrl\":\"https:\\\/\\\/tamron-americas.com\\\/wp-content\\\/uploads\\\/2024\\\/07\\\/logo.svg\",\"width\":190,\"height\":31,\"caption\":\"Tamron USA\"},\"image\":{\"@id\":\"https:\\\/\\\/tamron-americas.com\\\/#\\\/schema\\\/logo\\\/image\\\/\"}},{\"@type\":\"Person\",\"@id\":\"https:\\\/\\\/tamron-americas.com\\\/#\\\/schema\\\/person\\\/0c5a8453f7637345176beaf26a3b3670\",\"name\":\"evans@tamron.com\"}]}<\/script>\n<!-- \/ Yoast SEO Premium plugin. -->","yoast_head_json":{"title":"Aprecia\u00e7\u00e3o do cliente na primavera da Allen's Camera | Tamron","description":"Prepare-se para um dia cheio de divers\u00e3o fotogr\u00e1fica na Allen's Camera! Este \u00e9 o maior evento de economia em fotografia do ano! Somente na loja","robots":{"index":"index","follow":"follow","max-snippet":"max-snippet:-1","max-image-preview":"max-image-preview:large","max-video-preview":"max-video-preview:-1"},"canonical":"https:\/\/tamron-americas.com\/pt\/2026-apreciacao-do-cliente-da-allens-camera-spring\/","og_locale":"pt_BR","og_type":"article","og_title":"2026 Allen's Camera Spring Customer Appreciation","og_description":"Get ready for a day full of photography fun at Allen\u2019s Camera! This is the largest photography savings event of the year! In Store Only","og_url":"https:\/\/tamron-americas.com\/pt\/2026-apreciacao-do-cliente-da-allens-camera-spring\/","og_site_name":"Tamron Americas","article_published_time":"2026-04-16T14:29:15+00:00","author":"evans@tamron.com","twitter_card":"summary_large_image","twitter_misc":{"Escrito por":"evans@tamron.com"},"schema":{"@context":"https:\/\/schema.org","@graph":[{"@type":"Article","@id":"https:\/\/tamron-americas.com\/2026-allens-camera-spring-customer-appreciation\/#article","isPartOf":{"@id":"https:\/\/tamron-americas.com\/2026-allens-camera-spring-customer-appreciation\/"},"author":{"name":"evans@tamron.com","@id":"https:\/\/tamron-americas.com\/#\/schema\/person\/0c5a8453f7637345176beaf26a3b3670"},"headline":"2026 Allen&#8217;s Camera Spring Customer Appreciation","datePublished":"2026-04-16T14:29:15+00:00","mainEntityOfPage":{"@id":"https:\/\/tamron-americas.com\/2026-allens-camera-spring-customer-appreciation\/"},"wordCount":6,"publisher":{"@id":"https:\/\/tamron-americas.com\/#organization"},"articleSection":["Events"],"inLanguage":"pt-BR"},{"@type":"WebPage","@id":"https:\/\/tamron-americas.com\/2026-allens-camera-spring-customer-appreciation\/","url":"https:\/\/tamron-americas.com\/2026-allens-camera-spring-customer-appreciation\/","name":"Allen's Camera Spring Customer Appreciation | Tamron","isPartOf":{"@id":"https:\/\/tamron-americas.com\/#website"},"datePublished":"2026-04-16T14:29:15+00:00","description":"Get ready for a day full of photography fun at Allen\u2019s Camera! This is the largest photography savings event of the year! In Store Only","breadcrumb":{"@id":"https:\/\/tamron-americas.com\/2026-allens-camera-spring-customer-appreciation\/#breadcrumb"},"inLanguage":"pt-BR","potentialAction":[{"@type":"ReadAction","target":["https:\/\/tamron-americas.com\/2026-allens-camera-spring-customer-appreciation\/"]}]},{"@type":"BreadcrumbList","@id":"https:\/\/tamron-americas.com\/2026-allens-camera-spring-customer-appreciation\/#breadcrumb","itemListElement":[{"@type":"ListItem","position":1,"name":"Home","item":"https:\/\/tamron-americas.com\/"},{"@type":"ListItem","position":2,"name":"2026 Allen&#8217;s Camera Spring Customer Appreciation"}]},{"@type":"WebSite","@id":"https:\/\/tamron-americas.com\/#website","url":"https:\/\/tamron-americas.com\/","name":"Tamron Americas","description":"","publisher":{"@id":"https:\/\/tamron-americas.com\/#organization"},"potentialAction":[{"@type":"SearchAction","target":{"@type":"EntryPoint","urlTemplate":"https:\/\/tamron-americas.com\/?s={search_term_string}"},"query-input":{"@type":"PropertyValueSpecification","valueRequired":true,"valueName":"search_term_string"}}],"inLanguage":"pt-BR"},{"@type":"Organization","@id":"https:\/\/tamron-americas.com\/#organization","name":"Tamron USA","url":"https:\/\/tamron-americas.com\/","logo":{"@type":"ImageObject","inLanguage":"pt-BR","@id":"https:\/\/tamron-americas.com\/#\/schema\/logo\/image\/","url":"https:\/\/tamron-americas.com\/wp-content\/uploads\/2024\/07\/logo.svg","contentUrl":"https:\/\/tamron-americas.com\/wp-content\/uploads\/2024\/07\/logo.svg","width":190,"height":31,"caption":"Tamron USA"},"image":{"@id":"https:\/\/tamron-americas.com\/#\/schema\/logo\/image\/"}},{"@type":"Person","@id":"https:\/\/tamron-americas.com\/#\/schema\/person\/0c5a8453f7637345176beaf26a3b3670","name":"evans@tamron.com"}]}},"_links":{"self":[{"href":"https:\/\/tamron-americas.com\/pt\/wp-json\/wp\/v2\/posts\/19328","targetHints":{"allow":["GET"]}}],"collection":[{"href":"https:\/\/tamron-americas.com\/pt\/wp-json\/wp\/v2\/posts"}],"about":[{"href":"https:\/\/tamron-americas.com\/pt\/wp-json\/wp\/v2\/types\/post"}],"author":[{"embeddable":true,"href":"https:\/\/tamron-americas.com\/pt\/wp-json\/wp\/v2\/users\/7"}],"replies":[{"embeddable":true,"href":"https:\/\/tamron-americas.com\/pt\/wp-json\/wp\/v2\/comments?post=19328"}],"version-history":[{"count":0,"href":"https:\/\/tamron-americas.com\/pt\/wp-json\/wp\/v2\/posts\/19328\/revisions"}],"wp:attachment":[{"href":"https:\/\/tamron-americas.com\/pt\/wp-json\/wp\/v2\/media?parent=19328"}],"wp:term":[{"taxonomy":"category","embeddable":true,"href":"https:\/\/tamron-americas.com\/pt\/wp-json\/wp\/v2\/categories?post=19328"},{"taxonomy":"post_tag","embeddable":true,"href":"https:\/\/tamron-americas.com\/pt\/wp-json\/wp\/v2\/tags?post=19328"}],"curies":[{"name":"wp","href":"https:\/\/api.w.org\/{rel}","templated":true}]}},{"id":19321,"date":"2026-04-15T15:21:03","date_gmt":"2026-04-15T19:21:03","guid":{"rendered":"https:\/\/tamron-americas.com\/?p=19321"},"modified":"2026-04-15T15:21:04","modified_gmt":"2026-04-15T19:21:04","slug":"2026-m-a-r-s-escola-regional-de-fotografia-profissional-do-meio-do-atlantico","status":"publish","type":"post","link":"https:\/\/tamron-americas.com\/pt\/2026-m-a-r-s-mid-atlantic-regional-school-of-professional-photography\/","title":{"rendered":"2026 M.A.R.S. (Escola Regional de Fotografia Profissional do Meio Atl\u00e2ntico)"},"content":{"rendered":"","protected":false},"excerpt":{"rendered":"","protected":false},"author":7,"featured_media":0,"comment_status":"closed","ping_status":"open","sticky":false,"template":"","format":"standard","meta":{"_acf_changed":true,"site-sidebar-layout":"default","site-content-layout":"","ast-site-content-layout":"","site-content-style":"default","site-sidebar-style":"default","ast-global-header-display":"","ast-banner-title-visibility":"","ast-main-header-display":"","ast-hfb-above-header-display":"","ast-hfb-below-header-display":"","ast-hfb-mobile-header-display":"","site-post-title":"","ast-breadcrumbs-content":"","ast-featured-img":"","footer-sml-layout":"","ast-disable-related-posts":"","theme-transparent-header-meta":"","adv-header-id-meta":"","stick-header-meta":"","header-above-stick-meta":"","header-main-stick-meta":"","header-below-stick-meta":"","astra-migrate-meta-layouts":"default","ast-page-background-enabled":"default","ast-page-background-meta":{"desktop":{"background-color":"var(--ast-global-color-4)","background-image":"","background-repeat":"repeat","background-position":"center center","background-size":"auto","background-attachment":"scroll","background-type":"","background-media":"","overlay-type":"","overlay-color":"","overlay-opacity":"","overlay-gradient":""},"tablet":{"background-color":"","background-image":"","background-repeat":"repeat","background-position":"center center","background-size":"auto","background-attachment":"scroll","background-type":"","background-media":"","overlay-type":"","overlay-color":"","overlay-opacity":"","overlay-gradient":""},"mobile":{"background-color":"","background-image":"","background-repeat":"repeat","background-position":"center center","background-size":"auto","background-attachment":"scroll","background-type":"","background-media":"","overlay-type":"","overlay-color":"","overlay-opacity":"","overlay-gradient":""}},"ast-content-background-meta":{"desktop":{"background-color":"var(--ast-global-color-5)","background-image":"","background-repeat":"repeat","background-position":"center center","background-size":"auto","background-attachment":"scroll","background-type":"","background-media":"","overlay-type":"","overlay-color":"","overlay-opacity":"","overlay-gradient":""},"tablet":{"background-color":"var(--ast-global-color-5)","background-image":"","background-repeat":"repeat","background-position":"center center","background-size":"auto","background-attachment":"scroll","background-type":"","background-media":"","overlay-type":"","overlay-color":"","overlay-opacity":"","overlay-gradient":""},"mobile":{"background-color":"var(--ast-global-color-5)","background-image":"","background-repeat":"repeat","background-position":"center center","background-size":"auto","background-attachment":"scroll","background-type":"","background-media":"","overlay-type":"","overlay-color":"","overlay-opacity":"","overlay-gradient":""}},"footnotes":""},"categories":[81],"tags":[],"class_list":["post-19321","post","type-post","status-publish","format-standard","hentry","category-events"],"acf":[],"yoast_head":"<!-- This site is optimized with the Yoast SEO Premium plugin v27.4 (Yoast SEO v27.4) - https:\/\/yoast.com\/product\/yoast-seo-premium-wordpress\/ -->\n<title>M.A.R.S. (Mid-Atlantic Regional School of Professional Photography)<\/title>\n<meta name=\"description\" content=\"MARS provides five days of intense photography training in an intimate, friendly, boutique environment.\" \/>\n<meta name=\"robots\" content=\"index, follow, max-snippet:-1, max-image-preview:large, max-video-preview:-1\" \/>\n<link rel=\"canonical\" href=\"https:\/\/tamron-americas.com\/pt\/2026-m-a-r-s-escola-regional-de-fotografia-profissional-do-meio-do-atlantico\/\" \/>\n<meta property=\"og:locale\" content=\"pt_BR\" \/>\n<meta property=\"og:type\" content=\"article\" \/>\n<meta property=\"og:title\" content=\"2026 M.A.R.S. (Mid-Atlantic Regional School of Professional Photography)\" \/>\n<meta property=\"og:description\" content=\"MARS provides five days of intense photography training in an intimate, friendly, boutique environment.\" \/>\n<meta property=\"og:url\" content=\"https:\/\/tamron-americas.com\/pt\/2026-m-a-r-s-escola-regional-de-fotografia-profissional-do-meio-do-atlantico\/\" \/>\n<meta property=\"og:site_name\" content=\"Tamron Americas\" \/>\n<meta property=\"article:published_time\" content=\"2026-04-15T19:21:03+00:00\" \/>\n<meta property=\"article:modified_time\" content=\"2026-04-15T19:21:04+00:00\" \/>\n<meta name=\"author\" content=\"evans@tamron.com\" \/>\n<meta name=\"twitter:card\" content=\"summary_large_image\" \/>\n<meta name=\"twitter:label1\" content=\"Escrito por\" \/>\n\t<meta name=\"twitter:data1\" content=\"evans@tamron.com\" \/>\n<script type=\"application\/ld+json\" class=\"yoast-schema-graph\">{\"@context\":\"https:\\\/\\\/schema.org\",\"@graph\":[{\"@type\":\"Article\",\"@id\":\"https:\\\/\\\/tamron-americas.com\\\/2026-m-a-r-s-mid-atlantic-regional-school-of-professional-photography\\\/#article\",\"isPartOf\":{\"@id\":\"https:\\\/\\\/tamron-americas.com\\\/2026-m-a-r-s-mid-atlantic-regional-school-of-professional-photography\\\/\"},\"author\":{\"name\":\"evans@tamron.com\",\"@id\":\"https:\\\/\\\/tamron-americas.com\\\/#\\\/schema\\\/person\\\/0c5a8453f7637345176beaf26a3b3670\"},\"headline\":\"2026 M.A.R.S. (Mid-Atlantic Regional School of Professional Photography)\",\"datePublished\":\"2026-04-15T19:21:03+00:00\",\"dateModified\":\"2026-04-15T19:21:04+00:00\",\"mainEntityOfPage\":{\"@id\":\"https:\\\/\\\/tamron-americas.com\\\/2026-m-a-r-s-mid-atlantic-regional-school-of-professional-photography\\\/\"},\"wordCount\":10,\"publisher\":{\"@id\":\"https:\\\/\\\/tamron-americas.com\\\/#organization\"},\"articleSection\":[\"Events\"],\"inLanguage\":\"pt-BR\"},{\"@type\":\"WebPage\",\"@id\":\"https:\\\/\\\/tamron-americas.com\\\/2026-m-a-r-s-mid-atlantic-regional-school-of-professional-photography\\\/\",\"url\":\"https:\\\/\\\/tamron-americas.com\\\/2026-m-a-r-s-mid-atlantic-regional-school-of-professional-photography\\\/\",\"name\":\"M.A.R.S. (Mid-Atlantic Regional School of Professional Photography)\",\"isPartOf\":{\"@id\":\"https:\\\/\\\/tamron-americas.com\\\/#website\"},\"datePublished\":\"2026-04-15T19:21:03+00:00\",\"dateModified\":\"2026-04-15T19:21:04+00:00\",\"description\":\"MARS provides five days of intense photography training in an intimate, friendly, boutique environment.\",\"breadcrumb\":{\"@id\":\"https:\\\/\\\/tamron-americas.com\\\/2026-m-a-r-s-mid-atlantic-regional-school-of-professional-photography\\\/#breadcrumb\"},\"inLanguage\":\"pt-BR\",\"potentialAction\":[{\"@type\":\"ReadAction\",\"target\":[\"https:\\\/\\\/tamron-americas.com\\\/2026-m-a-r-s-mid-atlantic-regional-school-of-professional-photography\\\/\"]}]},{\"@type\":\"BreadcrumbList\",\"@id\":\"https:\\\/\\\/tamron-americas.com\\\/2026-m-a-r-s-mid-atlantic-regional-school-of-professional-photography\\\/#breadcrumb\",\"itemListElement\":[{\"@type\":\"ListItem\",\"position\":1,\"name\":\"Home\",\"item\":\"https:\\\/\\\/tamron-americas.com\\\/\"},{\"@type\":\"ListItem\",\"position\":2,\"name\":\"2026 M.A.R.S. (Mid-Atlantic Regional School of Professional Photography)\"}]},{\"@type\":\"WebSite\",\"@id\":\"https:\\\/\\\/tamron-americas.com\\\/#website\",\"url\":\"https:\\\/\\\/tamron-americas.com\\\/\",\"name\":\"Tamron Americas\",\"description\":\"\",\"publisher\":{\"@id\":\"https:\\\/\\\/tamron-americas.com\\\/#organization\"},\"potentialAction\":[{\"@type\":\"SearchAction\",\"target\":{\"@type\":\"EntryPoint\",\"urlTemplate\":\"https:\\\/\\\/tamron-americas.com\\\/?s={search_term_string}\"},\"query-input\":{\"@type\":\"PropertyValueSpecification\",\"valueRequired\":true,\"valueName\":\"search_term_string\"}}],\"inLanguage\":\"pt-BR\"},{\"@type\":\"Organization\",\"@id\":\"https:\\\/\\\/tamron-americas.com\\\/#organization\",\"name\":\"Tamron USA\",\"url\":\"https:\\\/\\\/tamron-americas.com\\\/\",\"logo\":{\"@type\":\"ImageObject\",\"inLanguage\":\"pt-BR\",\"@id\":\"https:\\\/\\\/tamron-americas.com\\\/#\\\/schema\\\/logo\\\/image\\\/\",\"url\":\"https:\\\/\\\/tamron-americas.com\\\/wp-content\\\/uploads\\\/2024\\\/07\\\/logo.svg\",\"contentUrl\":\"https:\\\/\\\/tamron-americas.com\\\/wp-content\\\/uploads\\\/2024\\\/07\\\/logo.svg\",\"width\":190,\"height\":31,\"caption\":\"Tamron USA\"},\"image\":{\"@id\":\"https:\\\/\\\/tamron-americas.com\\\/#\\\/schema\\\/logo\\\/image\\\/\"}},{\"@type\":\"Person\",\"@id\":\"https:\\\/\\\/tamron-americas.com\\\/#\\\/schema\\\/person\\\/0c5a8453f7637345176beaf26a3b3670\",\"name\":\"evans@tamron.com\"}]}<\/script>\n<!-- \/ Yoast SEO Premium plugin. -->","yoast_head_json":{"title":"M.A.R.S. (Escola Regional de Fotografia Profissional do Meio Atl\u00e2ntico)","description":"O MARS oferece cinco dias de treinamento intenso em fotografia em um ambiente \u00edntimo, amig\u00e1vel e de butique.","robots":{"index":"index","follow":"follow","max-snippet":"max-snippet:-1","max-image-preview":"max-image-preview:large","max-video-preview":"max-video-preview:-1"},"canonical":"https:\/\/tamron-americas.com\/pt\/2026-m-a-r-s-escola-regional-de-fotografia-profissional-do-meio-do-atlantico\/","og_locale":"pt_BR","og_type":"article","og_title":"2026 M.A.R.S. (Mid-Atlantic Regional School of Professional Photography)","og_description":"MARS provides five days of intense photography training in an intimate, friendly, boutique environment.","og_url":"https:\/\/tamron-americas.com\/pt\/2026-m-a-r-s-escola-regional-de-fotografia-profissional-do-meio-do-atlantico\/","og_site_name":"Tamron Americas","article_published_time":"2026-04-15T19:21:03+00:00","article_modified_time":"2026-04-15T19:21:04+00:00","author":"evans@tamron.com","twitter_card":"summary_large_image","twitter_misc":{"Escrito por":"evans@tamron.com"},"schema":{"@context":"https:\/\/schema.org","@graph":[{"@type":"Article","@id":"https:\/\/tamron-americas.com\/2026-m-a-r-s-mid-atlantic-regional-school-of-professional-photography\/#article","isPartOf":{"@id":"https:\/\/tamron-americas.com\/2026-m-a-r-s-mid-atlantic-regional-school-of-professional-photography\/"},"author":{"name":"evans@tamron.com","@id":"https:\/\/tamron-americas.com\/#\/schema\/person\/0c5a8453f7637345176beaf26a3b3670"},"headline":"2026 M.A.R.S. (Mid-Atlantic Regional School of Professional Photography)","datePublished":"2026-04-15T19:21:03+00:00","dateModified":"2026-04-15T19:21:04+00:00","mainEntityOfPage":{"@id":"https:\/\/tamron-americas.com\/2026-m-a-r-s-mid-atlantic-regional-school-of-professional-photography\/"},"wordCount":10,"publisher":{"@id":"https:\/\/tamron-americas.com\/#organization"},"articleSection":["Events"],"inLanguage":"pt-BR"},{"@type":"WebPage","@id":"https:\/\/tamron-americas.com\/2026-m-a-r-s-mid-atlantic-regional-school-of-professional-photography\/","url":"https:\/\/tamron-americas.com\/2026-m-a-r-s-mid-atlantic-regional-school-of-professional-photography\/","name":"M.A.R.S. (Mid-Atlantic Regional School of Professional Photography)","isPartOf":{"@id":"https:\/\/tamron-americas.com\/#website"},"datePublished":"2026-04-15T19:21:03+00:00","dateModified":"2026-04-15T19:21:04+00:00","description":"MARS provides five days of intense photography training in an intimate, friendly, boutique environment.","breadcrumb":{"@id":"https:\/\/tamron-americas.com\/2026-m-a-r-s-mid-atlantic-regional-school-of-professional-photography\/#breadcrumb"},"inLanguage":"pt-BR","potentialAction":[{"@type":"ReadAction","target":["https:\/\/tamron-americas.com\/2026-m-a-r-s-mid-atlantic-regional-school-of-professional-photography\/"]}]},{"@type":"BreadcrumbList","@id":"https:\/\/tamron-americas.com\/2026-m-a-r-s-mid-atlantic-regional-school-of-professional-photography\/#breadcrumb","itemListElement":[{"@type":"ListItem","position":1,"name":"Home","item":"https:\/\/tamron-americas.com\/"},{"@type":"ListItem","position":2,"name":"2026 M.A.R.S. (Mid-Atlantic Regional School of Professional Photography)"}]},{"@type":"WebSite","@id":"https:\/\/tamron-americas.com\/#website","url":"https:\/\/tamron-americas.com\/","name":"Tamron Americas","description":"","publisher":{"@id":"https:\/\/tamron-americas.com\/#organization"},"potentialAction":[{"@type":"SearchAction","target":{"@type":"EntryPoint","urlTemplate":"https:\/\/tamron-americas.com\/?s={search_term_string}"},"query-input":{"@type":"PropertyValueSpecification","valueRequired":true,"valueName":"search_term_string"}}],"inLanguage":"pt-BR"},{"@type":"Organization","@id":"https:\/\/tamron-americas.com\/#organization","name":"Tamron USA","url":"https:\/\/tamron-americas.com\/","logo":{"@type":"ImageObject","inLanguage":"pt-BR","@id":"https:\/\/tamron-americas.com\/#\/schema\/logo\/image\/","url":"https:\/\/tamron-americas.com\/wp-content\/uploads\/2024\/07\/logo.svg","contentUrl":"https:\/\/tamron-americas.com\/wp-content\/uploads\/2024\/07\/logo.svg","width":190,"height":31,"caption":"Tamron USA"},"image":{"@id":"https:\/\/tamron-americas.com\/#\/schema\/logo\/image\/"}},{"@type":"Person","@id":"https:\/\/tamron-americas.com\/#\/schema\/person\/0c5a8453f7637345176beaf26a3b3670","name":"evans@tamron.com"}]}},"_links":{"self":[{"href":"https:\/\/tamron-americas.com\/pt\/wp-json\/wp\/v2\/posts\/19321","targetHints":{"allow":["GET"]}}],"collection":[{"href":"https:\/\/tamron-americas.com\/pt\/wp-json\/wp\/v2\/posts"}],"about":[{"href":"https:\/\/tamron-americas.com\/pt\/wp-json\/wp\/v2\/types\/post"}],"author":[{"embeddable":true,"href":"https:\/\/tamron-americas.com\/pt\/wp-json\/wp\/v2\/users\/7"}],"replies":[{"embeddable":true,"href":"https:\/\/tamron-americas.com\/pt\/wp-json\/wp\/v2\/comments?post=19321"}],"version-history":[{"count":0,"href":"https:\/\/tamron-americas.com\/pt\/wp-json\/wp\/v2\/posts\/19321\/revisions"}],"wp:attachment":[{"href":"https:\/\/tamron-americas.com\/pt\/wp-json\/wp\/v2\/media?parent=19321"}],"wp:term":[{"taxonomy":"category","embeddable":true,"href":"https:\/\/tamron-americas.com\/pt\/wp-json\/wp\/v2\/categories?post=19321"},{"taxonomy":"post_tag","embeddable":true,"href":"https:\/\/tamron-americas.com\/pt\/wp-json\/wp\/v2\/tags?post=19321"}],"curies":[{"name":"wp","href":"https:\/\/api.w.org\/{rel}","templated":true}]}}]