[{"id":19526,"date":"2026-04-30T11:00:16","date_gmt":"2026-04-30T15:00:16","guid":{"rendered":"https:\/\/tamron-americas.com\/?p=19526"},"modified":"2026-04-30T11:00:18","modified_gmt":"2026-04-30T15:00:18","slug":"2026-spring-sale-expo-avec-pixel-connection-cleveland","status":"publish","type":"post","link":"https:\/\/tamron-americas.com\/fr\/2026-spring-sale-expo-with-pixel-connection-cleveland\/","title":{"rendered":"2026 Spring Sale &amp; Expo avec Pixel Connection - Cleveland"},"content":{"rendered":"","protected":false},"excerpt":{"rendered":"","protected":false},"author":7,"featured_media":0,"comment_status":"closed","ping_status":"open","sticky":false,"template":"","format":"standard","meta":{"_acf_changed":true,"site-sidebar-layout":"default","site-content-layout":"","ast-site-content-layout":"","site-content-style":"default","site-sidebar-style":"default","ast-global-header-display":"","ast-banner-title-visibility":"","ast-main-header-display":"","ast-hfb-above-header-display":"","ast-hfb-below-header-display":"","ast-hfb-mobile-header-display":"","site-post-title":"","ast-breadcrumbs-content":"","ast-featured-img":"","footer-sml-layout":"","ast-disable-related-posts":"","theme-transparent-header-meta":"","adv-header-id-meta":"","stick-header-meta":"","header-above-stick-meta":"","header-main-stick-meta":"","header-below-stick-meta":"","astra-migrate-meta-layouts":"default","ast-page-background-enabled":"default","ast-page-background-meta":{"desktop":{"background-color":"var(--ast-global-color-4)","background-image":"","background-repeat":"repeat","background-position":"center center","background-size":"auto","background-attachment":"scroll","background-type":"","background-media":"","overlay-type":"","overlay-color":"","overlay-opacity":"","overlay-gradient":""},"tablet":{"background-color":"","background-image":"","background-repeat":"repeat","background-position":"center center","background-size":"auto","background-attachment":"scroll","background-type":"","background-media":"","overlay-type":"","overlay-color":"","overlay-opacity":"","overlay-gradient":""},"mobile":{"background-color":"","background-image":"","background-repeat":"repeat","background-position":"center center","background-size":"auto","background-attachment":"scroll","background-type":"","background-media":"","overlay-type":"","overlay-color":"","overlay-opacity":"","overlay-gradient":""}},"ast-content-background-meta":{"desktop":{"background-color":"var(--ast-global-color-5)","background-image":"","background-repeat":"repeat","background-position":"center center","background-size":"auto","background-attachment":"scroll","background-type":"","background-media":"","overlay-type":"","overlay-color":"","overlay-opacity":"","overlay-gradient":""},"tablet":{"background-color":"var(--ast-global-color-5)","background-image":"","background-repeat":"repeat","background-position":"center center","background-size":"auto","background-attachment":"scroll","background-type":"","background-media":"","overlay-type":"","overlay-color":"","overlay-opacity":"","overlay-gradient":""},"mobile":{"background-color":"var(--ast-global-color-5)","background-image":"","background-repeat":"repeat","background-position":"center center","background-size":"auto","background-attachment":"scroll","background-type":"","background-media":"","overlay-type":"","overlay-color":"","overlay-opacity":"","overlay-gradient":""}},"footnotes":""},"categories":[81],"tags":[],"class_list":["post-19526","post","type-post","status-publish","format-standard","hentry","category-events"],"acf":[],"yoast_head":"<!-- This site is optimized with the Yoast SEO Premium plugin v27.4 (Yoast SEO v27.4) - https:\/\/yoast.com\/product\/yoast-seo-premium-wordpress\/ -->\n<title>Spring Sale &amp; Expo with Pixel Connection - Cleveland | Tamron<\/title>\n<meta name=\"description\" content=\"Join us for a one-of-a-kind expo experience featuring the best deals and exclusive offers on top photo and video brands.\" \/>\n<meta name=\"robots\" content=\"index, follow, max-snippet:-1, max-image-preview:large, max-video-preview:-1\" \/>\n<link rel=\"canonical\" href=\"https:\/\/tamron-americas.com\/fr\/2026-spring-sale-expo-avec-pixel-connection-cleveland\/\" \/>\n<meta property=\"og:locale\" content=\"fr_CA\" \/>\n<meta property=\"og:type\" content=\"article\" \/>\n<meta property=\"og:title\" content=\"2026 Spring Sale &amp; Expo with Pixel Connection - Cleveland\" \/>\n<meta property=\"og:description\" content=\"Join us for a one-of-a-kind expo experience featuring the best deals and exclusive offers on top photo and video brands.\" \/>\n<meta property=\"og:url\" content=\"https:\/\/tamron-americas.com\/fr\/2026-spring-sale-expo-avec-pixel-connection-cleveland\/\" \/>\n<meta property=\"og:site_name\" content=\"Tamron Americas\" \/>\n<meta property=\"article:published_time\" content=\"2026-04-30T15:00:16+00:00\" \/>\n<meta property=\"article:modified_time\" content=\"2026-04-30T15:00:18+00:00\" \/>\n<meta name=\"author\" content=\"evans@tamron.com\" \/>\n<meta name=\"twitter:card\" content=\"summary_large_image\" \/>\n<meta name=\"twitter:label1\" content=\"\u00c9crit par\" \/>\n\t<meta name=\"twitter:data1\" content=\"evans@tamron.com\" \/>\n<script type=\"application\/ld+json\" class=\"yoast-schema-graph\">{\"@context\":\"https:\\\/\\\/schema.org\",\"@graph\":[{\"@type\":\"Article\",\"@id\":\"https:\\\/\\\/tamron-americas.com\\\/2026-spring-sale-expo-with-pixel-connection-cleveland\\\/#article\",\"isPartOf\":{\"@id\":\"https:\\\/\\\/tamron-americas.com\\\/2026-spring-sale-expo-with-pixel-connection-cleveland\\\/\"},\"author\":{\"name\":\"evans@tamron.com\",\"@id\":\"https:\\\/\\\/tamron-americas.com\\\/#\\\/schema\\\/person\\\/0c5a8453f7637345176beaf26a3b3670\"},\"headline\":\"2026 Spring Sale &amp; Expo with Pixel Connection &#8211; Cleveland\",\"datePublished\":\"2026-04-30T15:00:16+00:00\",\"dateModified\":\"2026-04-30T15:00:18+00:00\",\"mainEntityOfPage\":{\"@id\":\"https:\\\/\\\/tamron-americas.com\\\/2026-spring-sale-expo-with-pixel-connection-cleveland\\\/\"},\"wordCount\":9,\"publisher\":{\"@id\":\"https:\\\/\\\/tamron-americas.com\\\/#organization\"},\"articleSection\":[\"Events\"],\"inLanguage\":\"fr-CA\"},{\"@type\":\"WebPage\",\"@id\":\"https:\\\/\\\/tamron-americas.com\\\/2026-spring-sale-expo-with-pixel-connection-cleveland\\\/\",\"url\":\"https:\\\/\\\/tamron-americas.com\\\/2026-spring-sale-expo-with-pixel-connection-cleveland\\\/\",\"name\":\"Spring Sale & Expo with Pixel Connection - Cleveland | Tamron\",\"isPartOf\":{\"@id\":\"https:\\\/\\\/tamron-americas.com\\\/#website\"},\"datePublished\":\"2026-04-30T15:00:16+00:00\",\"dateModified\":\"2026-04-30T15:00:18+00:00\",\"description\":\"Join us for a one-of-a-kind expo experience featuring the best deals and exclusive offers on top photo and video brands.\",\"breadcrumb\":{\"@id\":\"https:\\\/\\\/tamron-americas.com\\\/2026-spring-sale-expo-with-pixel-connection-cleveland\\\/#breadcrumb\"},\"inLanguage\":\"fr-CA\",\"potentialAction\":[{\"@type\":\"ReadAction\",\"target\":[\"https:\\\/\\\/tamron-americas.com\\\/2026-spring-sale-expo-with-pixel-connection-cleveland\\\/\"]}]},{\"@type\":\"BreadcrumbList\",\"@id\":\"https:\\\/\\\/tamron-americas.com\\\/2026-spring-sale-expo-with-pixel-connection-cleveland\\\/#breadcrumb\",\"itemListElement\":[{\"@type\":\"ListItem\",\"position\":1,\"name\":\"Home\",\"item\":\"https:\\\/\\\/tamron-americas.com\\\/\"},{\"@type\":\"ListItem\",\"position\":2,\"name\":\"2026 Spring Sale &amp; Expo with Pixel Connection &#8211; Cleveland\"}]},{\"@type\":\"WebSite\",\"@id\":\"https:\\\/\\\/tamron-americas.com\\\/#website\",\"url\":\"https:\\\/\\\/tamron-americas.com\\\/\",\"name\":\"Tamron Americas\",\"description\":\"\",\"publisher\":{\"@id\":\"https:\\\/\\\/tamron-americas.com\\\/#organization\"},\"potentialAction\":[{\"@type\":\"SearchAction\",\"target\":{\"@type\":\"EntryPoint\",\"urlTemplate\":\"https:\\\/\\\/tamron-americas.com\\\/?s={search_term_string}\"},\"query-input\":{\"@type\":\"PropertyValueSpecification\",\"valueRequired\":true,\"valueName\":\"search_term_string\"}}],\"inLanguage\":\"fr-CA\"},{\"@type\":\"Organization\",\"@id\":\"https:\\\/\\\/tamron-americas.com\\\/#organization\",\"name\":\"Tamron USA\",\"url\":\"https:\\\/\\\/tamron-americas.com\\\/\",\"logo\":{\"@type\":\"ImageObject\",\"inLanguage\":\"fr-CA\",\"@id\":\"https:\\\/\\\/tamron-americas.com\\\/#\\\/schema\\\/logo\\\/image\\\/\",\"url\":\"https:\\\/\\\/tamron-americas.com\\\/wp-content\\\/uploads\\\/2024\\\/07\\\/logo.svg\",\"contentUrl\":\"https:\\\/\\\/tamron-americas.com\\\/wp-content\\\/uploads\\\/2024\\\/07\\\/logo.svg\",\"width\":190,\"height\":31,\"caption\":\"Tamron USA\"},\"image\":{\"@id\":\"https:\\\/\\\/tamron-americas.com\\\/#\\\/schema\\\/logo\\\/image\\\/\"}},{\"@type\":\"Person\",\"@id\":\"https:\\\/\\\/tamron-americas.com\\\/#\\\/schema\\\/person\\\/0c5a8453f7637345176beaf26a3b3670\",\"name\":\"evans@tamron.com\"}]}<\/script>\n<!-- \/ Yoast SEO Premium plugin. -->","yoast_head_json":{"title":"Vente de printemps et Expo avec Pixel Connection - Cleveland | Tamron","description":"Rejoignez-nous pour une exp\u00e9rience expo unique en son genre, avec les meilleures affaires et des offres exclusives sur les plus grandes marques de photo et de vid\u00e9o.","robots":{"index":"index","follow":"follow","max-snippet":"max-snippet:-1","max-image-preview":"max-image-preview:large","max-video-preview":"max-video-preview:-1"},"canonical":"https:\/\/tamron-americas.com\/fr\/2026-spring-sale-expo-avec-pixel-connection-cleveland\/","og_locale":"fr_CA","og_type":"article","og_title":"2026 Spring Sale &amp; Expo with Pixel Connection - Cleveland","og_description":"Join us for a one-of-a-kind expo experience featuring the best deals and exclusive offers on top photo and video brands.","og_url":"https:\/\/tamron-americas.com\/fr\/2026-spring-sale-expo-avec-pixel-connection-cleveland\/","og_site_name":"Tamron Americas","article_published_time":"2026-04-30T15:00:16+00:00","article_modified_time":"2026-04-30T15:00:18+00:00","author":"evans@tamron.com","twitter_card":"summary_large_image","twitter_misc":{"\u00c9crit par":"evans@tamron.com"},"schema":{"@context":"https:\/\/schema.org","@graph":[{"@type":"Article","@id":"https:\/\/tamron-americas.com\/2026-spring-sale-expo-with-pixel-connection-cleveland\/#article","isPartOf":{"@id":"https:\/\/tamron-americas.com\/2026-spring-sale-expo-with-pixel-connection-cleveland\/"},"author":{"name":"evans@tamron.com","@id":"https:\/\/tamron-americas.com\/#\/schema\/person\/0c5a8453f7637345176beaf26a3b3670"},"headline":"2026 Spring Sale &amp; Expo with Pixel Connection &#8211; Cleveland","datePublished":"2026-04-30T15:00:16+00:00","dateModified":"2026-04-30T15:00:18+00:00","mainEntityOfPage":{"@id":"https:\/\/tamron-americas.com\/2026-spring-sale-expo-with-pixel-connection-cleveland\/"},"wordCount":9,"publisher":{"@id":"https:\/\/tamron-americas.com\/#organization"},"articleSection":["Events"],"inLanguage":"fr-CA"},{"@type":"WebPage","@id":"https:\/\/tamron-americas.com\/2026-spring-sale-expo-with-pixel-connection-cleveland\/","url":"https:\/\/tamron-americas.com\/2026-spring-sale-expo-with-pixel-connection-cleveland\/","name":"Spring Sale & Expo with Pixel Connection - Cleveland | Tamron","isPartOf":{"@id":"https:\/\/tamron-americas.com\/#website"},"datePublished":"2026-04-30T15:00:16+00:00","dateModified":"2026-04-30T15:00:18+00:00","description":"Join us for a one-of-a-kind expo experience featuring the best deals and exclusive offers on top photo and video brands.","breadcrumb":{"@id":"https:\/\/tamron-americas.com\/2026-spring-sale-expo-with-pixel-connection-cleveland\/#breadcrumb"},"inLanguage":"fr-CA","potentialAction":[{"@type":"ReadAction","target":["https:\/\/tamron-americas.com\/2026-spring-sale-expo-with-pixel-connection-cleveland\/"]}]},{"@type":"BreadcrumbList","@id":"https:\/\/tamron-americas.com\/2026-spring-sale-expo-with-pixel-connection-cleveland\/#breadcrumb","itemListElement":[{"@type":"ListItem","position":1,"name":"Home","item":"https:\/\/tamron-americas.com\/"},{"@type":"ListItem","position":2,"name":"2026 Spring Sale &amp; Expo with Pixel Connection &#8211; Cleveland"}]},{"@type":"WebSite","@id":"https:\/\/tamron-americas.com\/#website","url":"https:\/\/tamron-americas.com\/","name":"Tamron Americas","description":"","publisher":{"@id":"https:\/\/tamron-americas.com\/#organization"},"potentialAction":[{"@type":"SearchAction","target":{"@type":"EntryPoint","urlTemplate":"https:\/\/tamron-americas.com\/?s={search_term_string}"},"query-input":{"@type":"PropertyValueSpecification","valueRequired":true,"valueName":"search_term_string"}}],"inLanguage":"fr-CA"},{"@type":"Organization","@id":"https:\/\/tamron-americas.com\/#organization","name":"Tamron USA","url":"https:\/\/tamron-americas.com\/","logo":{"@type":"ImageObject","inLanguage":"fr-CA","@id":"https:\/\/tamron-americas.com\/#\/schema\/logo\/image\/","url":"https:\/\/tamron-americas.com\/wp-content\/uploads\/2024\/07\/logo.svg","contentUrl":"https:\/\/tamron-americas.com\/wp-content\/uploads\/2024\/07\/logo.svg","width":190,"height":31,"caption":"Tamron USA"},"image":{"@id":"https:\/\/tamron-americas.com\/#\/schema\/logo\/image\/"}},{"@type":"Person","@id":"https:\/\/tamron-americas.com\/#\/schema\/person\/0c5a8453f7637345176beaf26a3b3670","name":"evans@tamron.com"}]}},"_links":{"self":[{"href":"https:\/\/tamron-americas.com\/fr\/wp-json\/wp\/v2\/posts\/19526","targetHints":{"allow":["GET"]}}],"collection":[{"href":"https:\/\/tamron-americas.com\/fr\/wp-json\/wp\/v2\/posts"}],"about":[{"href":"https:\/\/tamron-americas.com\/fr\/wp-json\/wp\/v2\/types\/post"}],"author":[{"embeddable":true,"href":"https:\/\/tamron-americas.com\/fr\/wp-json\/wp\/v2\/users\/7"}],"replies":[{"embeddable":true,"href":"https:\/\/tamron-americas.com\/fr\/wp-json\/wp\/v2\/comments?post=19526"}],"version-history":[{"count":0,"href":"https:\/\/tamron-americas.com\/fr\/wp-json\/wp\/v2\/posts\/19526\/revisions"}],"wp:attachment":[{"href":"https:\/\/tamron-americas.com\/fr\/wp-json\/wp\/v2\/media?parent=19526"}],"wp:term":[{"taxonomy":"category","embeddable":true,"href":"https:\/\/tamron-americas.com\/fr\/wp-json\/wp\/v2\/categories?post=19526"},{"taxonomy":"post_tag","embeddable":true,"href":"https:\/\/tamron-americas.com\/fr\/wp-json\/wp\/v2\/tags?post=19526"}],"curies":[{"name":"wp","href":"https:\/\/api.w.org\/{rel}","templated":true}]}},{"id":19504,"date":"2026-04-29T12:56:21","date_gmt":"2026-04-29T16:56:21","guid":{"rendered":"https:\/\/tamron-americas.com\/?p=19504"},"modified":"2026-04-29T12:56:29","modified_gmt":"2026-04-29T16:56:29","slug":"2026-festival-des-lilas-avec-rochester-photo-supply","status":"publish","type":"post","link":"https:\/\/tamron-americas.com\/fr\/2026-lilac-festival-with-rochester-photo-supply\/","title":{"rendered":"2026 Lilac Festival avec Rochester Photo Supply"},"content":{"rendered":"","protected":false},"excerpt":{"rendered":"","protected":false},"author":7,"featured_media":0,"comment_status":"closed","ping_status":"open","sticky":false,"template":"","format":"standard","meta":{"_acf_changed":true,"site-sidebar-layout":"default","site-content-layout":"","ast-site-content-layout":"","site-content-style":"default","site-sidebar-style":"default","ast-global-header-display":"","ast-banner-title-visibility":"","ast-main-header-display":"","ast-hfb-above-header-display":"","ast-hfb-below-header-display":"","ast-hfb-mobile-header-display":"","site-post-title":"","ast-breadcrumbs-content":"","ast-featured-img":"","footer-sml-layout":"","ast-disable-related-posts":"","theme-transparent-header-meta":"","adv-header-id-meta":"","stick-header-meta":"","header-above-stick-meta":"","header-main-stick-meta":"","header-below-stick-meta":"","astra-migrate-meta-layouts":"default","ast-page-background-enabled":"default","ast-page-background-meta":{"desktop":{"background-color":"var(--ast-global-color-4)","background-image":"","background-repeat":"repeat","background-position":"center center","background-size":"auto","background-attachment":"scroll","background-type":"","background-media":"","overlay-type":"","overlay-color":"","overlay-opacity":"","overlay-gradient":""},"tablet":{"background-color":"","background-image":"","background-repeat":"repeat","background-position":"center center","background-size":"auto","background-attachment":"scroll","background-type":"","background-media":"","overlay-type":"","overlay-color":"","overlay-opacity":"","overlay-gradient":""},"mobile":{"background-color":"","background-image":"","background-repeat":"repeat","background-position":"center center","background-size":"auto","background-attachment":"scroll","background-type":"","background-media":"","overlay-type":"","overlay-color":"","overlay-opacity":"","overlay-gradient":""}},"ast-content-background-meta":{"desktop":{"background-color":"var(--ast-global-color-5)","background-image":"","background-repeat":"repeat","background-position":"center center","background-size":"auto","background-attachment":"scroll","background-type":"","background-media":"","overlay-type":"","overlay-color":"","overlay-opacity":"","overlay-gradient":""},"tablet":{"background-color":"var(--ast-global-color-5)","background-image":"","background-repeat":"repeat","background-position":"center center","background-size":"auto","background-attachment":"scroll","background-type":"","background-media":"","overlay-type":"","overlay-color":"","overlay-opacity":"","overlay-gradient":""},"mobile":{"background-color":"var(--ast-global-color-5)","background-image":"","background-repeat":"repeat","background-position":"center center","background-size":"auto","background-attachment":"scroll","background-type":"","background-media":"","overlay-type":"","overlay-color":"","overlay-opacity":"","overlay-gradient":""}},"footnotes":""},"categories":[81],"tags":[],"class_list":["post-19504","post","type-post","status-publish","format-standard","hentry","category-events"],"acf":[],"yoast_head":"<!-- This site is optimized with the Yoast SEO Premium plugin v27.4 (Yoast SEO v27.4) - https:\/\/yoast.com\/product\/yoast-seo-premium-wordpress\/ -->\n<title>Lilac Festival with Rochester Photo Supply | Tamron<\/title>\n<meta name=\"description\" content=\"Join Rochester Photo Supply at the 128th Rochester Lilac Festival at Highland Park in Rochester, NY.\" \/>\n<meta name=\"robots\" content=\"index, follow, max-snippet:-1, max-image-preview:large, max-video-preview:-1\" \/>\n<link rel=\"canonical\" href=\"https:\/\/tamron-americas.com\/fr\/2026-festival-des-lilas-avec-rochester-photo-supply\/\" \/>\n<meta property=\"og:locale\" content=\"fr_CA\" \/>\n<meta property=\"og:type\" content=\"article\" \/>\n<meta property=\"og:title\" content=\"2026 Lilac Festival with Rochester Photo Supply\" \/>\n<meta property=\"og:description\" content=\"Join Rochester Photo Supply at the 128th Rochester Lilac Festival at Highland Park in Rochester, NY.\" \/>\n<meta property=\"og:url\" content=\"https:\/\/tamron-americas.com\/fr\/2026-festival-des-lilas-avec-rochester-photo-supply\/\" \/>\n<meta property=\"og:site_name\" content=\"Tamron Americas\" \/>\n<meta property=\"article:published_time\" content=\"2026-04-29T16:56:21+00:00\" \/>\n<meta property=\"article:modified_time\" content=\"2026-04-29T16:56:29+00:00\" \/>\n<meta name=\"author\" content=\"evans@tamron.com\" \/>\n<meta name=\"twitter:card\" content=\"summary_large_image\" \/>\n<meta name=\"twitter:label1\" content=\"\u00c9crit par\" \/>\n\t<meta name=\"twitter:data1\" content=\"evans@tamron.com\" \/>\n<script type=\"application\/ld+json\" class=\"yoast-schema-graph\">{\"@context\":\"https:\\\/\\\/schema.org\",\"@graph\":[{\"@type\":\"Article\",\"@id\":\"https:\\\/\\\/tamron-americas.com\\\/2026-lilac-festival-with-rochester-photo-supply\\\/#article\",\"isPartOf\":{\"@id\":\"https:\\\/\\\/tamron-americas.com\\\/2026-lilac-festival-with-rochester-photo-supply\\\/\"},\"author\":{\"name\":\"evans@tamron.com\",\"@id\":\"https:\\\/\\\/tamron-americas.com\\\/#\\\/schema\\\/person\\\/0c5a8453f7637345176beaf26a3b3670\"},\"headline\":\"2026 Lilac Festival with Rochester Photo Supply\",\"datePublished\":\"2026-04-29T16:56:21+00:00\",\"dateModified\":\"2026-04-29T16:56:29+00:00\",\"mainEntityOfPage\":{\"@id\":\"https:\\\/\\\/tamron-americas.com\\\/2026-lilac-festival-with-rochester-photo-supply\\\/\"},\"wordCount\":6,\"publisher\":{\"@id\":\"https:\\\/\\\/tamron-americas.com\\\/#organization\"},\"articleSection\":[\"Events\"],\"inLanguage\":\"fr-CA\"},{\"@type\":\"WebPage\",\"@id\":\"https:\\\/\\\/tamron-americas.com\\\/2026-lilac-festival-with-rochester-photo-supply\\\/\",\"url\":\"https:\\\/\\\/tamron-americas.com\\\/2026-lilac-festival-with-rochester-photo-supply\\\/\",\"name\":\"Lilac Festival with Rochester Photo Supply | Tamron\",\"isPartOf\":{\"@id\":\"https:\\\/\\\/tamron-americas.com\\\/#website\"},\"datePublished\":\"2026-04-29T16:56:21+00:00\",\"dateModified\":\"2026-04-29T16:56:29+00:00\",\"description\":\"Join Rochester Photo Supply at the 128th Rochester Lilac Festival at Highland Park in Rochester, NY.\",\"breadcrumb\":{\"@id\":\"https:\\\/\\\/tamron-americas.com\\\/2026-lilac-festival-with-rochester-photo-supply\\\/#breadcrumb\"},\"inLanguage\":\"fr-CA\",\"potentialAction\":[{\"@type\":\"ReadAction\",\"target\":[\"https:\\\/\\\/tamron-americas.com\\\/2026-lilac-festival-with-rochester-photo-supply\\\/\"]}]},{\"@type\":\"BreadcrumbList\",\"@id\":\"https:\\\/\\\/tamron-americas.com\\\/2026-lilac-festival-with-rochester-photo-supply\\\/#breadcrumb\",\"itemListElement\":[{\"@type\":\"ListItem\",\"position\":1,\"name\":\"Home\",\"item\":\"https:\\\/\\\/tamron-americas.com\\\/\"},{\"@type\":\"ListItem\",\"position\":2,\"name\":\"2026 Lilac Festival with Rochester Photo Supply\"}]},{\"@type\":\"WebSite\",\"@id\":\"https:\\\/\\\/tamron-americas.com\\\/#website\",\"url\":\"https:\\\/\\\/tamron-americas.com\\\/\",\"name\":\"Tamron Americas\",\"description\":\"\",\"publisher\":{\"@id\":\"https:\\\/\\\/tamron-americas.com\\\/#organization\"},\"potentialAction\":[{\"@type\":\"SearchAction\",\"target\":{\"@type\":\"EntryPoint\",\"urlTemplate\":\"https:\\\/\\\/tamron-americas.com\\\/?s={search_term_string}\"},\"query-input\":{\"@type\":\"PropertyValueSpecification\",\"valueRequired\":true,\"valueName\":\"search_term_string\"}}],\"inLanguage\":\"fr-CA\"},{\"@type\":\"Organization\",\"@id\":\"https:\\\/\\\/tamron-americas.com\\\/#organization\",\"name\":\"Tamron USA\",\"url\":\"https:\\\/\\\/tamron-americas.com\\\/\",\"logo\":{\"@type\":\"ImageObject\",\"inLanguage\":\"fr-CA\",\"@id\":\"https:\\\/\\\/tamron-americas.com\\\/#\\\/schema\\\/logo\\\/image\\\/\",\"url\":\"https:\\\/\\\/tamron-americas.com\\\/wp-content\\\/uploads\\\/2024\\\/07\\\/logo.svg\",\"contentUrl\":\"https:\\\/\\\/tamron-americas.com\\\/wp-content\\\/uploads\\\/2024\\\/07\\\/logo.svg\",\"width\":190,\"height\":31,\"caption\":\"Tamron USA\"},\"image\":{\"@id\":\"https:\\\/\\\/tamron-americas.com\\\/#\\\/schema\\\/logo\\\/image\\\/\"}},{\"@type\":\"Person\",\"@id\":\"https:\\\/\\\/tamron-americas.com\\\/#\\\/schema\\\/person\\\/0c5a8453f7637345176beaf26a3b3670\",\"name\":\"evans@tamron.com\"}]}<\/script>\n<!-- \/ Yoast SEO Premium plugin. -->","yoast_head_json":{"title":"Festival des Lilas avec Rochester Photo Supply | Tamron","description":"Rejoignez Rochester Photo Supply au 128e festival des lilas de Rochester \u00e0 Highland Park \u00e0 Rochester, NY.","robots":{"index":"index","follow":"follow","max-snippet":"max-snippet:-1","max-image-preview":"max-image-preview:large","max-video-preview":"max-video-preview:-1"},"canonical":"https:\/\/tamron-americas.com\/fr\/2026-festival-des-lilas-avec-rochester-photo-supply\/","og_locale":"fr_CA","og_type":"article","og_title":"2026 Lilac Festival with Rochester Photo Supply","og_description":"Join Rochester Photo Supply at the 128th Rochester Lilac Festival at Highland Park in Rochester, NY.","og_url":"https:\/\/tamron-americas.com\/fr\/2026-festival-des-lilas-avec-rochester-photo-supply\/","og_site_name":"Tamron Americas","article_published_time":"2026-04-29T16:56:21+00:00","article_modified_time":"2026-04-29T16:56:29+00:00","author":"evans@tamron.com","twitter_card":"summary_large_image","twitter_misc":{"\u00c9crit par":"evans@tamron.com"},"schema":{"@context":"https:\/\/schema.org","@graph":[{"@type":"Article","@id":"https:\/\/tamron-americas.com\/2026-lilac-festival-with-rochester-photo-supply\/#article","isPartOf":{"@id":"https:\/\/tamron-americas.com\/2026-lilac-festival-with-rochester-photo-supply\/"},"author":{"name":"evans@tamron.com","@id":"https:\/\/tamron-americas.com\/#\/schema\/person\/0c5a8453f7637345176beaf26a3b3670"},"headline":"2026 Lilac Festival with Rochester Photo Supply","datePublished":"2026-04-29T16:56:21+00:00","dateModified":"2026-04-29T16:56:29+00:00","mainEntityOfPage":{"@id":"https:\/\/tamron-americas.com\/2026-lilac-festival-with-rochester-photo-supply\/"},"wordCount":6,"publisher":{"@id":"https:\/\/tamron-americas.com\/#organization"},"articleSection":["Events"],"inLanguage":"fr-CA"},{"@type":"WebPage","@id":"https:\/\/tamron-americas.com\/2026-lilac-festival-with-rochester-photo-supply\/","url":"https:\/\/tamron-americas.com\/2026-lilac-festival-with-rochester-photo-supply\/","name":"Lilac Festival with Rochester Photo Supply | Tamron","isPartOf":{"@id":"https:\/\/tamron-americas.com\/#website"},"datePublished":"2026-04-29T16:56:21+00:00","dateModified":"2026-04-29T16:56:29+00:00","description":"Join Rochester Photo Supply at the 128th Rochester Lilac Festival at Highland Park in Rochester, NY.","breadcrumb":{"@id":"https:\/\/tamron-americas.com\/2026-lilac-festival-with-rochester-photo-supply\/#breadcrumb"},"inLanguage":"fr-CA","potentialAction":[{"@type":"ReadAction","target":["https:\/\/tamron-americas.com\/2026-lilac-festival-with-rochester-photo-supply\/"]}]},{"@type":"BreadcrumbList","@id":"https:\/\/tamron-americas.com\/2026-lilac-festival-with-rochester-photo-supply\/#breadcrumb","itemListElement":[{"@type":"ListItem","position":1,"name":"Home","item":"https:\/\/tamron-americas.com\/"},{"@type":"ListItem","position":2,"name":"2026 Lilac Festival with Rochester Photo Supply"}]},{"@type":"WebSite","@id":"https:\/\/tamron-americas.com\/#website","url":"https:\/\/tamron-americas.com\/","name":"Tamron Americas","description":"","publisher":{"@id":"https:\/\/tamron-americas.com\/#organization"},"potentialAction":[{"@type":"SearchAction","target":{"@type":"EntryPoint","urlTemplate":"https:\/\/tamron-americas.com\/?s={search_term_string}"},"query-input":{"@type":"PropertyValueSpecification","valueRequired":true,"valueName":"search_term_string"}}],"inLanguage":"fr-CA"},{"@type":"Organization","@id":"https:\/\/tamron-americas.com\/#organization","name":"Tamron USA","url":"https:\/\/tamron-americas.com\/","logo":{"@type":"ImageObject","inLanguage":"fr-CA","@id":"https:\/\/tamron-americas.com\/#\/schema\/logo\/image\/","url":"https:\/\/tamron-americas.com\/wp-content\/uploads\/2024\/07\/logo.svg","contentUrl":"https:\/\/tamron-americas.com\/wp-content\/uploads\/2024\/07\/logo.svg","width":190,"height":31,"caption":"Tamron USA"},"image":{"@id":"https:\/\/tamron-americas.com\/#\/schema\/logo\/image\/"}},{"@type":"Person","@id":"https:\/\/tamron-americas.com\/#\/schema\/person\/0c5a8453f7637345176beaf26a3b3670","name":"evans@tamron.com"}]}},"_links":{"self":[{"href":"https:\/\/tamron-americas.com\/fr\/wp-json\/wp\/v2\/posts\/19504","targetHints":{"allow":["GET"]}}],"collection":[{"href":"https:\/\/tamron-americas.com\/fr\/wp-json\/wp\/v2\/posts"}],"about":[{"href":"https:\/\/tamron-americas.com\/fr\/wp-json\/wp\/v2\/types\/post"}],"author":[{"embeddable":true,"href":"https:\/\/tamron-americas.com\/fr\/wp-json\/wp\/v2\/users\/7"}],"replies":[{"embeddable":true,"href":"https:\/\/tamron-americas.com\/fr\/wp-json\/wp\/v2\/comments?post=19504"}],"version-history":[{"count":0,"href":"https:\/\/tamron-americas.com\/fr\/wp-json\/wp\/v2\/posts\/19504\/revisions"}],"wp:attachment":[{"href":"https:\/\/tamron-americas.com\/fr\/wp-json\/wp\/v2\/media?parent=19504"}],"wp:term":[{"taxonomy":"category","embeddable":true,"href":"https:\/\/tamron-americas.com\/fr\/wp-json\/wp\/v2\/categories?post=19504"},{"taxonomy":"post_tag","embeddable":true,"href":"https:\/\/tamron-americas.com\/fr\/wp-json\/wp\/v2\/tags?post=19504"}],"curies":[{"name":"wp","href":"https:\/\/api.w.org\/{rel}","templated":true}]}},{"id":19503,"date":"2026-04-29T12:36:59","date_gmt":"2026-04-29T16:36:59","guid":{"rendered":"https:\/\/tamron-americas.com\/?p=19503"},"modified":"2026-04-29T12:37:09","modified_gmt":"2026-04-29T16:37:09","slug":"2026-tamron-day-at-green-mountain-camera","status":"publish","type":"post","link":"https:\/\/tamron-americas.com\/fr\/2026-tamron-day-at-green-mountain-camera\/","title":{"rendered":"2026 Journ\u00e9e Tamron chez Green Mountain Camera"},"content":{"rendered":"","protected":false},"excerpt":{"rendered":"","protected":false},"author":7,"featured_media":0,"comment_status":"closed","ping_status":"open","sticky":false,"template":"","format":"standard","meta":{"_acf_changed":true,"site-sidebar-layout":"default","site-content-layout":"","ast-site-content-layout":"","site-content-style":"default","site-sidebar-style":"default","ast-global-header-display":"","ast-banner-title-visibility":"","ast-main-header-display":"","ast-hfb-above-header-display":"","ast-hfb-below-header-display":"","ast-hfb-mobile-header-display":"","site-post-title":"","ast-breadcrumbs-content":"","ast-featured-img":"","footer-sml-layout":"","ast-disable-related-posts":"","theme-transparent-header-meta":"","adv-header-id-meta":"","stick-header-meta":"","header-above-stick-meta":"","header-main-stick-meta":"","header-below-stick-meta":"","astra-migrate-meta-layouts":"default","ast-page-background-enabled":"default","ast-page-background-meta":{"desktop":{"background-color":"var(--ast-global-color-4)","background-image":"","background-repeat":"repeat","background-position":"center center","background-size":"auto","background-attachment":"scroll","background-type":"","background-media":"","overlay-type":"","overlay-color":"","overlay-opacity":"","overlay-gradient":""},"tablet":{"background-color":"","background-image":"","background-repeat":"repeat","background-position":"center center","background-size":"auto","background-attachment":"scroll","background-type":"","background-media":"","overlay-type":"","overlay-color":"","overlay-opacity":"","overlay-gradient":""},"mobile":{"background-color":"","background-image":"","background-repeat":"repeat","background-position":"center center","background-size":"auto","background-attachment":"scroll","background-type":"","background-media":"","overlay-type":"","overlay-color":"","overlay-opacity":"","overlay-gradient":""}},"ast-content-background-meta":{"desktop":{"background-color":"var(--ast-global-color-5)","background-image":"","background-repeat":"repeat","background-position":"center center","background-size":"auto","background-attachment":"scroll","background-type":"","background-media":"","overlay-type":"","overlay-color":"","overlay-opacity":"","overlay-gradient":""},"tablet":{"background-color":"var(--ast-global-color-5)","background-image":"","background-repeat":"repeat","background-position":"center center","background-size":"auto","background-attachment":"scroll","background-type":"","background-media":"","overlay-type":"","overlay-color":"","overlay-opacity":"","overlay-gradient":""},"mobile":{"background-color":"var(--ast-global-color-5)","background-image":"","background-repeat":"repeat","background-position":"center center","background-size":"auto","background-attachment":"scroll","background-type":"","background-media":"","overlay-type":"","overlay-color":"","overlay-opacity":"","overlay-gradient":""}},"footnotes":""},"categories":[81],"tags":[],"class_list":["post-19503","post","type-post","status-publish","format-standard","hentry","category-events"],"acf":[],"yoast_head":"<!-- This site is optimized with the Yoast SEO Premium plugin v27.4 (Yoast SEO v27.4) - https:\/\/yoast.com\/product\/yoast-seo-premium-wordpress\/ -->\n<title>Tamron Day at Green Mountain Camera | Tamron<\/title>\n<meta name=\"description\" content=\"Join Tamron at Green Mountain Camera to see the latest lenses and talk with the sales rep about other new exciting things.\" \/>\n<meta name=\"robots\" content=\"index, follow, max-snippet:-1, max-image-preview:large, max-video-preview:-1\" \/>\n<link rel=\"canonical\" href=\"https:\/\/tamron-americas.com\/fr\/2026-tamron-day-at-green-mountain-camera\/\" \/>\n<meta property=\"og:locale\" content=\"fr_CA\" \/>\n<meta property=\"og:type\" content=\"article\" \/>\n<meta property=\"og:title\" content=\"2026 Tamron Day at Green Mountain Camera\" \/>\n<meta property=\"og:description\" content=\"Join Tamron at Green Mountain Camera to see the latest lenses and talk with the sales rep about other new exciting things.\" \/>\n<meta property=\"og:url\" content=\"https:\/\/tamron-americas.com\/fr\/2026-tamron-day-at-green-mountain-camera\/\" \/>\n<meta property=\"og:site_name\" content=\"Tamron Americas\" \/>\n<meta property=\"article:published_time\" content=\"2026-04-29T16:36:59+00:00\" \/>\n<meta property=\"article:modified_time\" content=\"2026-04-29T16:37:09+00:00\" \/>\n<meta name=\"author\" content=\"evans@tamron.com\" \/>\n<meta name=\"twitter:card\" content=\"summary_large_image\" \/>\n<meta name=\"twitter:label1\" content=\"\u00c9crit par\" \/>\n\t<meta name=\"twitter:data1\" content=\"evans@tamron.com\" \/>\n<script type=\"application\/ld+json\" class=\"yoast-schema-graph\">{\"@context\":\"https:\\\/\\\/schema.org\",\"@graph\":[{\"@type\":\"Article\",\"@id\":\"https:\\\/\\\/tamron-americas.com\\\/2026-tamron-day-at-green-mountain-camera\\\/#article\",\"isPartOf\":{\"@id\":\"https:\\\/\\\/tamron-americas.com\\\/2026-tamron-day-at-green-mountain-camera\\\/\"},\"author\":{\"name\":\"evans@tamron.com\",\"@id\":\"https:\\\/\\\/tamron-americas.com\\\/#\\\/schema\\\/person\\\/0c5a8453f7637345176beaf26a3b3670\"},\"headline\":\"2026 Tamron Day at Green Mountain Camera\",\"datePublished\":\"2026-04-29T16:36:59+00:00\",\"dateModified\":\"2026-04-29T16:37:09+00:00\",\"mainEntityOfPage\":{\"@id\":\"https:\\\/\\\/tamron-americas.com\\\/2026-tamron-day-at-green-mountain-camera\\\/\"},\"wordCount\":6,\"publisher\":{\"@id\":\"https:\\\/\\\/tamron-americas.com\\\/#organization\"},\"articleSection\":[\"Events\"],\"inLanguage\":\"fr-CA\"},{\"@type\":\"WebPage\",\"@id\":\"https:\\\/\\\/tamron-americas.com\\\/2026-tamron-day-at-green-mountain-camera\\\/\",\"url\":\"https:\\\/\\\/tamron-americas.com\\\/2026-tamron-day-at-green-mountain-camera\\\/\",\"name\":\"Tamron Day at Green Mountain Camera | Tamron\",\"isPartOf\":{\"@id\":\"https:\\\/\\\/tamron-americas.com\\\/#website\"},\"datePublished\":\"2026-04-29T16:36:59+00:00\",\"dateModified\":\"2026-04-29T16:37:09+00:00\",\"description\":\"Join Tamron at Green Mountain Camera to see the latest lenses and talk with the sales rep about other new exciting things.\",\"breadcrumb\":{\"@id\":\"https:\\\/\\\/tamron-americas.com\\\/2026-tamron-day-at-green-mountain-camera\\\/#breadcrumb\"},\"inLanguage\":\"fr-CA\",\"potentialAction\":[{\"@type\":\"ReadAction\",\"target\":[\"https:\\\/\\\/tamron-americas.com\\\/2026-tamron-day-at-green-mountain-camera\\\/\"]}]},{\"@type\":\"BreadcrumbList\",\"@id\":\"https:\\\/\\\/tamron-americas.com\\\/2026-tamron-day-at-green-mountain-camera\\\/#breadcrumb\",\"itemListElement\":[{\"@type\":\"ListItem\",\"position\":1,\"name\":\"Home\",\"item\":\"https:\\\/\\\/tamron-americas.com\\\/\"},{\"@type\":\"ListItem\",\"position\":2,\"name\":\"2026 Tamron Day at Green Mountain Camera\"}]},{\"@type\":\"WebSite\",\"@id\":\"https:\\\/\\\/tamron-americas.com\\\/#website\",\"url\":\"https:\\\/\\\/tamron-americas.com\\\/\",\"name\":\"Tamron Americas\",\"description\":\"\",\"publisher\":{\"@id\":\"https:\\\/\\\/tamron-americas.com\\\/#organization\"},\"potentialAction\":[{\"@type\":\"SearchAction\",\"target\":{\"@type\":\"EntryPoint\",\"urlTemplate\":\"https:\\\/\\\/tamron-americas.com\\\/?s={search_term_string}\"},\"query-input\":{\"@type\":\"PropertyValueSpecification\",\"valueRequired\":true,\"valueName\":\"search_term_string\"}}],\"inLanguage\":\"fr-CA\"},{\"@type\":\"Organization\",\"@id\":\"https:\\\/\\\/tamron-americas.com\\\/#organization\",\"name\":\"Tamron USA\",\"url\":\"https:\\\/\\\/tamron-americas.com\\\/\",\"logo\":{\"@type\":\"ImageObject\",\"inLanguage\":\"fr-CA\",\"@id\":\"https:\\\/\\\/tamron-americas.com\\\/#\\\/schema\\\/logo\\\/image\\\/\",\"url\":\"https:\\\/\\\/tamron-americas.com\\\/wp-content\\\/uploads\\\/2024\\\/07\\\/logo.svg\",\"contentUrl\":\"https:\\\/\\\/tamron-americas.com\\\/wp-content\\\/uploads\\\/2024\\\/07\\\/logo.svg\",\"width\":190,\"height\":31,\"caption\":\"Tamron USA\"},\"image\":{\"@id\":\"https:\\\/\\\/tamron-americas.com\\\/#\\\/schema\\\/logo\\\/image\\\/\"}},{\"@type\":\"Person\",\"@id\":\"https:\\\/\\\/tamron-americas.com\\\/#\\\/schema\\\/person\\\/0c5a8453f7637345176beaf26a3b3670\",\"name\":\"evans@tamron.com\"}]}<\/script>\n<!-- \/ Yoast SEO Premium plugin. -->","yoast_head_json":{"title":"Journ\u00e9e Tamron \u00e0 Green Mountain Camera | Tamron","description":"Rejoignez Tamron \u00e0 Green Mountain Camera pour voir les derniers objectifs et discuter avec le repr\u00e9sentant des ventes sur d'autres nouvelles choses passionnantes.","robots":{"index":"index","follow":"follow","max-snippet":"max-snippet:-1","max-image-preview":"max-image-preview:large","max-video-preview":"max-video-preview:-1"},"canonical":"https:\/\/tamron-americas.com\/fr\/2026-tamron-day-at-green-mountain-camera\/","og_locale":"fr_CA","og_type":"article","og_title":"2026 Tamron Day at Green Mountain Camera","og_description":"Join Tamron at Green Mountain Camera to see the latest lenses and talk with the sales rep about other new exciting things.","og_url":"https:\/\/tamron-americas.com\/fr\/2026-tamron-day-at-green-mountain-camera\/","og_site_name":"Tamron Americas","article_published_time":"2026-04-29T16:36:59+00:00","article_modified_time":"2026-04-29T16:37:09+00:00","author":"evans@tamron.com","twitter_card":"summary_large_image","twitter_misc":{"\u00c9crit par":"evans@tamron.com"},"schema":{"@context":"https:\/\/schema.org","@graph":[{"@type":"Article","@id":"https:\/\/tamron-americas.com\/2026-tamron-day-at-green-mountain-camera\/#article","isPartOf":{"@id":"https:\/\/tamron-americas.com\/2026-tamron-day-at-green-mountain-camera\/"},"author":{"name":"evans@tamron.com","@id":"https:\/\/tamron-americas.com\/#\/schema\/person\/0c5a8453f7637345176beaf26a3b3670"},"headline":"2026 Tamron Day at Green Mountain Camera","datePublished":"2026-04-29T16:36:59+00:00","dateModified":"2026-04-29T16:37:09+00:00","mainEntityOfPage":{"@id":"https:\/\/tamron-americas.com\/2026-tamron-day-at-green-mountain-camera\/"},"wordCount":6,"publisher":{"@id":"https:\/\/tamron-americas.com\/#organization"},"articleSection":["Events"],"inLanguage":"fr-CA"},{"@type":"WebPage","@id":"https:\/\/tamron-americas.com\/2026-tamron-day-at-green-mountain-camera\/","url":"https:\/\/tamron-americas.com\/2026-tamron-day-at-green-mountain-camera\/","name":"Tamron Day at Green Mountain Camera | Tamron","isPartOf":{"@id":"https:\/\/tamron-americas.com\/#website"},"datePublished":"2026-04-29T16:36:59+00:00","dateModified":"2026-04-29T16:37:09+00:00","description":"Join Tamron at Green Mountain Camera to see the latest lenses and talk with the sales rep about other new exciting things.","breadcrumb":{"@id":"https:\/\/tamron-americas.com\/2026-tamron-day-at-green-mountain-camera\/#breadcrumb"},"inLanguage":"fr-CA","potentialAction":[{"@type":"ReadAction","target":["https:\/\/tamron-americas.com\/2026-tamron-day-at-green-mountain-camera\/"]}]},{"@type":"BreadcrumbList","@id":"https:\/\/tamron-americas.com\/2026-tamron-day-at-green-mountain-camera\/#breadcrumb","itemListElement":[{"@type":"ListItem","position":1,"name":"Home","item":"https:\/\/tamron-americas.com\/"},{"@type":"ListItem","position":2,"name":"2026 Tamron Day at Green Mountain Camera"}]},{"@type":"WebSite","@id":"https:\/\/tamron-americas.com\/#website","url":"https:\/\/tamron-americas.com\/","name":"Tamron Americas","description":"","publisher":{"@id":"https:\/\/tamron-americas.com\/#organization"},"potentialAction":[{"@type":"SearchAction","target":{"@type":"EntryPoint","urlTemplate":"https:\/\/tamron-americas.com\/?s={search_term_string}"},"query-input":{"@type":"PropertyValueSpecification","valueRequired":true,"valueName":"search_term_string"}}],"inLanguage":"fr-CA"},{"@type":"Organization","@id":"https:\/\/tamron-americas.com\/#organization","name":"Tamron USA","url":"https:\/\/tamron-americas.com\/","logo":{"@type":"ImageObject","inLanguage":"fr-CA","@id":"https:\/\/tamron-americas.com\/#\/schema\/logo\/image\/","url":"https:\/\/tamron-americas.com\/wp-content\/uploads\/2024\/07\/logo.svg","contentUrl":"https:\/\/tamron-americas.com\/wp-content\/uploads\/2024\/07\/logo.svg","width":190,"height":31,"caption":"Tamron USA"},"image":{"@id":"https:\/\/tamron-americas.com\/#\/schema\/logo\/image\/"}},{"@type":"Person","@id":"https:\/\/tamron-americas.com\/#\/schema\/person\/0c5a8453f7637345176beaf26a3b3670","name":"evans@tamron.com"}]}},"_links":{"self":[{"href":"https:\/\/tamron-americas.com\/fr\/wp-json\/wp\/v2\/posts\/19503","targetHints":{"allow":["GET"]}}],"collection":[{"href":"https:\/\/tamron-americas.com\/fr\/wp-json\/wp\/v2\/posts"}],"about":[{"href":"https:\/\/tamron-americas.com\/fr\/wp-json\/wp\/v2\/types\/post"}],"author":[{"embeddable":true,"href":"https:\/\/tamron-americas.com\/fr\/wp-json\/wp\/v2\/users\/7"}],"replies":[{"embeddable":true,"href":"https:\/\/tamron-americas.com\/fr\/wp-json\/wp\/v2\/comments?post=19503"}],"version-history":[{"count":0,"href":"https:\/\/tamron-americas.com\/fr\/wp-json\/wp\/v2\/posts\/19503\/revisions"}],"wp:attachment":[{"href":"https:\/\/tamron-americas.com\/fr\/wp-json\/wp\/v2\/media?parent=19503"}],"wp:term":[{"taxonomy":"category","embeddable":true,"href":"https:\/\/tamron-americas.com\/fr\/wp-json\/wp\/v2\/categories?post=19503"},{"taxonomy":"post_tag","embeddable":true,"href":"https:\/\/tamron-americas.com\/fr\/wp-json\/wp\/v2\/tags?post=19503"}],"curies":[{"name":"wp","href":"https:\/\/api.w.org\/{rel}","templated":true}]}},{"id":19501,"date":"2026-04-29T12:24:53","date_gmt":"2026-04-29T16:24:53","guid":{"rendered":"https:\/\/tamron-americas.com\/?p=19501"},"modified":"2026-04-29T12:24:56","modified_gmt":"2026-04-29T16:24:56","slug":"2026-24e-expo-annuelle-hunts-photo-may","status":"publish","type":"post","link":"https:\/\/tamron-americas.com\/fr\/2026-24th-annual-hunts-photo-may-expo\/","title":{"rendered":"2026 24e exposition annuelle Hunt's Photo May EXPO"},"content":{"rendered":"","protected":false},"excerpt":{"rendered":"","protected":false},"author":7,"featured_media":0,"comment_status":"closed","ping_status":"open","sticky":false,"template":"","format":"standard","meta":{"_acf_changed":true,"site-sidebar-layout":"default","site-content-layout":"","ast-site-content-layout":"","site-content-style":"default","site-sidebar-style":"default","ast-global-header-display":"","ast-banner-title-visibility":"","ast-main-header-display":"","ast-hfb-above-header-display":"","ast-hfb-below-header-display":"","ast-hfb-mobile-header-display":"","site-post-title":"","ast-breadcrumbs-content":"","ast-featured-img":"","footer-sml-layout":"","ast-disable-related-posts":"","theme-transparent-header-meta":"","adv-header-id-meta":"","stick-header-meta":"","header-above-stick-meta":"","header-main-stick-meta":"","header-below-stick-meta":"","astra-migrate-meta-layouts":"default","ast-page-background-enabled":"default","ast-page-background-meta":{"desktop":{"background-color":"var(--ast-global-color-4)","background-image":"","background-repeat":"repeat","background-position":"center center","background-size":"auto","background-attachment":"scroll","background-type":"","background-media":"","overlay-type":"","overlay-color":"","overlay-opacity":"","overlay-gradient":""},"tablet":{"background-color":"","background-image":"","background-repeat":"repeat","background-position":"center center","background-size":"auto","background-attachment":"scroll","background-type":"","background-media":"","overlay-type":"","overlay-color":"","overlay-opacity":"","overlay-gradient":""},"mobile":{"background-color":"","background-image":"","background-repeat":"repeat","background-position":"center center","background-size":"auto","background-attachment":"scroll","background-type":"","background-media":"","overlay-type":"","overlay-color":"","overlay-opacity":"","overlay-gradient":""}},"ast-content-background-meta":{"desktop":{"background-color":"var(--ast-global-color-5)","background-image":"","background-repeat":"repeat","background-position":"center center","background-size":"auto","background-attachment":"scroll","background-type":"","background-media":"","overlay-type":"","overlay-color":"","overlay-opacity":"","overlay-gradient":""},"tablet":{"background-color":"var(--ast-global-color-5)","background-image":"","background-repeat":"repeat","background-position":"center center","background-size":"auto","background-attachment":"scroll","background-type":"","background-media":"","overlay-type":"","overlay-color":"","overlay-opacity":"","overlay-gradient":""},"mobile":{"background-color":"var(--ast-global-color-5)","background-image":"","background-repeat":"repeat","background-position":"center center","background-size":"auto","background-attachment":"scroll","background-type":"","background-media":"","overlay-type":"","overlay-color":"","overlay-opacity":"","overlay-gradient":""}},"footnotes":""},"categories":[81],"tags":[],"class_list":["post-19501","post","type-post","status-publish","format-standard","hentry","category-events"],"acf":[],"yoast_head":"<!-- This site is optimized with the Yoast SEO Premium plugin v27.4 (Yoast SEO v27.4) - https:\/\/yoast.com\/product\/yoast-seo-premium-wordpress\/ -->\n<title>24th Annual Hunt&#039;s Photo May EXPO | Tamron<\/title>\n<meta name=\"description\" content=\"Hunt&#039;s Photo 24th Annual Expo with free seminars, trade-in promotions, big savings and much more.\" \/>\n<meta name=\"robots\" content=\"index, follow, max-snippet:-1, max-image-preview:large, max-video-preview:-1\" \/>\n<link rel=\"canonical\" href=\"https:\/\/tamron-americas.com\/fr\/2026-24e-expo-annuelle-hunts-photo-may\/\" \/>\n<meta property=\"og:locale\" content=\"fr_CA\" \/>\n<meta property=\"og:type\" content=\"article\" \/>\n<meta property=\"og:title\" content=\"2026 24th Annual Hunt&#039;s Photo May EXPO\" \/>\n<meta property=\"og:description\" content=\"Hunt&#039;s Photo 24th Annual Expo with free seminars, trade-in promotions, big savings and much more.\" \/>\n<meta property=\"og:url\" content=\"https:\/\/tamron-americas.com\/fr\/2026-24e-expo-annuelle-hunts-photo-may\/\" \/>\n<meta property=\"og:site_name\" content=\"Tamron Americas\" \/>\n<meta property=\"article:published_time\" content=\"2026-04-29T16:24:53+00:00\" \/>\n<meta property=\"article:modified_time\" content=\"2026-04-29T16:24:56+00:00\" \/>\n<meta name=\"author\" content=\"evans@tamron.com\" \/>\n<meta name=\"twitter:card\" content=\"summary_large_image\" \/>\n<meta name=\"twitter:label1\" content=\"\u00c9crit par\" \/>\n\t<meta name=\"twitter:data1\" content=\"evans@tamron.com\" \/>\n<script type=\"application\/ld+json\" class=\"yoast-schema-graph\">{\"@context\":\"https:\\\/\\\/schema.org\",\"@graph\":[{\"@type\":\"Article\",\"@id\":\"https:\\\/\\\/tamron-americas.com\\\/2026-24th-annual-hunts-photo-may-expo\\\/#article\",\"isPartOf\":{\"@id\":\"https:\\\/\\\/tamron-americas.com\\\/2026-24th-annual-hunts-photo-may-expo\\\/\"},\"author\":{\"name\":\"evans@tamron.com\",\"@id\":\"https:\\\/\\\/tamron-americas.com\\\/#\\\/schema\\\/person\\\/0c5a8453f7637345176beaf26a3b3670\"},\"headline\":\"2026 24th Annual Hunt&#8217;s Photo May EXPO\",\"datePublished\":\"2026-04-29T16:24:53+00:00\",\"dateModified\":\"2026-04-29T16:24:56+00:00\",\"mainEntityOfPage\":{\"@id\":\"https:\\\/\\\/tamron-americas.com\\\/2026-24th-annual-hunts-photo-may-expo\\\/\"},\"wordCount\":7,\"publisher\":{\"@id\":\"https:\\\/\\\/tamron-americas.com\\\/#organization\"},\"articleSection\":[\"Events\"],\"inLanguage\":\"fr-CA\"},{\"@type\":\"WebPage\",\"@id\":\"https:\\\/\\\/tamron-americas.com\\\/2026-24th-annual-hunts-photo-may-expo\\\/\",\"url\":\"https:\\\/\\\/tamron-americas.com\\\/2026-24th-annual-hunts-photo-may-expo\\\/\",\"name\":\"24th Annual Hunt's Photo May EXPO | Tamron\",\"isPartOf\":{\"@id\":\"https:\\\/\\\/tamron-americas.com\\\/#website\"},\"datePublished\":\"2026-04-29T16:24:53+00:00\",\"dateModified\":\"2026-04-29T16:24:56+00:00\",\"description\":\"Hunt's Photo 24th Annual Expo with free seminars, trade-in promotions, big savings and much more.\",\"breadcrumb\":{\"@id\":\"https:\\\/\\\/tamron-americas.com\\\/2026-24th-annual-hunts-photo-may-expo\\\/#breadcrumb\"},\"inLanguage\":\"fr-CA\",\"potentialAction\":[{\"@type\":\"ReadAction\",\"target\":[\"https:\\\/\\\/tamron-americas.com\\\/2026-24th-annual-hunts-photo-may-expo\\\/\"]}]},{\"@type\":\"BreadcrumbList\",\"@id\":\"https:\\\/\\\/tamron-americas.com\\\/2026-24th-annual-hunts-photo-may-expo\\\/#breadcrumb\",\"itemListElement\":[{\"@type\":\"ListItem\",\"position\":1,\"name\":\"Home\",\"item\":\"https:\\\/\\\/tamron-americas.com\\\/\"},{\"@type\":\"ListItem\",\"position\":2,\"name\":\"2026 24th Annual Hunt&#8217;s Photo May EXPO\"}]},{\"@type\":\"WebSite\",\"@id\":\"https:\\\/\\\/tamron-americas.com\\\/#website\",\"url\":\"https:\\\/\\\/tamron-americas.com\\\/\",\"name\":\"Tamron Americas\",\"description\":\"\",\"publisher\":{\"@id\":\"https:\\\/\\\/tamron-americas.com\\\/#organization\"},\"potentialAction\":[{\"@type\":\"SearchAction\",\"target\":{\"@type\":\"EntryPoint\",\"urlTemplate\":\"https:\\\/\\\/tamron-americas.com\\\/?s={search_term_string}\"},\"query-input\":{\"@type\":\"PropertyValueSpecification\",\"valueRequired\":true,\"valueName\":\"search_term_string\"}}],\"inLanguage\":\"fr-CA\"},{\"@type\":\"Organization\",\"@id\":\"https:\\\/\\\/tamron-americas.com\\\/#organization\",\"name\":\"Tamron USA\",\"url\":\"https:\\\/\\\/tamron-americas.com\\\/\",\"logo\":{\"@type\":\"ImageObject\",\"inLanguage\":\"fr-CA\",\"@id\":\"https:\\\/\\\/tamron-americas.com\\\/#\\\/schema\\\/logo\\\/image\\\/\",\"url\":\"https:\\\/\\\/tamron-americas.com\\\/wp-content\\\/uploads\\\/2024\\\/07\\\/logo.svg\",\"contentUrl\":\"https:\\\/\\\/tamron-americas.com\\\/wp-content\\\/uploads\\\/2024\\\/07\\\/logo.svg\",\"width\":190,\"height\":31,\"caption\":\"Tamron USA\"},\"image\":{\"@id\":\"https:\\\/\\\/tamron-americas.com\\\/#\\\/schema\\\/logo\\\/image\\\/\"}},{\"@type\":\"Person\",\"@id\":\"https:\\\/\\\/tamron-americas.com\\\/#\\\/schema\\\/person\\\/0c5a8453f7637345176beaf26a3b3670\",\"name\":\"evans@tamron.com\"}]}<\/script>\n<!-- \/ Yoast SEO Premium plugin. -->","yoast_head_json":{"title":"24\u00e8me \u00e9dition du Hunt's Photo May EXPO | Tamron","description":"La 24e exposition annuelle de Hunt's Photo propose des s\u00e9minaires gratuits, des promotions sur la reprise, des \u00e9conomies importantes et bien plus encore.","robots":{"index":"index","follow":"follow","max-snippet":"max-snippet:-1","max-image-preview":"max-image-preview:large","max-video-preview":"max-video-preview:-1"},"canonical":"https:\/\/tamron-americas.com\/fr\/2026-24e-expo-annuelle-hunts-photo-may\/","og_locale":"fr_CA","og_type":"article","og_title":"2026 24th Annual Hunt's Photo May EXPO","og_description":"Hunt's Photo 24th Annual Expo with free seminars, trade-in promotions, big savings and much more.","og_url":"https:\/\/tamron-americas.com\/fr\/2026-24e-expo-annuelle-hunts-photo-may\/","og_site_name":"Tamron Americas","article_published_time":"2026-04-29T16:24:53+00:00","article_modified_time":"2026-04-29T16:24:56+00:00","author":"evans@tamron.com","twitter_card":"summary_large_image","twitter_misc":{"\u00c9crit par":"evans@tamron.com"},"schema":{"@context":"https:\/\/schema.org","@graph":[{"@type":"Article","@id":"https:\/\/tamron-americas.com\/2026-24th-annual-hunts-photo-may-expo\/#article","isPartOf":{"@id":"https:\/\/tamron-americas.com\/2026-24th-annual-hunts-photo-may-expo\/"},"author":{"name":"evans@tamron.com","@id":"https:\/\/tamron-americas.com\/#\/schema\/person\/0c5a8453f7637345176beaf26a3b3670"},"headline":"2026 24th Annual Hunt&#8217;s Photo May EXPO","datePublished":"2026-04-29T16:24:53+00:00","dateModified":"2026-04-29T16:24:56+00:00","mainEntityOfPage":{"@id":"https:\/\/tamron-americas.com\/2026-24th-annual-hunts-photo-may-expo\/"},"wordCount":7,"publisher":{"@id":"https:\/\/tamron-americas.com\/#organization"},"articleSection":["Events"],"inLanguage":"fr-CA"},{"@type":"WebPage","@id":"https:\/\/tamron-americas.com\/2026-24th-annual-hunts-photo-may-expo\/","url":"https:\/\/tamron-americas.com\/2026-24th-annual-hunts-photo-may-expo\/","name":"24th Annual Hunt's Photo May EXPO | Tamron","isPartOf":{"@id":"https:\/\/tamron-americas.com\/#website"},"datePublished":"2026-04-29T16:24:53+00:00","dateModified":"2026-04-29T16:24:56+00:00","description":"Hunt's Photo 24th Annual Expo with free seminars, trade-in promotions, big savings and much more.","breadcrumb":{"@id":"https:\/\/tamron-americas.com\/2026-24th-annual-hunts-photo-may-expo\/#breadcrumb"},"inLanguage":"fr-CA","potentialAction":[{"@type":"ReadAction","target":["https:\/\/tamron-americas.com\/2026-24th-annual-hunts-photo-may-expo\/"]}]},{"@type":"BreadcrumbList","@id":"https:\/\/tamron-americas.com\/2026-24th-annual-hunts-photo-may-expo\/#breadcrumb","itemListElement":[{"@type":"ListItem","position":1,"name":"Home","item":"https:\/\/tamron-americas.com\/"},{"@type":"ListItem","position":2,"name":"2026 24th Annual Hunt&#8217;s Photo May EXPO"}]},{"@type":"WebSite","@id":"https:\/\/tamron-americas.com\/#website","url":"https:\/\/tamron-americas.com\/","name":"Tamron Americas","description":"","publisher":{"@id":"https:\/\/tamron-americas.com\/#organization"},"potentialAction":[{"@type":"SearchAction","target":{"@type":"EntryPoint","urlTemplate":"https:\/\/tamron-americas.com\/?s={search_term_string}"},"query-input":{"@type":"PropertyValueSpecification","valueRequired":true,"valueName":"search_term_string"}}],"inLanguage":"fr-CA"},{"@type":"Organization","@id":"https:\/\/tamron-americas.com\/#organization","name":"Tamron USA","url":"https:\/\/tamron-americas.com\/","logo":{"@type":"ImageObject","inLanguage":"fr-CA","@id":"https:\/\/tamron-americas.com\/#\/schema\/logo\/image\/","url":"https:\/\/tamron-americas.com\/wp-content\/uploads\/2024\/07\/logo.svg","contentUrl":"https:\/\/tamron-americas.com\/wp-content\/uploads\/2024\/07\/logo.svg","width":190,"height":31,"caption":"Tamron USA"},"image":{"@id":"https:\/\/tamron-americas.com\/#\/schema\/logo\/image\/"}},{"@type":"Person","@id":"https:\/\/tamron-americas.com\/#\/schema\/person\/0c5a8453f7637345176beaf26a3b3670","name":"evans@tamron.com"}]}},"_links":{"self":[{"href":"https:\/\/tamron-americas.com\/fr\/wp-json\/wp\/v2\/posts\/19501","targetHints":{"allow":["GET"]}}],"collection":[{"href":"https:\/\/tamron-americas.com\/fr\/wp-json\/wp\/v2\/posts"}],"about":[{"href":"https:\/\/tamron-americas.com\/fr\/wp-json\/wp\/v2\/types\/post"}],"author":[{"embeddable":true,"href":"https:\/\/tamron-americas.com\/fr\/wp-json\/wp\/v2\/users\/7"}],"replies":[{"embeddable":true,"href":"https:\/\/tamron-americas.com\/fr\/wp-json\/wp\/v2\/comments?post=19501"}],"version-history":[{"count":0,"href":"https:\/\/tamron-americas.com\/fr\/wp-json\/wp\/v2\/posts\/19501\/revisions"}],"wp:attachment":[{"href":"https:\/\/tamron-americas.com\/fr\/wp-json\/wp\/v2\/media?parent=19501"}],"wp:term":[{"taxonomy":"category","embeddable":true,"href":"https:\/\/tamron-americas.com\/fr\/wp-json\/wp\/v2\/categories?post=19501"},{"taxonomy":"post_tag","embeddable":true,"href":"https:\/\/tamron-americas.com\/fr\/wp-json\/wp\/v2\/tags?post=19501"}],"curies":[{"name":"wp","href":"https:\/\/api.w.org\/{rel}","templated":true}]}},{"id":19473,"date":"2026-04-29T10:59:57","date_gmt":"2026-04-29T14:59:57","guid":{"rendered":"https:\/\/tamron-americas.com\/?p=19473"},"modified":"2026-04-29T10:59:59","modified_gmt":"2026-04-29T14:59:59","slug":"2026-cameras-oc-25e-anniversaire","status":"publish","type":"post","link":"https:\/\/tamron-americas.com\/fr\/2026-oc-cameras-25th-anniversary\/","title":{"rendered":"2026 25e anniversaire de OC Camera"},"content":{"rendered":"","protected":false},"excerpt":{"rendered":"","protected":false},"author":7,"featured_media":0,"comment_status":"closed","ping_status":"open","sticky":false,"template":"","format":"standard","meta":{"_acf_changed":true,"site-sidebar-layout":"default","site-content-layout":"","ast-site-content-layout":"","site-content-style":"default","site-sidebar-style":"default","ast-global-header-display":"","ast-banner-title-visibility":"","ast-main-header-display":"","ast-hfb-above-header-display":"","ast-hfb-below-header-display":"","ast-hfb-mobile-header-display":"","site-post-title":"","ast-breadcrumbs-content":"","ast-featured-img":"","footer-sml-layout":"","ast-disable-related-posts":"","theme-transparent-header-meta":"","adv-header-id-meta":"","stick-header-meta":"","header-above-stick-meta":"","header-main-stick-meta":"","header-below-stick-meta":"","astra-migrate-meta-layouts":"default","ast-page-background-enabled":"default","ast-page-background-meta":{"desktop":{"background-color":"var(--ast-global-color-4)","background-image":"","background-repeat":"repeat","background-position":"center center","background-size":"auto","background-attachment":"scroll","background-type":"","background-media":"","overlay-type":"","overlay-color":"","overlay-opacity":"","overlay-gradient":""},"tablet":{"background-color":"","background-image":"","background-repeat":"repeat","background-position":"center center","background-size":"auto","background-attachment":"scroll","background-type":"","background-media":"","overlay-type":"","overlay-color":"","overlay-opacity":"","overlay-gradient":""},"mobile":{"background-color":"","background-image":"","background-repeat":"repeat","background-position":"center center","background-size":"auto","background-attachment":"scroll","background-type":"","background-media":"","overlay-type":"","overlay-color":"","overlay-opacity":"","overlay-gradient":""}},"ast-content-background-meta":{"desktop":{"background-color":"var(--ast-global-color-5)","background-image":"","background-repeat":"repeat","background-position":"center center","background-size":"auto","background-attachment":"scroll","background-type":"","background-media":"","overlay-type":"","overlay-color":"","overlay-opacity":"","overlay-gradient":""},"tablet":{"background-color":"var(--ast-global-color-5)","background-image":"","background-repeat":"repeat","background-position":"center center","background-size":"auto","background-attachment":"scroll","background-type":"","background-media":"","overlay-type":"","overlay-color":"","overlay-opacity":"","overlay-gradient":""},"mobile":{"background-color":"var(--ast-global-color-5)","background-image":"","background-repeat":"repeat","background-position":"center center","background-size":"auto","background-attachment":"scroll","background-type":"","background-media":"","overlay-type":"","overlay-color":"","overlay-opacity":"","overlay-gradient":""}},"footnotes":""},"categories":[81],"tags":[],"class_list":["post-19473","post","type-post","status-publish","format-standard","hentry","category-events"],"acf":[],"yoast_head":"<!-- This site is optimized with the Yoast SEO Premium plugin v27.4 (Yoast SEO v27.4) - https:\/\/yoast.com\/product\/yoast-seo-premium-wordpress\/ -->\n<title>OC Camera\u2019s 25th Anniversary | Tamron<\/title>\n<meta name=\"description\" content=\"Join us for a full day of excitement, starting with our Demo Day from 10:00 AM to 4:00 PM, where you\u2019ll have the chance to connect with top brand representatives and explore the latest gear.\" \/>\n<meta name=\"robots\" content=\"index, follow, max-snippet:-1, max-image-preview:large, max-video-preview:-1\" \/>\n<link rel=\"canonical\" href=\"https:\/\/tamron-americas.com\/fr\/2026-cameras-oc-25e-anniversaire\/\" \/>\n<meta property=\"og:locale\" content=\"fr_CA\" \/>\n<meta property=\"og:type\" content=\"article\" \/>\n<meta property=\"og:title\" content=\"2026 OC Camera\u2019s 25th Anniversary\" \/>\n<meta property=\"og:description\" content=\"Join us for a full day of excitement, starting with our Demo Day from 10:00 AM to 4:00 PM, where you\u2019ll have the chance to connect with top brand representatives and explore the latest gear.\" \/>\n<meta property=\"og:url\" content=\"https:\/\/tamron-americas.com\/fr\/2026-cameras-oc-25e-anniversaire\/\" \/>\n<meta property=\"og:site_name\" content=\"Tamron Americas\" \/>\n<meta property=\"article:published_time\" content=\"2026-04-29T14:59:57+00:00\" \/>\n<meta property=\"article:modified_time\" content=\"2026-04-29T14:59:59+00:00\" \/>\n<meta name=\"author\" content=\"evans@tamron.com\" \/>\n<meta name=\"twitter:card\" content=\"summary_large_image\" \/>\n<meta name=\"twitter:label1\" content=\"\u00c9crit par\" \/>\n\t<meta name=\"twitter:data1\" content=\"evans@tamron.com\" \/>\n<script type=\"application\/ld+json\" class=\"yoast-schema-graph\">{\"@context\":\"https:\\\/\\\/schema.org\",\"@graph\":[{\"@type\":\"Article\",\"@id\":\"https:\\\/\\\/tamron-americas.com\\\/2026-oc-cameras-25th-anniversary\\\/#article\",\"isPartOf\":{\"@id\":\"https:\\\/\\\/tamron-americas.com\\\/2026-oc-cameras-25th-anniversary\\\/\"},\"author\":{\"name\":\"evans@tamron.com\",\"@id\":\"https:\\\/\\\/tamron-americas.com\\\/#\\\/schema\\\/person\\\/0c5a8453f7637345176beaf26a3b3670\"},\"headline\":\"2026 OC Camera\u2019s 25th Anniversary\",\"datePublished\":\"2026-04-29T14:59:57+00:00\",\"dateModified\":\"2026-04-29T14:59:59+00:00\",\"mainEntityOfPage\":{\"@id\":\"https:\\\/\\\/tamron-americas.com\\\/2026-oc-cameras-25th-anniversary\\\/\"},\"wordCount\":5,\"publisher\":{\"@id\":\"https:\\\/\\\/tamron-americas.com\\\/#organization\"},\"articleSection\":[\"Events\"],\"inLanguage\":\"fr-CA\"},{\"@type\":\"WebPage\",\"@id\":\"https:\\\/\\\/tamron-americas.com\\\/2026-oc-cameras-25th-anniversary\\\/\",\"url\":\"https:\\\/\\\/tamron-americas.com\\\/2026-oc-cameras-25th-anniversary\\\/\",\"name\":\"OC Camera\u2019s 25th Anniversary | Tamron\",\"isPartOf\":{\"@id\":\"https:\\\/\\\/tamron-americas.com\\\/#website\"},\"datePublished\":\"2026-04-29T14:59:57+00:00\",\"dateModified\":\"2026-04-29T14:59:59+00:00\",\"description\":\"Join us for a full day of excitement, starting with our Demo Day from 10:00 AM to 4:00 PM, where you\u2019ll have the chance to connect with top brand representatives and explore the latest gear.\",\"breadcrumb\":{\"@id\":\"https:\\\/\\\/tamron-americas.com\\\/2026-oc-cameras-25th-anniversary\\\/#breadcrumb\"},\"inLanguage\":\"fr-CA\",\"potentialAction\":[{\"@type\":\"ReadAction\",\"target\":[\"https:\\\/\\\/tamron-americas.com\\\/2026-oc-cameras-25th-anniversary\\\/\"]}]},{\"@type\":\"BreadcrumbList\",\"@id\":\"https:\\\/\\\/tamron-americas.com\\\/2026-oc-cameras-25th-anniversary\\\/#breadcrumb\",\"itemListElement\":[{\"@type\":\"ListItem\",\"position\":1,\"name\":\"Home\",\"item\":\"https:\\\/\\\/tamron-americas.com\\\/\"},{\"@type\":\"ListItem\",\"position\":2,\"name\":\"2026 OC Camera\u2019s 25th Anniversary\"}]},{\"@type\":\"WebSite\",\"@id\":\"https:\\\/\\\/tamron-americas.com\\\/#website\",\"url\":\"https:\\\/\\\/tamron-americas.com\\\/\",\"name\":\"Tamron Americas\",\"description\":\"\",\"publisher\":{\"@id\":\"https:\\\/\\\/tamron-americas.com\\\/#organization\"},\"potentialAction\":[{\"@type\":\"SearchAction\",\"target\":{\"@type\":\"EntryPoint\",\"urlTemplate\":\"https:\\\/\\\/tamron-americas.com\\\/?s={search_term_string}\"},\"query-input\":{\"@type\":\"PropertyValueSpecification\",\"valueRequired\":true,\"valueName\":\"search_term_string\"}}],\"inLanguage\":\"fr-CA\"},{\"@type\":\"Organization\",\"@id\":\"https:\\\/\\\/tamron-americas.com\\\/#organization\",\"name\":\"Tamron USA\",\"url\":\"https:\\\/\\\/tamron-americas.com\\\/\",\"logo\":{\"@type\":\"ImageObject\",\"inLanguage\":\"fr-CA\",\"@id\":\"https:\\\/\\\/tamron-americas.com\\\/#\\\/schema\\\/logo\\\/image\\\/\",\"url\":\"https:\\\/\\\/tamron-americas.com\\\/wp-content\\\/uploads\\\/2024\\\/07\\\/logo.svg\",\"contentUrl\":\"https:\\\/\\\/tamron-americas.com\\\/wp-content\\\/uploads\\\/2024\\\/07\\\/logo.svg\",\"width\":190,\"height\":31,\"caption\":\"Tamron USA\"},\"image\":{\"@id\":\"https:\\\/\\\/tamron-americas.com\\\/#\\\/schema\\\/logo\\\/image\\\/\"}},{\"@type\":\"Person\",\"@id\":\"https:\\\/\\\/tamron-americas.com\\\/#\\\/schema\\\/person\\\/0c5a8453f7637345176beaf26a3b3670\",\"name\":\"evans@tamron.com\"}]}<\/script>\n<!-- \/ Yoast SEO Premium plugin. -->","yoast_head_json":{"title":"25e anniversaire de OC Camera | Tamron","description":"Rejoignez-nous pour une journ\u00e9e enti\u00e8re d'excitation, en commen\u00e7ant par notre journ\u00e9e de d\u00e9monstration de 10h00 \u00e0 16h00, o\u00f9 vous aurez l'occasion de vous connecter avec les repr\u00e9sentants des plus grandes marques et d'explorer le mat\u00e9riel le plus r\u00e9cent.","robots":{"index":"index","follow":"follow","max-snippet":"max-snippet:-1","max-image-preview":"max-image-preview:large","max-video-preview":"max-video-preview:-1"},"canonical":"https:\/\/tamron-americas.com\/fr\/2026-cameras-oc-25e-anniversaire\/","og_locale":"fr_CA","og_type":"article","og_title":"2026 OC Camera\u2019s 25th Anniversary","og_description":"Join us for a full day of excitement, starting with our Demo Day from 10:00 AM to 4:00 PM, where you\u2019ll have the chance to connect with top brand representatives and explore the latest gear.","og_url":"https:\/\/tamron-americas.com\/fr\/2026-cameras-oc-25e-anniversaire\/","og_site_name":"Tamron Americas","article_published_time":"2026-04-29T14:59:57+00:00","article_modified_time":"2026-04-29T14:59:59+00:00","author":"evans@tamron.com","twitter_card":"summary_large_image","twitter_misc":{"\u00c9crit par":"evans@tamron.com"},"schema":{"@context":"https:\/\/schema.org","@graph":[{"@type":"Article","@id":"https:\/\/tamron-americas.com\/2026-oc-cameras-25th-anniversary\/#article","isPartOf":{"@id":"https:\/\/tamron-americas.com\/2026-oc-cameras-25th-anniversary\/"},"author":{"name":"evans@tamron.com","@id":"https:\/\/tamron-americas.com\/#\/schema\/person\/0c5a8453f7637345176beaf26a3b3670"},"headline":"2026 OC Camera\u2019s 25th Anniversary","datePublished":"2026-04-29T14:59:57+00:00","dateModified":"2026-04-29T14:59:59+00:00","mainEntityOfPage":{"@id":"https:\/\/tamron-americas.com\/2026-oc-cameras-25th-anniversary\/"},"wordCount":5,"publisher":{"@id":"https:\/\/tamron-americas.com\/#organization"},"articleSection":["Events"],"inLanguage":"fr-CA"},{"@type":"WebPage","@id":"https:\/\/tamron-americas.com\/2026-oc-cameras-25th-anniversary\/","url":"https:\/\/tamron-americas.com\/2026-oc-cameras-25th-anniversary\/","name":"OC Camera\u2019s 25th Anniversary | Tamron","isPartOf":{"@id":"https:\/\/tamron-americas.com\/#website"},"datePublished":"2026-04-29T14:59:57+00:00","dateModified":"2026-04-29T14:59:59+00:00","description":"Join us for a full day of excitement, starting with our Demo Day from 10:00 AM to 4:00 PM, where you\u2019ll have the chance to connect with top brand representatives and explore the latest gear.","breadcrumb":{"@id":"https:\/\/tamron-americas.com\/2026-oc-cameras-25th-anniversary\/#breadcrumb"},"inLanguage":"fr-CA","potentialAction":[{"@type":"ReadAction","target":["https:\/\/tamron-americas.com\/2026-oc-cameras-25th-anniversary\/"]}]},{"@type":"BreadcrumbList","@id":"https:\/\/tamron-americas.com\/2026-oc-cameras-25th-anniversary\/#breadcrumb","itemListElement":[{"@type":"ListItem","position":1,"name":"Home","item":"https:\/\/tamron-americas.com\/"},{"@type":"ListItem","position":2,"name":"2026 OC Camera\u2019s 25th Anniversary"}]},{"@type":"WebSite","@id":"https:\/\/tamron-americas.com\/#website","url":"https:\/\/tamron-americas.com\/","name":"Tamron Americas","description":"","publisher":{"@id":"https:\/\/tamron-americas.com\/#organization"},"potentialAction":[{"@type":"SearchAction","target":{"@type":"EntryPoint","urlTemplate":"https:\/\/tamron-americas.com\/?s={search_term_string}"},"query-input":{"@type":"PropertyValueSpecification","valueRequired":true,"valueName":"search_term_string"}}],"inLanguage":"fr-CA"},{"@type":"Organization","@id":"https:\/\/tamron-americas.com\/#organization","name":"Tamron USA","url":"https:\/\/tamron-americas.com\/","logo":{"@type":"ImageObject","inLanguage":"fr-CA","@id":"https:\/\/tamron-americas.com\/#\/schema\/logo\/image\/","url":"https:\/\/tamron-americas.com\/wp-content\/uploads\/2024\/07\/logo.svg","contentUrl":"https:\/\/tamron-americas.com\/wp-content\/uploads\/2024\/07\/logo.svg","width":190,"height":31,"caption":"Tamron USA"},"image":{"@id":"https:\/\/tamron-americas.com\/#\/schema\/logo\/image\/"}},{"@type":"Person","@id":"https:\/\/tamron-americas.com\/#\/schema\/person\/0c5a8453f7637345176beaf26a3b3670","name":"evans@tamron.com"}]}},"_links":{"self":[{"href":"https:\/\/tamron-americas.com\/fr\/wp-json\/wp\/v2\/posts\/19473","targetHints":{"allow":["GET"]}}],"collection":[{"href":"https:\/\/tamron-americas.com\/fr\/wp-json\/wp\/v2\/posts"}],"about":[{"href":"https:\/\/tamron-americas.com\/fr\/wp-json\/wp\/v2\/types\/post"}],"author":[{"embeddable":true,"href":"https:\/\/tamron-americas.com\/fr\/wp-json\/wp\/v2\/users\/7"}],"replies":[{"embeddable":true,"href":"https:\/\/tamron-americas.com\/fr\/wp-json\/wp\/v2\/comments?post=19473"}],"version-history":[{"count":0,"href":"https:\/\/tamron-americas.com\/fr\/wp-json\/wp\/v2\/posts\/19473\/revisions"}],"wp:attachment":[{"href":"https:\/\/tamron-americas.com\/fr\/wp-json\/wp\/v2\/media?parent=19473"}],"wp:term":[{"taxonomy":"category","embeddable":true,"href":"https:\/\/tamron-americas.com\/fr\/wp-json\/wp\/v2\/categories?post=19473"},{"taxonomy":"post_tag","embeddable":true,"href":"https:\/\/tamron-americas.com\/fr\/wp-json\/wp\/v2\/tags?post=19473"}],"curies":[{"name":"wp","href":"https:\/\/api.w.org\/{rel}","templated":true}]}},{"id":19471,"date":"2026-04-29T10:39:03","date_gmt":"2026-04-29T14:39:03","guid":{"rendered":"https:\/\/tamron-americas.com\/?p=19471"},"modified":"2026-04-29T10:39:04","modified_gmt":"2026-04-29T14:39:04","slug":"2026-colorado-spring-photo-video-expo-at-mikes-camera","status":"publish","type":"post","link":"https:\/\/tamron-americas.com\/fr\/2026-colorado-spring-photo-video-expo-at-mikes-camera\/","title":{"rendered":"2026 COLORADO Spring Photo &amp; Video Expo at Mike's Camera"},"content":{"rendered":"","protected":false},"excerpt":{"rendered":"","protected":false},"author":7,"featured_media":0,"comment_status":"closed","ping_status":"open","sticky":false,"template":"","format":"standard","meta":{"_acf_changed":true,"site-sidebar-layout":"default","site-content-layout":"","ast-site-content-layout":"","site-content-style":"default","site-sidebar-style":"default","ast-global-header-display":"","ast-banner-title-visibility":"","ast-main-header-display":"","ast-hfb-above-header-display":"","ast-hfb-below-header-display":"","ast-hfb-mobile-header-display":"","site-post-title":"","ast-breadcrumbs-content":"","ast-featured-img":"","footer-sml-layout":"","ast-disable-related-posts":"","theme-transparent-header-meta":"","adv-header-id-meta":"","stick-header-meta":"","header-above-stick-meta":"","header-main-stick-meta":"","header-below-stick-meta":"","astra-migrate-meta-layouts":"default","ast-page-background-enabled":"default","ast-page-background-meta":{"desktop":{"background-color":"var(--ast-global-color-4)","background-image":"","background-repeat":"repeat","background-position":"center center","background-size":"auto","background-attachment":"scroll","background-type":"","background-media":"","overlay-type":"","overlay-color":"","overlay-opacity":"","overlay-gradient":""},"tablet":{"background-color":"","background-image":"","background-repeat":"repeat","background-position":"center center","background-size":"auto","background-attachment":"scroll","background-type":"","background-media":"","overlay-type":"","overlay-color":"","overlay-opacity":"","overlay-gradient":""},"mobile":{"background-color":"","background-image":"","background-repeat":"repeat","background-position":"center center","background-size":"auto","background-attachment":"scroll","background-type":"","background-media":"","overlay-type":"","overlay-color":"","overlay-opacity":"","overlay-gradient":""}},"ast-content-background-meta":{"desktop":{"background-color":"var(--ast-global-color-5)","background-image":"","background-repeat":"repeat","background-position":"center center","background-size":"auto","background-attachment":"scroll","background-type":"","background-media":"","overlay-type":"","overlay-color":"","overlay-opacity":"","overlay-gradient":""},"tablet":{"background-color":"var(--ast-global-color-5)","background-image":"","background-repeat":"repeat","background-position":"center center","background-size":"auto","background-attachment":"scroll","background-type":"","background-media":"","overlay-type":"","overlay-color":"","overlay-opacity":"","overlay-gradient":""},"mobile":{"background-color":"var(--ast-global-color-5)","background-image":"","background-repeat":"repeat","background-position":"center center","background-size":"auto","background-attachment":"scroll","background-type":"","background-media":"","overlay-type":"","overlay-color":"","overlay-opacity":"","overlay-gradient":""}},"footnotes":""},"categories":[81],"tags":[],"class_list":["post-19471","post","type-post","status-publish","format-standard","hentry","category-events"],"acf":[],"yoast_head":"<!-- This site is optimized with the Yoast SEO Premium plugin v27.4 (Yoast SEO v27.4) - https:\/\/yoast.com\/product\/yoast-seo-premium-wordpress\/ -->\n<title>COLORADO Spring Photo &amp; Video Expo at Mike&#039;s Camera<\/title>\n<meta name=\"description\" content=\"Join us for the main event at Mike&#039;s Camera in Boulder from Friday May 1st through Sunday May 3rd!\" \/>\n<meta name=\"robots\" content=\"index, follow, max-snippet:-1, max-image-preview:large, max-video-preview:-1\" \/>\n<link rel=\"canonical\" href=\"https:\/\/tamron-americas.com\/fr\/2026-colorado-spring-photo-video-expo-at-mikes-camera\/\" \/>\n<meta property=\"og:locale\" content=\"fr_CA\" \/>\n<meta property=\"og:type\" content=\"article\" \/>\n<meta property=\"og:title\" content=\"2026 COLORADO Spring Photo &amp; Video Expo at Mike&#039;s Camera\" \/>\n<meta property=\"og:description\" content=\"Join us for the main event at Mike&#039;s Camera in Boulder from Friday May 1st through Sunday May 3rd!\" \/>\n<meta property=\"og:url\" content=\"https:\/\/tamron-americas.com\/fr\/2026-colorado-spring-photo-video-expo-at-mikes-camera\/\" \/>\n<meta property=\"og:site_name\" content=\"Tamron Americas\" \/>\n<meta property=\"article:published_time\" content=\"2026-04-29T14:39:03+00:00\" \/>\n<meta property=\"article:modified_time\" content=\"2026-04-29T14:39:04+00:00\" \/>\n<meta name=\"author\" content=\"evans@tamron.com\" \/>\n<meta name=\"twitter:card\" content=\"summary_large_image\" \/>\n<meta name=\"twitter:label1\" content=\"\u00c9crit par\" \/>\n\t<meta name=\"twitter:data1\" content=\"evans@tamron.com\" \/>\n<script type=\"application\/ld+json\" class=\"yoast-schema-graph\">{\"@context\":\"https:\\\/\\\/schema.org\",\"@graph\":[{\"@type\":\"Article\",\"@id\":\"https:\\\/\\\/tamron-americas.com\\\/2026-colorado-spring-photo-video-expo-at-mikes-camera\\\/#article\",\"isPartOf\":{\"@id\":\"https:\\\/\\\/tamron-americas.com\\\/2026-colorado-spring-photo-video-expo-at-mikes-camera\\\/\"},\"author\":{\"name\":\"evans@tamron.com\",\"@id\":\"https:\\\/\\\/tamron-americas.com\\\/#\\\/schema\\\/person\\\/0c5a8453f7637345176beaf26a3b3670\"},\"headline\":\"2026 COLORADO Spring Photo &amp; Video Expo at Mike&#8217;s Camera\",\"datePublished\":\"2026-04-29T14:39:03+00:00\",\"dateModified\":\"2026-04-29T14:39:04+00:00\",\"mainEntityOfPage\":{\"@id\":\"https:\\\/\\\/tamron-americas.com\\\/2026-colorado-spring-photo-video-expo-at-mikes-camera\\\/\"},\"wordCount\":10,\"publisher\":{\"@id\":\"https:\\\/\\\/tamron-americas.com\\\/#organization\"},\"articleSection\":[\"Events\"],\"inLanguage\":\"fr-CA\"},{\"@type\":\"WebPage\",\"@id\":\"https:\\\/\\\/tamron-americas.com\\\/2026-colorado-spring-photo-video-expo-at-mikes-camera\\\/\",\"url\":\"https:\\\/\\\/tamron-americas.com\\\/2026-colorado-spring-photo-video-expo-at-mikes-camera\\\/\",\"name\":\"COLORADO Spring Photo & Video Expo at Mike's Camera\",\"isPartOf\":{\"@id\":\"https:\\\/\\\/tamron-americas.com\\\/#website\"},\"datePublished\":\"2026-04-29T14:39:03+00:00\",\"dateModified\":\"2026-04-29T14:39:04+00:00\",\"description\":\"Join us for the main event at Mike's Camera in Boulder from Friday May 1st through Sunday May 3rd!\",\"breadcrumb\":{\"@id\":\"https:\\\/\\\/tamron-americas.com\\\/2026-colorado-spring-photo-video-expo-at-mikes-camera\\\/#breadcrumb\"},\"inLanguage\":\"fr-CA\",\"potentialAction\":[{\"@type\":\"ReadAction\",\"target\":[\"https:\\\/\\\/tamron-americas.com\\\/2026-colorado-spring-photo-video-expo-at-mikes-camera\\\/\"]}]},{\"@type\":\"BreadcrumbList\",\"@id\":\"https:\\\/\\\/tamron-americas.com\\\/2026-colorado-spring-photo-video-expo-at-mikes-camera\\\/#breadcrumb\",\"itemListElement\":[{\"@type\":\"ListItem\",\"position\":1,\"name\":\"Home\",\"item\":\"https:\\\/\\\/tamron-americas.com\\\/\"},{\"@type\":\"ListItem\",\"position\":2,\"name\":\"2026 COLORADO Spring Photo &amp; Video Expo at Mike&#8217;s Camera\"}]},{\"@type\":\"WebSite\",\"@id\":\"https:\\\/\\\/tamron-americas.com\\\/#website\",\"url\":\"https:\\\/\\\/tamron-americas.com\\\/\",\"name\":\"Tamron Americas\",\"description\":\"\",\"publisher\":{\"@id\":\"https:\\\/\\\/tamron-americas.com\\\/#organization\"},\"potentialAction\":[{\"@type\":\"SearchAction\",\"target\":{\"@type\":\"EntryPoint\",\"urlTemplate\":\"https:\\\/\\\/tamron-americas.com\\\/?s={search_term_string}\"},\"query-input\":{\"@type\":\"PropertyValueSpecification\",\"valueRequired\":true,\"valueName\":\"search_term_string\"}}],\"inLanguage\":\"fr-CA\"},{\"@type\":\"Organization\",\"@id\":\"https:\\\/\\\/tamron-americas.com\\\/#organization\",\"name\":\"Tamron USA\",\"url\":\"https:\\\/\\\/tamron-americas.com\\\/\",\"logo\":{\"@type\":\"ImageObject\",\"inLanguage\":\"fr-CA\",\"@id\":\"https:\\\/\\\/tamron-americas.com\\\/#\\\/schema\\\/logo\\\/image\\\/\",\"url\":\"https:\\\/\\\/tamron-americas.com\\\/wp-content\\\/uploads\\\/2024\\\/07\\\/logo.svg\",\"contentUrl\":\"https:\\\/\\\/tamron-americas.com\\\/wp-content\\\/uploads\\\/2024\\\/07\\\/logo.svg\",\"width\":190,\"height\":31,\"caption\":\"Tamron USA\"},\"image\":{\"@id\":\"https:\\\/\\\/tamron-americas.com\\\/#\\\/schema\\\/logo\\\/image\\\/\"}},{\"@type\":\"Person\",\"@id\":\"https:\\\/\\\/tamron-americas.com\\\/#\\\/schema\\\/person\\\/0c5a8453f7637345176beaf26a3b3670\",\"name\":\"evans@tamron.com\"}]}<\/script>\n<!-- \/ Yoast SEO Premium plugin. -->","yoast_head_json":{"title":"COLORADO Spring Photo &amp; Video Expo chez Mike's Camera","description":"Rejoignez-nous pour l'\u00e9v\u00e9nement principal \u00e0 Mike's Camera \u00e0 Boulder du vendredi 1er mai au dimanche 3 mai !","robots":{"index":"index","follow":"follow","max-snippet":"max-snippet:-1","max-image-preview":"max-image-preview:large","max-video-preview":"max-video-preview:-1"},"canonical":"https:\/\/tamron-americas.com\/fr\/2026-colorado-spring-photo-video-expo-at-mikes-camera\/","og_locale":"fr_CA","og_type":"article","og_title":"2026 COLORADO Spring Photo &amp; Video Expo at Mike's Camera","og_description":"Join us for the main event at Mike's Camera in Boulder from Friday May 1st through Sunday May 3rd!","og_url":"https:\/\/tamron-americas.com\/fr\/2026-colorado-spring-photo-video-expo-at-mikes-camera\/","og_site_name":"Tamron Americas","article_published_time":"2026-04-29T14:39:03+00:00","article_modified_time":"2026-04-29T14:39:04+00:00","author":"evans@tamron.com","twitter_card":"summary_large_image","twitter_misc":{"\u00c9crit par":"evans@tamron.com"},"schema":{"@context":"https:\/\/schema.org","@graph":[{"@type":"Article","@id":"https:\/\/tamron-americas.com\/2026-colorado-spring-photo-video-expo-at-mikes-camera\/#article","isPartOf":{"@id":"https:\/\/tamron-americas.com\/2026-colorado-spring-photo-video-expo-at-mikes-camera\/"},"author":{"name":"evans@tamron.com","@id":"https:\/\/tamron-americas.com\/#\/schema\/person\/0c5a8453f7637345176beaf26a3b3670"},"headline":"2026 COLORADO Spring Photo &amp; Video Expo at Mike&#8217;s Camera","datePublished":"2026-04-29T14:39:03+00:00","dateModified":"2026-04-29T14:39:04+00:00","mainEntityOfPage":{"@id":"https:\/\/tamron-americas.com\/2026-colorado-spring-photo-video-expo-at-mikes-camera\/"},"wordCount":10,"publisher":{"@id":"https:\/\/tamron-americas.com\/#organization"},"articleSection":["Events"],"inLanguage":"fr-CA"},{"@type":"WebPage","@id":"https:\/\/tamron-americas.com\/2026-colorado-spring-photo-video-expo-at-mikes-camera\/","url":"https:\/\/tamron-americas.com\/2026-colorado-spring-photo-video-expo-at-mikes-camera\/","name":"COLORADO Spring Photo & Video Expo at Mike's Camera","isPartOf":{"@id":"https:\/\/tamron-americas.com\/#website"},"datePublished":"2026-04-29T14:39:03+00:00","dateModified":"2026-04-29T14:39:04+00:00","description":"Join us for the main event at Mike's Camera in Boulder from Friday May 1st through Sunday May 3rd!","breadcrumb":{"@id":"https:\/\/tamron-americas.com\/2026-colorado-spring-photo-video-expo-at-mikes-camera\/#breadcrumb"},"inLanguage":"fr-CA","potentialAction":[{"@type":"ReadAction","target":["https:\/\/tamron-americas.com\/2026-colorado-spring-photo-video-expo-at-mikes-camera\/"]}]},{"@type":"BreadcrumbList","@id":"https:\/\/tamron-americas.com\/2026-colorado-spring-photo-video-expo-at-mikes-camera\/#breadcrumb","itemListElement":[{"@type":"ListItem","position":1,"name":"Home","item":"https:\/\/tamron-americas.com\/"},{"@type":"ListItem","position":2,"name":"2026 COLORADO Spring Photo &amp; Video Expo at Mike&#8217;s Camera"}]},{"@type":"WebSite","@id":"https:\/\/tamron-americas.com\/#website","url":"https:\/\/tamron-americas.com\/","name":"Tamron Americas","description":"","publisher":{"@id":"https:\/\/tamron-americas.com\/#organization"},"potentialAction":[{"@type":"SearchAction","target":{"@type":"EntryPoint","urlTemplate":"https:\/\/tamron-americas.com\/?s={search_term_string}"},"query-input":{"@type":"PropertyValueSpecification","valueRequired":true,"valueName":"search_term_string"}}],"inLanguage":"fr-CA"},{"@type":"Organization","@id":"https:\/\/tamron-americas.com\/#organization","name":"Tamron USA","url":"https:\/\/tamron-americas.com\/","logo":{"@type":"ImageObject","inLanguage":"fr-CA","@id":"https:\/\/tamron-americas.com\/#\/schema\/logo\/image\/","url":"https:\/\/tamron-americas.com\/wp-content\/uploads\/2024\/07\/logo.svg","contentUrl":"https:\/\/tamron-americas.com\/wp-content\/uploads\/2024\/07\/logo.svg","width":190,"height":31,"caption":"Tamron USA"},"image":{"@id":"https:\/\/tamron-americas.com\/#\/schema\/logo\/image\/"}},{"@type":"Person","@id":"https:\/\/tamron-americas.com\/#\/schema\/person\/0c5a8453f7637345176beaf26a3b3670","name":"evans@tamron.com"}]}},"_links":{"self":[{"href":"https:\/\/tamron-americas.com\/fr\/wp-json\/wp\/v2\/posts\/19471","targetHints":{"allow":["GET"]}}],"collection":[{"href":"https:\/\/tamron-americas.com\/fr\/wp-json\/wp\/v2\/posts"}],"about":[{"href":"https:\/\/tamron-americas.com\/fr\/wp-json\/wp\/v2\/types\/post"}],"author":[{"embeddable":true,"href":"https:\/\/tamron-americas.com\/fr\/wp-json\/wp\/v2\/users\/7"}],"replies":[{"embeddable":true,"href":"https:\/\/tamron-americas.com\/fr\/wp-json\/wp\/v2\/comments?post=19471"}],"version-history":[{"count":0,"href":"https:\/\/tamron-americas.com\/fr\/wp-json\/wp\/v2\/posts\/19471\/revisions"}],"wp:attachment":[{"href":"https:\/\/tamron-americas.com\/fr\/wp-json\/wp\/v2\/media?parent=19471"}],"wp:term":[{"taxonomy":"category","embeddable":true,"href":"https:\/\/tamron-americas.com\/fr\/wp-json\/wp\/v2\/categories?post=19471"},{"taxonomy":"post_tag","embeddable":true,"href":"https:\/\/tamron-americas.com\/fr\/wp-json\/wp\/v2\/tags?post=19471"}],"curies":[{"name":"wp","href":"https:\/\/api.w.org\/{rel}","templated":true}]}},{"id":19383,"date":"2026-04-20T11:39:51","date_gmt":"2026-04-20T15:39:51","guid":{"rendered":"https:\/\/tamron-americas.com\/?p=19383"},"modified":"2026-04-20T11:39:52","modified_gmt":"2026-04-20T15:39:52","slug":"2026-foire-photographique-de-printemps-avec-camera-cardinale","status":"publish","type":"post","link":"https:\/\/tamron-americas.com\/fr\/2026-spring-camera-fair-with-cardinal-camera\/","title":{"rendered":"2026 Salon de l'appareil photo de printemps avec Cardinal Camera"},"content":{"rendered":"","protected":false},"excerpt":{"rendered":"","protected":false},"author":7,"featured_media":0,"comment_status":"closed","ping_status":"open","sticky":false,"template":"","format":"standard","meta":{"_acf_changed":true,"site-sidebar-layout":"default","site-content-layout":"","ast-site-content-layout":"","site-content-style":"default","site-sidebar-style":"default","ast-global-header-display":"","ast-banner-title-visibility":"","ast-main-header-display":"","ast-hfb-above-header-display":"","ast-hfb-below-header-display":"","ast-hfb-mobile-header-display":"","site-post-title":"","ast-breadcrumbs-content":"","ast-featured-img":"","footer-sml-layout":"","ast-disable-related-posts":"","theme-transparent-header-meta":"","adv-header-id-meta":"","stick-header-meta":"","header-above-stick-meta":"","header-main-stick-meta":"","header-below-stick-meta":"","astra-migrate-meta-layouts":"default","ast-page-background-enabled":"default","ast-page-background-meta":{"desktop":{"background-color":"var(--ast-global-color-4)","background-image":"","background-repeat":"repeat","background-position":"center center","background-size":"auto","background-attachment":"scroll","background-type":"","background-media":"","overlay-type":"","overlay-color":"","overlay-opacity":"","overlay-gradient":""},"tablet":{"background-color":"","background-image":"","background-repeat":"repeat","background-position":"center center","background-size":"auto","background-attachment":"scroll","background-type":"","background-media":"","overlay-type":"","overlay-color":"","overlay-opacity":"","overlay-gradient":""},"mobile":{"background-color":"","background-image":"","background-repeat":"repeat","background-position":"center center","background-size":"auto","background-attachment":"scroll","background-type":"","background-media":"","overlay-type":"","overlay-color":"","overlay-opacity":"","overlay-gradient":""}},"ast-content-background-meta":{"desktop":{"background-color":"var(--ast-global-color-5)","background-image":"","background-repeat":"repeat","background-position":"center center","background-size":"auto","background-attachment":"scroll","background-type":"","background-media":"","overlay-type":"","overlay-color":"","overlay-opacity":"","overlay-gradient":""},"tablet":{"background-color":"var(--ast-global-color-5)","background-image":"","background-repeat":"repeat","background-position":"center center","background-size":"auto","background-attachment":"scroll","background-type":"","background-media":"","overlay-type":"","overlay-color":"","overlay-opacity":"","overlay-gradient":""},"mobile":{"background-color":"var(--ast-global-color-5)","background-image":"","background-repeat":"repeat","background-position":"center center","background-size":"auto","background-attachment":"scroll","background-type":"","background-media":"","overlay-type":"","overlay-color":"","overlay-opacity":"","overlay-gradient":""}},"footnotes":""},"categories":[81],"tags":[],"class_list":["post-19383","post","type-post","status-publish","format-standard","hentry","category-events"],"acf":[],"yoast_head":"<!-- This site is optimized with the Yoast SEO Premium plugin v27.4 (Yoast SEO v27.4) - https:\/\/yoast.com\/product\/yoast-seo-premium-wordpress\/ -->\n<title>Spring Camera Fair with Cardinal Camera | Tamron<\/title>\n<meta name=\"description\" content=\"Meet and learn from manufacturer representatives as they host hands-on demos of the latest cameras, lenses and accessories.\" \/>\n<meta name=\"robots\" content=\"index, follow, max-snippet:-1, max-image-preview:large, max-video-preview:-1\" \/>\n<link rel=\"canonical\" href=\"https:\/\/tamron-americas.com\/fr\/2026-foire-photographique-de-printemps-avec-camera-cardinale\/\" \/>\n<meta property=\"og:locale\" content=\"fr_CA\" \/>\n<meta property=\"og:type\" content=\"article\" \/>\n<meta property=\"og:title\" content=\"2026 Spring Camera Fair with Cardinal Camera\" \/>\n<meta property=\"og:description\" content=\"Meet and learn from manufacturer representatives as they host hands-on demos of the latest cameras, lenses and accessories.\" \/>\n<meta property=\"og:url\" content=\"https:\/\/tamron-americas.com\/fr\/2026-foire-photographique-de-printemps-avec-camera-cardinale\/\" \/>\n<meta property=\"og:site_name\" content=\"Tamron Americas\" \/>\n<meta property=\"article:published_time\" content=\"2026-04-20T15:39:51+00:00\" \/>\n<meta property=\"article:modified_time\" content=\"2026-04-20T15:39:52+00:00\" \/>\n<meta name=\"author\" content=\"evans@tamron.com\" \/>\n<meta name=\"twitter:card\" content=\"summary_large_image\" \/>\n<meta name=\"twitter:label1\" content=\"\u00c9crit par\" \/>\n\t<meta name=\"twitter:data1\" content=\"evans@tamron.com\" \/>\n<script type=\"application\/ld+json\" class=\"yoast-schema-graph\">{\"@context\":\"https:\\\/\\\/schema.org\",\"@graph\":[{\"@type\":\"Article\",\"@id\":\"https:\\\/\\\/tamron-americas.com\\\/2026-spring-camera-fair-with-cardinal-camera\\\/#article\",\"isPartOf\":{\"@id\":\"https:\\\/\\\/tamron-americas.com\\\/2026-spring-camera-fair-with-cardinal-camera\\\/\"},\"author\":{\"name\":\"evans@tamron.com\",\"@id\":\"https:\\\/\\\/tamron-americas.com\\\/#\\\/schema\\\/person\\\/0c5a8453f7637345176beaf26a3b3670\"},\"headline\":\"2026 Spring Camera Fair with Cardinal Camera\",\"datePublished\":\"2026-04-20T15:39:51+00:00\",\"dateModified\":\"2026-04-20T15:39:52+00:00\",\"mainEntityOfPage\":{\"@id\":\"https:\\\/\\\/tamron-americas.com\\\/2026-spring-camera-fair-with-cardinal-camera\\\/\"},\"wordCount\":6,\"publisher\":{\"@id\":\"https:\\\/\\\/tamron-americas.com\\\/#organization\"},\"articleSection\":[\"Events\"],\"inLanguage\":\"fr-CA\"},{\"@type\":\"WebPage\",\"@id\":\"https:\\\/\\\/tamron-americas.com\\\/2026-spring-camera-fair-with-cardinal-camera\\\/\",\"url\":\"https:\\\/\\\/tamron-americas.com\\\/2026-spring-camera-fair-with-cardinal-camera\\\/\",\"name\":\"Spring Camera Fair with Cardinal Camera | Tamron\",\"isPartOf\":{\"@id\":\"https:\\\/\\\/tamron-americas.com\\\/#website\"},\"datePublished\":\"2026-04-20T15:39:51+00:00\",\"dateModified\":\"2026-04-20T15:39:52+00:00\",\"description\":\"Meet and learn from manufacturer representatives as they host hands-on demos of the latest cameras, lenses and accessories.\",\"breadcrumb\":{\"@id\":\"https:\\\/\\\/tamron-americas.com\\\/2026-spring-camera-fair-with-cardinal-camera\\\/#breadcrumb\"},\"inLanguage\":\"fr-CA\",\"potentialAction\":[{\"@type\":\"ReadAction\",\"target\":[\"https:\\\/\\\/tamron-americas.com\\\/2026-spring-camera-fair-with-cardinal-camera\\\/\"]}]},{\"@type\":\"BreadcrumbList\",\"@id\":\"https:\\\/\\\/tamron-americas.com\\\/2026-spring-camera-fair-with-cardinal-camera\\\/#breadcrumb\",\"itemListElement\":[{\"@type\":\"ListItem\",\"position\":1,\"name\":\"Home\",\"item\":\"https:\\\/\\\/tamron-americas.com\\\/\"},{\"@type\":\"ListItem\",\"position\":2,\"name\":\"2026 Spring Camera Fair with Cardinal Camera\"}]},{\"@type\":\"WebSite\",\"@id\":\"https:\\\/\\\/tamron-americas.com\\\/#website\",\"url\":\"https:\\\/\\\/tamron-americas.com\\\/\",\"name\":\"Tamron Americas\",\"description\":\"\",\"publisher\":{\"@id\":\"https:\\\/\\\/tamron-americas.com\\\/#organization\"},\"potentialAction\":[{\"@type\":\"SearchAction\",\"target\":{\"@type\":\"EntryPoint\",\"urlTemplate\":\"https:\\\/\\\/tamron-americas.com\\\/?s={search_term_string}\"},\"query-input\":{\"@type\":\"PropertyValueSpecification\",\"valueRequired\":true,\"valueName\":\"search_term_string\"}}],\"inLanguage\":\"fr-CA\"},{\"@type\":\"Organization\",\"@id\":\"https:\\\/\\\/tamron-americas.com\\\/#organization\",\"name\":\"Tamron USA\",\"url\":\"https:\\\/\\\/tamron-americas.com\\\/\",\"logo\":{\"@type\":\"ImageObject\",\"inLanguage\":\"fr-CA\",\"@id\":\"https:\\\/\\\/tamron-americas.com\\\/#\\\/schema\\\/logo\\\/image\\\/\",\"url\":\"https:\\\/\\\/tamron-americas.com\\\/wp-content\\\/uploads\\\/2024\\\/07\\\/logo.svg\",\"contentUrl\":\"https:\\\/\\\/tamron-americas.com\\\/wp-content\\\/uploads\\\/2024\\\/07\\\/logo.svg\",\"width\":190,\"height\":31,\"caption\":\"Tamron USA\"},\"image\":{\"@id\":\"https:\\\/\\\/tamron-americas.com\\\/#\\\/schema\\\/logo\\\/image\\\/\"}},{\"@type\":\"Person\",\"@id\":\"https:\\\/\\\/tamron-americas.com\\\/#\\\/schema\\\/person\\\/0c5a8453f7637345176beaf26a3b3670\",\"name\":\"evans@tamron.com\"}]}<\/script>\n<!-- \/ Yoast SEO Premium plugin. -->","yoast_head_json":{"title":"Salon de l'appareil photo de printemps avec Cardinal Camera | Tamron","description":"Rencontrez et apprenez des repr\u00e9sentants des fabricants qui organisent des d\u00e9monstrations pratiques des derniers appareils photo, objectifs et accessoires.","robots":{"index":"index","follow":"follow","max-snippet":"max-snippet:-1","max-image-preview":"max-image-preview:large","max-video-preview":"max-video-preview:-1"},"canonical":"https:\/\/tamron-americas.com\/fr\/2026-foire-photographique-de-printemps-avec-camera-cardinale\/","og_locale":"fr_CA","og_type":"article","og_title":"2026 Spring Camera Fair with Cardinal Camera","og_description":"Meet and learn from manufacturer representatives as they host hands-on demos of the latest cameras, lenses and accessories.","og_url":"https:\/\/tamron-americas.com\/fr\/2026-foire-photographique-de-printemps-avec-camera-cardinale\/","og_site_name":"Tamron Americas","article_published_time":"2026-04-20T15:39:51+00:00","article_modified_time":"2026-04-20T15:39:52+00:00","author":"evans@tamron.com","twitter_card":"summary_large_image","twitter_misc":{"\u00c9crit par":"evans@tamron.com"},"schema":{"@context":"https:\/\/schema.org","@graph":[{"@type":"Article","@id":"https:\/\/tamron-americas.com\/2026-spring-camera-fair-with-cardinal-camera\/#article","isPartOf":{"@id":"https:\/\/tamron-americas.com\/2026-spring-camera-fair-with-cardinal-camera\/"},"author":{"name":"evans@tamron.com","@id":"https:\/\/tamron-americas.com\/#\/schema\/person\/0c5a8453f7637345176beaf26a3b3670"},"headline":"2026 Spring Camera Fair with Cardinal Camera","datePublished":"2026-04-20T15:39:51+00:00","dateModified":"2026-04-20T15:39:52+00:00","mainEntityOfPage":{"@id":"https:\/\/tamron-americas.com\/2026-spring-camera-fair-with-cardinal-camera\/"},"wordCount":6,"publisher":{"@id":"https:\/\/tamron-americas.com\/#organization"},"articleSection":["Events"],"inLanguage":"fr-CA"},{"@type":"WebPage","@id":"https:\/\/tamron-americas.com\/2026-spring-camera-fair-with-cardinal-camera\/","url":"https:\/\/tamron-americas.com\/2026-spring-camera-fair-with-cardinal-camera\/","name":"Spring Camera Fair with Cardinal Camera | Tamron","isPartOf":{"@id":"https:\/\/tamron-americas.com\/#website"},"datePublished":"2026-04-20T15:39:51+00:00","dateModified":"2026-04-20T15:39:52+00:00","description":"Meet and learn from manufacturer representatives as they host hands-on demos of the latest cameras, lenses and accessories.","breadcrumb":{"@id":"https:\/\/tamron-americas.com\/2026-spring-camera-fair-with-cardinal-camera\/#breadcrumb"},"inLanguage":"fr-CA","potentialAction":[{"@type":"ReadAction","target":["https:\/\/tamron-americas.com\/2026-spring-camera-fair-with-cardinal-camera\/"]}]},{"@type":"BreadcrumbList","@id":"https:\/\/tamron-americas.com\/2026-spring-camera-fair-with-cardinal-camera\/#breadcrumb","itemListElement":[{"@type":"ListItem","position":1,"name":"Home","item":"https:\/\/tamron-americas.com\/"},{"@type":"ListItem","position":2,"name":"2026 Spring Camera Fair with Cardinal Camera"}]},{"@type":"WebSite","@id":"https:\/\/tamron-americas.com\/#website","url":"https:\/\/tamron-americas.com\/","name":"Tamron Americas","description":"","publisher":{"@id":"https:\/\/tamron-americas.com\/#organization"},"potentialAction":[{"@type":"SearchAction","target":{"@type":"EntryPoint","urlTemplate":"https:\/\/tamron-americas.com\/?s={search_term_string}"},"query-input":{"@type":"PropertyValueSpecification","valueRequired":true,"valueName":"search_term_string"}}],"inLanguage":"fr-CA"},{"@type":"Organization","@id":"https:\/\/tamron-americas.com\/#organization","name":"Tamron USA","url":"https:\/\/tamron-americas.com\/","logo":{"@type":"ImageObject","inLanguage":"fr-CA","@id":"https:\/\/tamron-americas.com\/#\/schema\/logo\/image\/","url":"https:\/\/tamron-americas.com\/wp-content\/uploads\/2024\/07\/logo.svg","contentUrl":"https:\/\/tamron-americas.com\/wp-content\/uploads\/2024\/07\/logo.svg","width":190,"height":31,"caption":"Tamron USA"},"image":{"@id":"https:\/\/tamron-americas.com\/#\/schema\/logo\/image\/"}},{"@type":"Person","@id":"https:\/\/tamron-americas.com\/#\/schema\/person\/0c5a8453f7637345176beaf26a3b3670","name":"evans@tamron.com"}]}},"_links":{"self":[{"href":"https:\/\/tamron-americas.com\/fr\/wp-json\/wp\/v2\/posts\/19383","targetHints":{"allow":["GET"]}}],"collection":[{"href":"https:\/\/tamron-americas.com\/fr\/wp-json\/wp\/v2\/posts"}],"about":[{"href":"https:\/\/tamron-americas.com\/fr\/wp-json\/wp\/v2\/types\/post"}],"author":[{"embeddable":true,"href":"https:\/\/tamron-americas.com\/fr\/wp-json\/wp\/v2\/users\/7"}],"replies":[{"embeddable":true,"href":"https:\/\/tamron-americas.com\/fr\/wp-json\/wp\/v2\/comments?post=19383"}],"version-history":[{"count":0,"href":"https:\/\/tamron-americas.com\/fr\/wp-json\/wp\/v2\/posts\/19383\/revisions"}],"wp:attachment":[{"href":"https:\/\/tamron-americas.com\/fr\/wp-json\/wp\/v2\/media?parent=19383"}],"wp:term":[{"taxonomy":"category","embeddable":true,"href":"https:\/\/tamron-americas.com\/fr\/wp-json\/wp\/v2\/categories?post=19383"},{"taxonomy":"post_tag","embeddable":true,"href":"https:\/\/tamron-americas.com\/fr\/wp-json\/wp\/v2\/tags?post=19383"}],"curies":[{"name":"wp","href":"https:\/\/api.w.org\/{rel}","templated":true}]}},{"id":19324,"date":"2026-04-17T02:01:00","date_gmt":"2026-04-17T06:01:00","guid":{"rendered":"https:\/\/tamron-americas.com\/?p=19324"},"modified":"2026-04-16T09:56:41","modified_gmt":"2026-04-16T13:56:41","slug":"objectifs-tamron-tipa-awards-2026","status":"publish","type":"post","link":"https:\/\/tamron-americas.com\/fr\/tamron-lenses-tipa-awards-2026\/","title":{"rendered":"Les lentilles TAMRON r\u00e9compens\u00e9es par deux prestigieux prix TIPA en 2026"},"content":{"rendered":"<div data-elementor-type=\"wp-post\" data-elementor-id=\"19324\" class=\"elementor elementor-19324\" data-elementor-settings=\"{&quot;element_pack_global_tooltip_width&quot;:{&quot;unit&quot;:&quot;px&quot;,&quot;size&quot;:&quot;&quot;,&quot;sizes&quot;:[]},&quot;element_pack_global_tooltip_width_tablet_extra&quot;:{&quot;unit&quot;:&quot;px&quot;,&quot;size&quot;:&quot;&quot;,&quot;sizes&quot;:[]},&quot;element_pack_global_tooltip_width_tablet&quot;:{&quot;unit&quot;:&quot;px&quot;,&quot;size&quot;:&quot;&quot;,&quot;sizes&quot;:[]},&quot;element_pack_global_tooltip_width_mobile_extra&quot;:{&quot;unit&quot;:&quot;px&quot;,&quot;size&quot;:&quot;&quot;,&quot;sizes&quot;:[]},&quot;element_pack_global_tooltip_width_mobile&quot;:{&quot;unit&quot;:&quot;px&quot;,&quot;size&quot;:&quot;&quot;,&quot;sizes&quot;:[]},&quot;element_pack_global_tooltip_padding&quot;:{&quot;unit&quot;:&quot;px&quot;,&quot;top&quot;:&quot;&quot;,&quot;right&quot;:&quot;&quot;,&quot;bottom&quot;:&quot;&quot;,&quot;left&quot;:&quot;&quot;,&quot;isLinked&quot;:true},&quot;element_pack_global_tooltip_padding_tablet_extra&quot;:{&quot;unit&quot;:&quot;px&quot;,&quot;top&quot;:&quot;&quot;,&quot;right&quot;:&quot;&quot;,&quot;bottom&quot;:&quot;&quot;,&quot;left&quot;:&quot;&quot;,&quot;isLinked&quot;:true},&quot;element_pack_global_tooltip_padding_tablet&quot;:{&quot;unit&quot;:&quot;px&quot;,&quot;top&quot;:&quot;&quot;,&quot;right&quot;:&quot;&quot;,&quot;bottom&quot;:&quot;&quot;,&quot;left&quot;:&quot;&quot;,&quot;isLinked&quot;:true},&quot;element_pack_global_tooltip_padding_mobile_extra&quot;:{&quot;unit&quot;:&quot;px&quot;,&quot;top&quot;:&quot;&quot;,&quot;right&quot;:&quot;&quot;,&quot;bottom&quot;:&quot;&quot;,&quot;left&quot;:&quot;&quot;,&quot;isLinked&quot;:true},&quot;element_pack_global_tooltip_padding_mobile&quot;:{&quot;unit&quot;:&quot;px&quot;,&quot;top&quot;:&quot;&quot;,&quot;right&quot;:&quot;&quot;,&quot;bottom&quot;:&quot;&quot;,&quot;left&quot;:&quot;&quot;,&quot;isLinked&quot;:true},&quot;element_pack_global_tooltip_border_radius&quot;:{&quot;unit&quot;:&quot;px&quot;,&quot;top&quot;:&quot;&quot;,&quot;right&quot;:&quot;&quot;,&quot;bottom&quot;:&quot;&quot;,&quot;left&quot;:&quot;&quot;,&quot;isLinked&quot;:true},&quot;element_pack_global_tooltip_border_radius_tablet_extra&quot;:{&quot;unit&quot;:&quot;px&quot;,&quot;top&quot;:&quot;&quot;,&quot;right&quot;:&quot;&quot;,&quot;bottom&quot;:&quot;&quot;,&quot;left&quot;:&quot;&quot;,&quot;isLinked&quot;:true},&quot;element_pack_global_tooltip_border_radius_tablet&quot;:{&quot;unit&quot;:&quot;px&quot;,&quot;top&quot;:&quot;&quot;,&quot;right&quot;:&quot;&quot;,&quot;bottom&quot;:&quot;&quot;,&quot;left&quot;:&quot;&quot;,&quot;isLinked&quot;:true},&quot;element_pack_global_tooltip_border_radius_mobile_extra&quot;:{&quot;unit&quot;:&quot;px&quot;,&quot;top&quot;:&quot;&quot;,&quot;right&quot;:&quot;&quot;,&quot;bottom&quot;:&quot;&quot;,&quot;left&quot;:&quot;&quot;,&quot;isLinked&quot;:true},&quot;element_pack_global_tooltip_border_radius_mobile&quot;:{&quot;unit&quot;:&quot;px&quot;,&quot;top&quot;:&quot;&quot;,&quot;right&quot;:&quot;&quot;,&quot;bottom&quot;:&quot;&quot;,&quot;left&quot;:&quot;&quot;,&quot;isLinked&quot;:true}}\" data-elementor-post-type=\"post\">\n\t\t\t\t<div class=\"elementor-element elementor-element-5c48f848 e-flex e-con-boxed e-con e-parent\" data-id=\"5c48f848\" data-element_type=\"container\" data-e-type=\"container\">\n\t\t\t\t\t<div class=\"e-con-inner\">\n\t\t\t\t<div class=\"elementor-element elementor-element-77cd9ae6 elementor-widget elementor-widget-text-editor\" data-id=\"77cd9ae6\" data-element_type=\"widget\" data-e-type=\"widget\" data-widget_type=\"text-editor.default\">\n\t\t\t\t<div class=\"elementor-widget-container\">\n\t\t\t\t\t\t\t\t\t<div class=\"cont\"><ol><li>\u00a0<\/li><li id=\"english\"><h2><strong>16-30mm F\/2.8 <span class=\"no-break\">Di III<\/span> VXD G2 et 35-100mm F\/2.8 <span class=\"no-break\">Di III<\/span> VXD <\/strong><strong>re\u00e7oivent des prix dans leurs cat\u00e9gories respectives<\/strong><\/h2><p>\u00a0<\/p><\/li><\/ol><div class=\"text\"><p><em>17 avril 2026, Commack NY -<\/em><a href=\"https:\/\/tamron-americas.com\/fr\/\">TAMRON Americas<\/a><em>, <\/em>fournisseur majeur d'objectifs de haute qualit\u00e9, annonce la remise par la Technical Image Press Association (TIPA) de son TIPA Award 2026 \u00e0 deux objectifs : 16-30mm F\/2.8 <span class=\"no-break\">Di III<\/span> VXD G2 (mod\u00e8le A064) pour le \u201cMEILLEUR OBJECTIF ZOOM GRAND ANGLE PLEIN CADRE\u201d et 35-100mm F\/2.8 <span class=\"no-break\">Di III<\/span> VXD (mod\u00e8le A078) pour le \u201cMEILLEUR OBJECTIF DE VOYAGE PLEIN CADRE\u201d. Avec ces derni\u00e8res r\u00e9compenses, TAMRON a \u00e9t\u00e9 honor\u00e9 par les prix TIPA pendant treize ann\u00e9es cons\u00e9cutives.<em>.<\/em><\/p><h2><img loading=\"lazy\" decoding=\"async\" class=\"alignnone wp-image-19325 size-medium\" src=\"https:\/\/spcdn.shortpixel.ai\/spio\/ret_img,q_cdnize,to_auto,s_webp:avif\/tamron-americas.com\/wp-content\/uploads\/2026\/04\/TIPA-awards-2026-logo-231x300.png\" alt=\"Logo du Prix TIPA 2026\" width=\"231\" height=\"300\" \/><\/h2><h2><img loading=\"lazy\" decoding=\"async\" class=\"alignnone wp-image-19326 size-medium\" src=\"https:\/\/spcdn.shortpixel.ai\/spio\/ret_img,q_cdnize,to_auto,s_webp:avif\/tamron-americas.com\/wp-content\/uploads\/2026\/04\/a064s-style-tipa-2026-300x186.webp\" alt=\"L&#039;objectif Tamron 16-30 mm remporte le prix TIPA 2026\" width=\"300\" height=\"186\" \/><\/h2><p>LE MEILLEUR OBJECTIF ZOOM GRAND ANGLE PLEIN CADRE<br \/>16-30mm F\/2.8 <span class=\"no-break\">Di III<\/span> VXD G2 (Mod\u00e8le A064)<\/p><h2><img loading=\"lazy\" decoding=\"async\" class=\"alignnone wp-image-19327 size-medium\" src=\"https:\/\/spcdn.shortpixel.ai\/spio\/ret_img,q_cdnize,to_auto,s_webp:avif\/tamron-americas.com\/wp-content\/uploads\/2026\/04\/a078s-style-tipa-2026-300x175.webp\" alt=\"Le Tamron 35-100 mm remporte le TIPA Award 2026\" width=\"300\" height=\"175\" \/><\/h2><p>MEILLEUR OBJECTIF DE VOYAGE PLEIN CADRE<br \/>35-100mm F\/2.8 <span class=\"no-break\">Di III<\/span> VXD (Mod\u00e8le A078)<\/p><p><strong>Extrait de la citation du jury du TIPA :<\/strong><\/p><p><strong>LE MEILLEUR OBJECTIF ZOOM GRAND ANGLE PLEIN CADRE<\/strong><br \/><a href=\"https:\/\/tamron-americas.com\/fr\/produit\/16-30mm-f-2-8-di-iii-vxd-g2\/\"><strong>TAMRON 16-30mm F\/2.8 <span class=\"no-break\">Di III<\/span> VXD G2 (Mod\u00e8le A064)<\/strong><\/a><br \/>Ce zoom ultra grand-angle l\u00e9ger et rapide offre une nettet\u00e9 exceptionnelle d'un bord \u00e0 l'autre, m\u00eame \u00e0 F2.8. Il associe des performances optiques exceptionnelles \u00e0 une construction robuste r\u00e9sistante \u00e0 l'humidit\u00e9, adapt\u00e9e aux environnements exigeants. Sa polyvalence impressionnante le rend id\u00e9al pour capturer une grande vari\u00e9t\u00e9 de sujets, m\u00eame dans des conditions d'\u00e9clairage difficiles, ce qui en fait un choix polyvalent pour la photographie de paysage, d'architecture, d'\u00e9v\u00e9nements et de voyage. Sur le plan des performances, il offre un autofocus rapide et fiable qui garantit la r\u00e9ussite des prises de vue photo et vid\u00e9o. Cet objectif abordable pr\u00e9sente une distance minimale de 0,19 m \u00e0 16 mm et de 0,3 m \u00e0 30 mm, ce qui offre encore plus de possibilit\u00e9s pour des images passionnantes.<\/p><p><strong>MEILLEUR OBJECTIF DE VOYAGE PLEIN CADRE <\/strong><br \/><a href=\"https:\/\/tamron-americas.com\/fr\/produit\/35-100mm-f-2-8-di-iii-vxd\/\"><strong>TAMRON 35-100mm F\/2.8 <span class=\"no-break\">Di III<\/span> VXD (Mod\u00e8le A078)<\/strong><\/a><br \/>Cet objectif pratique, \u00e0 emporter partout, offre un m\u00e9lange exceptionnel de performances optiques, de portabilit\u00e9 et d'innovation. Il fournit des images d'une nettet\u00e9 constante sur l'ensemble de sa plage de zoom polyvalente et conserve une ouverture F2.8 lumineuse, ce qui lui permet d'exceller dans des conditions de faible luminosit\u00e9 tout en produisant une profondeur et une clart\u00e9 magnifiquement rendues. Le m\u00e9canisme de mise au point \u00e0 moteur lin\u00e9aire VXD (Voice-coil eXtreme-torque Drive) garantit une mise au point rapide, pr\u00e9cise et silencieuse pour r\u00e9pondre aux exigences des cr\u00e9ateurs de photos et de vid\u00e9os. Remarquablement compact et l\u00e9ger pour sa cat\u00e9gorie, cet objectif red\u00e9finit la mobilit\u00e9 sans compromettre la qualit\u00e9 de l'image.<\/p><p><strong>Prix TIPA re\u00e7us<\/strong><br \/>- 2014 MEILLEUR OBJECTIF DSLR EXPERT ; SP 150-600mm F\/5-6.3 Di VC USD (Mod\u00e8le A011)<br \/>- 2015 MEILLEUR OBJECTIF DE NIVEAU D'ENTR\u00c9E CSC ; 14-150mm F\/3.5-5.8 <span class=\"no-break\">Di III<\/span> (Mod\u00e8le C001)<br \/>- 2016 MEILLEUR OBJECTIF PRIMAIRE POUR R\u00c9SEAU NUM\u00c9RIQUE ; SP 35mm F\/1.8 Di VC USD (Mod\u00e8le F012)<br \/>MEILLEUR OBJECTIF DSLR D'ENTR\u00c9E DE GAMME ; 18-200mm F\/3.5-6.3 Di II VC (Mod\u00e8le B018)<br \/>- 2017 MEILLEUR OBJECTIF ZOOM TELEPHOTO DSLR ; SP 150-600mm F\/5-6.3 Di VC USD G2 (Mod\u00e8le A022)<br \/>- 2018 Meilleur Objectif ZOOM TELEPHOTO DSLR ; 70-210mm F\/4 Di VC USD (Mod\u00e8le A034)<br \/>MEILLEUR OBJECTIF SUPERZOOM POUR DSLR ; 18-400mm F\/3.5-6.3 Di II VC HLD (Mod\u00e8le B028)<br \/>- 2019 Meilleur objectif ZOOM STANDARD SANS MIROIR ; 28-75mm F\/2.8 <span class=\"no-break\">Di III<\/span> RXD (Mod\u00e8le A036)<br \/>- 2020 MEILLEUR OBJECTIF PRIMAIRE POUR ORDINATEUR NUM\u00c9RIQUE ; SP 35mm F\/1.4 Di USD (Mod\u00e8le F045)<br \/>- 2021 Meilleur objectif ZOOM STANDARD ; 17-70mm F\/2.8 <span class=\"no-break\"><span class=\"no-break\">Di III<\/span>-A<\/span> VC RXD (mod\u00e8le B070)<br \/>MEILLEUR OBJECTIF ZOOM T\u00c9L\u00c9PHOTO ; 70-180mm F\/2.8 <span class=\"no-break\">Di III<\/span> VXD (Mod\u00e8le A056)<br \/>- 2022 Meilleur objectif ZOOM ULTRA TELEPHOTO PLEIN CADRE ; 150-500mm F\/5-6.7 <span class=\"no-break\">Di III<\/span> VC VXD (Mod\u00e8le A057)<br \/>MEILLEUR OBJECTIF ZOOM DE VOYAGE ; 35-150mm F\/2-2.8 <span class=\"no-break\">Di III<\/span> VXD (Mod\u00e8le A058)<br \/>- 2023 Meilleur objectif ZOOM TELEPHOTO ; 50-400mm F\/4.5-6.3 <span class=\"no-break\">Di III<\/span> VC VXD (Mod\u00e8le A067)<br \/>MEILLEUR OBJECTIF DE CR\u00c9ATION DE CONTENU ; 20-40mm F\/2.8 <span class=\"no-break\">Di III<\/span> VXD (Mod\u00e8le A062)<br \/>- 2024 Meilleur objectif ZOOM GRAND ANGLE ; 17-50mm F\/4 <span class=\"no-break\">Di III<\/span> VXD (Mod\u00e8le A068)<br \/>MEILLEUR OBJECTIF ZOOM T\u00c9L\u00c9PHOTO ; 70-180mm F\/2.8 <span class=\"no-break\">Di III<\/span> VC VXD G2 (Mod\u00e8le A065)<br \/>- 2025 Meilleur objectif SUPERZOOM ; 50-300mm F\/4.5-6.3 <span class=\"no-break\">Di III<\/span> VC VXD (Mod\u00e8le A069)<br \/>MEILLEUR OBJECTIF MACRO : 90 mm F\/2,8 <span class=\"no-break\">Di III<\/span> MACRO VXD (Mod\u00e8le F072)<br \/>- 2026 Meilleur objectif ZOOM GRAND ANGLE PLEIN CADRE ; 16-30mm F\/2.8 <span class=\"no-break\">Di III<\/span> VXD G2 (Mod\u00e8le A064)<br \/>MEILLEUR OBJECTIF DE VOYAGE POUR PLEIN CADRE ; 35-100mm F\/2.8 <span class=\"no-break\">Di III<\/span> VXD (Mod\u00e8le A078)<\/p><p><strong>\u00c0 propos des prix TIPA<\/strong><br \/>Les TIPA WORLD AWARDS reconnaissent et honorent les entreprises du secteur et leurs produits, et servent de r\u00e9f\u00e9rence et de guide aux consommateurs dans leurs d\u00e9cisions d'achat. Dans une r\u00e9cente enqu\u00eate men\u00e9e par un cabinet de recherche ind\u00e9pendant, par exemple, plus de 65% des lecteurs des magazines membres reconnaissent le prix comme une reconnaissance de l'excellence dans l'industrie de la photo.<\/p><p>Pour les demandes de renseignements des m\u00e9dias, veuillez contacter<br \/>Jessica Kelly, responsable de la communication marketing, <a href=\"mailto:kelly@tamron.com\">kelly@tamron.com<\/a><\/p><p><strong>\u00c0 propos de Tamron Co.<\/strong><br \/>TAMRON propose une large gamme de produits optiques originaux, allant des objectifs interchangeables pour appareils photo num\u00e9riques \u00e0 divers dispositifs optiques pour le grand public et les OEM. Nous fabriquons des produits optiques qui contribuent \u00e0 une s\u00e9rie d'industries diff\u00e9rentes et nous continuerons \u00e0 consacrer notre riche cr\u00e9ativit\u00e9 et nos prouesses techniques de pointe \u00e0 divers domaines industriels. En outre, TAMRON est pleinement conscient de sa responsabilit\u00e9 \u00e0 l'\u00e9gard de l'environnement et aspire \u00e0 contribuer \u00e0 la pr\u00e9servation de l'environnement naturel dans toutes ses activit\u00e9s commerciales. Pour plus de d\u00e9tails, veuillez consulter le site officiel de Tamron Co. (<a href=\"https:\/\/www.tamron.com\/global\/\" target=\"_blank\" rel=\"noopener\">https:\/\/www.tamron.com\/global\/<\/a>)<\/p><p><strong>Gamme de produits optiques :<\/strong><br \/>Objectifs interchangeables pour appareils photo sans miroir et DSLR, objectifs pour cam\u00e9ras de surveillance en r\u00e9seau, objectifs pour FA et vision industrielle, objectifs pour t\u00e9l\u00e9conf\u00e9rence, modules de cam\u00e9ra, objectifs pour cam\u00e9ras automobiles, objectifs pour appareils photo num\u00e9riques compacts et cam\u00e9ras vid\u00e9o, objectifs pour drones, appareils m\u00e9dicaux et diverses unit\u00e9s d'appareils optiques.<\/p><p>\u00a0<\/p><p># \u00a0\u00a0\u00a0 # \u00a0\u00a0\u00a0 #<\/p><p>4\/17\/2026<\/p><p>\u00a0<\/p><\/div><\/div>\t\t\t\t\t\t\t\t<\/div>\n\t\t\t\t<\/div>\n\t\t\t\t\t<\/div>\n\t\t\t\t<\/div>\n\t\t\t\t<\/div>","protected":false},"excerpt":{"rendered":"<p>\u00a0 16-30mm F\/2.8 Di III VXD G2 and 35-100mm F\/2.8 Di III VXD receive awards in their respective categories \u00a0 [&hellip;]<\/p>\n","protected":false},"author":7,"featured_media":0,"comment_status":"closed","ping_status":"closed","sticky":false,"template":"elementor_theme","format":"standard","meta":{"_acf_changed":true,"site-sidebar-layout":"default","site-content-layout":"","ast-site-content-layout":"","site-content-style":"default","site-sidebar-style":"default","ast-global-header-display":"","ast-banner-title-visibility":"","ast-main-header-display":"","ast-hfb-above-header-display":"","ast-hfb-below-header-display":"","ast-hfb-mobile-header-display":"","site-post-title":"","ast-breadcrumbs-content":"","ast-featured-img":"","footer-sml-layout":"","ast-disable-related-posts":"","theme-transparent-header-meta":"","adv-header-id-meta":"","stick-header-meta":"","header-above-stick-meta":"","header-main-stick-meta":"","header-below-stick-meta":"","astra-migrate-meta-layouts":"default","ast-page-background-enabled":"default","ast-page-background-meta":{"desktop":{"background-color":"var(--ast-global-color-4)","background-image":"","background-repeat":"repeat","background-position":"center center","background-size":"auto","background-attachment":"scroll","background-type":"","background-media":"","overlay-type":"","overlay-color":"","overlay-opacity":"","overlay-gradient":""},"tablet":{"background-color":"","background-image":"","background-repeat":"repeat","background-position":"center center","background-size":"auto","background-attachment":"scroll","background-type":"","background-media":"","overlay-type":"","overlay-color":"","overlay-opacity":"","overlay-gradient":""},"mobile":{"background-color":"","background-image":"","background-repeat":"repeat","background-position":"center center","background-size":"auto","background-attachment":"scroll","background-type":"","background-media":"","overlay-type":"","overlay-color":"","overlay-opacity":"","overlay-gradient":""}},"ast-content-background-meta":{"desktop":{"background-color":"var(--ast-global-color-5)","background-image":"","background-repeat":"repeat","background-position":"center center","background-size":"auto","background-attachment":"scroll","background-type":"","background-media":"","overlay-type":"","overlay-color":"","overlay-opacity":"","overlay-gradient":""},"tablet":{"background-color":"var(--ast-global-color-5)","background-image":"","background-repeat":"repeat","background-position":"center center","background-size":"auto","background-attachment":"scroll","background-type":"","background-media":"","overlay-type":"","overlay-color":"","overlay-opacity":"","overlay-gradient":""},"mobile":{"background-color":"var(--ast-global-color-5)","background-image":"","background-repeat":"repeat","background-position":"center center","background-size":"auto","background-attachment":"scroll","background-type":"","background-media":"","overlay-type":"","overlay-color":"","overlay-opacity":"","overlay-gradient":""}},"footnotes":""},"categories":[122],"tags":[194,196],"class_list":["post-19324","post","type-post","status-publish","format-standard","hentry","category-news","tag-press-release","tag-tamron"],"acf":[],"yoast_head":"<!-- This site is optimized with the Yoast SEO Premium plugin v27.4 (Yoast SEO v27.4) - https:\/\/yoast.com\/product\/yoast-seo-premium-wordpress\/ -->\n<title>TAMRON Lenses Honored with Two Prestigious TIPA Awards<\/title>\n<meta name=\"description\" content=\"Tamron announces the presentation by TIPA of its TIPA Award to two lenses; the 16-30mm G2 (Model A064) and the 35-100mm (Model A078) .\" \/>\n<meta name=\"robots\" content=\"index, follow, max-snippet:-1, max-image-preview:large, max-video-preview:-1\" \/>\n<link rel=\"canonical\" href=\"https:\/\/tamron-americas.com\/fr\/objectifs-tamron-tipa-awards-2026\/\" \/>\n<meta property=\"og:locale\" content=\"fr_CA\" \/>\n<meta property=\"og:type\" content=\"article\" \/>\n<meta property=\"og:title\" content=\"TAMRON Lenses Honored with Two Prestigious TIPA Awards in 2026\" \/>\n<meta property=\"og:description\" content=\"Tamron announces the presentation by TIPA of its TIPA Award to two lenses; the 16-30mm G2 (Model A064) and the 35-100mm (Model A078) .\" \/>\n<meta property=\"og:url\" content=\"https:\/\/tamron-americas.com\/fr\/objectifs-tamron-tipa-awards-2026\/\" \/>\n<meta property=\"og:site_name\" content=\"Tamron Americas\" \/>\n<meta property=\"article:published_time\" content=\"2026-04-17T06:01:00+00:00\" \/>\n<meta property=\"og:image\" content=\"https:\/\/tamron-americas.com\/wp-content\/uploads\/2026\/04\/TIPA-awards-2026-logo.png\" \/>\n\t<meta property=\"og:image:width\" content=\"644\" \/>\n\t<meta property=\"og:image:height\" content=\"835\" \/>\n\t<meta property=\"og:image:type\" content=\"image\/png\" \/>\n<meta name=\"author\" content=\"evans@tamron.com\" \/>\n<meta name=\"twitter:card\" content=\"summary_large_image\" \/>\n<meta name=\"twitter:label1\" content=\"\u00c9crit par\" \/>\n\t<meta name=\"twitter:data1\" content=\"evans@tamron.com\" \/>\n\t<meta name=\"twitter:label2\" content=\"Estimation du temps de lecture\" \/>\n\t<meta name=\"twitter:data2\" content=\"5 minutes\" \/>\n<script type=\"application\/ld+json\" class=\"yoast-schema-graph\">{\"@context\":\"https:\\\/\\\/schema.org\",\"@graph\":[{\"@type\":\"Article\",\"@id\":\"https:\\\/\\\/tamron-americas.com\\\/tamron-lenses-tipa-awards-2026\\\/#article\",\"isPartOf\":{\"@id\":\"https:\\\/\\\/tamron-americas.com\\\/tamron-lenses-tipa-awards-2026\\\/\"},\"author\":{\"name\":\"evans@tamron.com\",\"@id\":\"https:\\\/\\\/tamron-americas.com\\\/#\\\/schema\\\/person\\\/0c5a8453f7637345176beaf26a3b3670\"},\"headline\":\"TAMRON Lenses Honored with Two Prestigious TIPA Awards in 2026\",\"datePublished\":\"2026-04-17T06:01:00+00:00\",\"mainEntityOfPage\":{\"@id\":\"https:\\\/\\\/tamron-americas.com\\\/tamron-lenses-tipa-awards-2026\\\/\"},\"wordCount\":856,\"publisher\":{\"@id\":\"https:\\\/\\\/tamron-americas.com\\\/#organization\"},\"image\":{\"@id\":\"https:\\\/\\\/tamron-americas.com\\\/tamron-lenses-tipa-awards-2026\\\/#primaryimage\"},\"thumbnailUrl\":\"https:\\\/\\\/tamron-americas.com\\\/wp-content\\\/uploads\\\/2026\\\/04\\\/TIPA-awards-2026-logo-231x300.png\",\"keywords\":[\"Press Release\",\"TAMRON\"],\"articleSection\":[\"News\"],\"inLanguage\":\"fr-CA\"},{\"@type\":\"WebPage\",\"@id\":\"https:\\\/\\\/tamron-americas.com\\\/tamron-lenses-tipa-awards-2026\\\/\",\"url\":\"https:\\\/\\\/tamron-americas.com\\\/tamron-lenses-tipa-awards-2026\\\/\",\"name\":\"TAMRON Lenses Honored with Two Prestigious TIPA Awards\",\"isPartOf\":{\"@id\":\"https:\\\/\\\/tamron-americas.com\\\/#website\"},\"primaryImageOfPage\":{\"@id\":\"https:\\\/\\\/tamron-americas.com\\\/tamron-lenses-tipa-awards-2026\\\/#primaryimage\"},\"image\":{\"@id\":\"https:\\\/\\\/tamron-americas.com\\\/tamron-lenses-tipa-awards-2026\\\/#primaryimage\"},\"thumbnailUrl\":\"https:\\\/\\\/tamron-americas.com\\\/wp-content\\\/uploads\\\/2026\\\/04\\\/TIPA-awards-2026-logo-231x300.png\",\"datePublished\":\"2026-04-17T06:01:00+00:00\",\"description\":\"Tamron announces the presentation by TIPA of its TIPA Award to two lenses; the 16-30mm G2 (Model A064) and the 35-100mm (Model A078) .\",\"breadcrumb\":{\"@id\":\"https:\\\/\\\/tamron-americas.com\\\/tamron-lenses-tipa-awards-2026\\\/#breadcrumb\"},\"inLanguage\":\"fr-CA\",\"potentialAction\":[{\"@type\":\"ReadAction\",\"target\":[\"https:\\\/\\\/tamron-americas.com\\\/tamron-lenses-tipa-awards-2026\\\/\"]}]},{\"@type\":\"ImageObject\",\"inLanguage\":\"fr-CA\",\"@id\":\"https:\\\/\\\/tamron-americas.com\\\/tamron-lenses-tipa-awards-2026\\\/#primaryimage\",\"url\":\"https:\\\/\\\/tamron-americas.com\\\/wp-content\\\/uploads\\\/2026\\\/04\\\/TIPA-awards-2026-logo-231x300.png\",\"contentUrl\":\"https:\\\/\\\/tamron-americas.com\\\/wp-content\\\/uploads\\\/2026\\\/04\\\/TIPA-awards-2026-logo-231x300.png\"},{\"@type\":\"BreadcrumbList\",\"@id\":\"https:\\\/\\\/tamron-americas.com\\\/tamron-lenses-tipa-awards-2026\\\/#breadcrumb\",\"itemListElement\":[{\"@type\":\"ListItem\",\"position\":1,\"name\":\"Home\",\"item\":\"https:\\\/\\\/tamron-americas.com\\\/\"},{\"@type\":\"ListItem\",\"position\":2,\"name\":\"TAMRON Lenses Honored with Two Prestigious TIPA Awards in 2026\"}]},{\"@type\":\"WebSite\",\"@id\":\"https:\\\/\\\/tamron-americas.com\\\/#website\",\"url\":\"https:\\\/\\\/tamron-americas.com\\\/\",\"name\":\"Tamron Americas\",\"description\":\"\",\"publisher\":{\"@id\":\"https:\\\/\\\/tamron-americas.com\\\/#organization\"},\"potentialAction\":[{\"@type\":\"SearchAction\",\"target\":{\"@type\":\"EntryPoint\",\"urlTemplate\":\"https:\\\/\\\/tamron-americas.com\\\/?s={search_term_string}\"},\"query-input\":{\"@type\":\"PropertyValueSpecification\",\"valueRequired\":true,\"valueName\":\"search_term_string\"}}],\"inLanguage\":\"fr-CA\"},{\"@type\":\"Organization\",\"@id\":\"https:\\\/\\\/tamron-americas.com\\\/#organization\",\"name\":\"Tamron USA\",\"url\":\"https:\\\/\\\/tamron-americas.com\\\/\",\"logo\":{\"@type\":\"ImageObject\",\"inLanguage\":\"fr-CA\",\"@id\":\"https:\\\/\\\/tamron-americas.com\\\/#\\\/schema\\\/logo\\\/image\\\/\",\"url\":\"https:\\\/\\\/tamron-americas.com\\\/wp-content\\\/uploads\\\/2024\\\/07\\\/logo.svg\",\"contentUrl\":\"https:\\\/\\\/tamron-americas.com\\\/wp-content\\\/uploads\\\/2024\\\/07\\\/logo.svg\",\"width\":190,\"height\":31,\"caption\":\"Tamron USA\"},\"image\":{\"@id\":\"https:\\\/\\\/tamron-americas.com\\\/#\\\/schema\\\/logo\\\/image\\\/\"}},{\"@type\":\"Person\",\"@id\":\"https:\\\/\\\/tamron-americas.com\\\/#\\\/schema\\\/person\\\/0c5a8453f7637345176beaf26a3b3670\",\"name\":\"evans@tamron.com\"}]}<\/script>\n<!-- \/ Yoast SEO Premium plugin. -->","yoast_head_json":{"title":"Les lentilles TAMRON r\u00e9compens\u00e9es par deux prestigieux prix TIPA","description":"Tamron annonce la remise du prix TIPA \u00e0 deux objectifs : le 16-30 mm G2 (mod\u00e8le A064) et le 35-100 mm (mod\u00e8le A078). .","robots":{"index":"index","follow":"follow","max-snippet":"max-snippet:-1","max-image-preview":"max-image-preview:large","max-video-preview":"max-video-preview:-1"},"canonical":"https:\/\/tamron-americas.com\/fr\/objectifs-tamron-tipa-awards-2026\/","og_locale":"fr_CA","og_type":"article","og_title":"TAMRON Lenses Honored with Two Prestigious TIPA Awards in 2026","og_description":"Tamron announces the presentation by TIPA of its TIPA Award to two lenses; the 16-30mm G2 (Model A064) and the 35-100mm (Model A078) .","og_url":"https:\/\/tamron-americas.com\/fr\/objectifs-tamron-tipa-awards-2026\/","og_site_name":"Tamron Americas","article_published_time":"2026-04-17T06:01:00+00:00","og_image":[{"width":644,"height":835,"url":"https:\/\/tamron-americas.com\/wp-content\/uploads\/2026\/04\/TIPA-awards-2026-logo.png","type":"image\/png"}],"author":"evans@tamron.com","twitter_card":"summary_large_image","twitter_misc":{"\u00c9crit par":"evans@tamron.com","Estimation du temps de lecture":"5 minutes"},"schema":{"@context":"https:\/\/schema.org","@graph":[{"@type":"Article","@id":"https:\/\/tamron-americas.com\/tamron-lenses-tipa-awards-2026\/#article","isPartOf":{"@id":"https:\/\/tamron-americas.com\/tamron-lenses-tipa-awards-2026\/"},"author":{"name":"evans@tamron.com","@id":"https:\/\/tamron-americas.com\/#\/schema\/person\/0c5a8453f7637345176beaf26a3b3670"},"headline":"TAMRON Lenses Honored with Two Prestigious TIPA Awards in 2026","datePublished":"2026-04-17T06:01:00+00:00","mainEntityOfPage":{"@id":"https:\/\/tamron-americas.com\/tamron-lenses-tipa-awards-2026\/"},"wordCount":856,"publisher":{"@id":"https:\/\/tamron-americas.com\/#organization"},"image":{"@id":"https:\/\/tamron-americas.com\/tamron-lenses-tipa-awards-2026\/#primaryimage"},"thumbnailUrl":"https:\/\/tamron-americas.com\/wp-content\/uploads\/2026\/04\/TIPA-awards-2026-logo-231x300.png","keywords":["Press Release","TAMRON"],"articleSection":["News"],"inLanguage":"fr-CA"},{"@type":"WebPage","@id":"https:\/\/tamron-americas.com\/tamron-lenses-tipa-awards-2026\/","url":"https:\/\/tamron-americas.com\/tamron-lenses-tipa-awards-2026\/","name":"TAMRON Lenses Honored with Two Prestigious TIPA Awards","isPartOf":{"@id":"https:\/\/tamron-americas.com\/#website"},"primaryImageOfPage":{"@id":"https:\/\/tamron-americas.com\/tamron-lenses-tipa-awards-2026\/#primaryimage"},"image":{"@id":"https:\/\/tamron-americas.com\/tamron-lenses-tipa-awards-2026\/#primaryimage"},"thumbnailUrl":"https:\/\/tamron-americas.com\/wp-content\/uploads\/2026\/04\/TIPA-awards-2026-logo-231x300.png","datePublished":"2026-04-17T06:01:00+00:00","description":"Tamron announces the presentation by TIPA of its TIPA Award to two lenses; the 16-30mm G2 (Model A064) and the 35-100mm (Model A078) .","breadcrumb":{"@id":"https:\/\/tamron-americas.com\/tamron-lenses-tipa-awards-2026\/#breadcrumb"},"inLanguage":"fr-CA","potentialAction":[{"@type":"ReadAction","target":["https:\/\/tamron-americas.com\/tamron-lenses-tipa-awards-2026\/"]}]},{"@type":"ImageObject","inLanguage":"fr-CA","@id":"https:\/\/tamron-americas.com\/tamron-lenses-tipa-awards-2026\/#primaryimage","url":"https:\/\/tamron-americas.com\/wp-content\/uploads\/2026\/04\/TIPA-awards-2026-logo-231x300.png","contentUrl":"https:\/\/tamron-americas.com\/wp-content\/uploads\/2026\/04\/TIPA-awards-2026-logo-231x300.png"},{"@type":"BreadcrumbList","@id":"https:\/\/tamron-americas.com\/tamron-lenses-tipa-awards-2026\/#breadcrumb","itemListElement":[{"@type":"ListItem","position":1,"name":"Home","item":"https:\/\/tamron-americas.com\/"},{"@type":"ListItem","position":2,"name":"TAMRON Lenses Honored with Two Prestigious TIPA Awards in 2026"}]},{"@type":"WebSite","@id":"https:\/\/tamron-americas.com\/#website","url":"https:\/\/tamron-americas.com\/","name":"Tamron Americas","description":"","publisher":{"@id":"https:\/\/tamron-americas.com\/#organization"},"potentialAction":[{"@type":"SearchAction","target":{"@type":"EntryPoint","urlTemplate":"https:\/\/tamron-americas.com\/?s={search_term_string}"},"query-input":{"@type":"PropertyValueSpecification","valueRequired":true,"valueName":"search_term_string"}}],"inLanguage":"fr-CA"},{"@type":"Organization","@id":"https:\/\/tamron-americas.com\/#organization","name":"Tamron USA","url":"https:\/\/tamron-americas.com\/","logo":{"@type":"ImageObject","inLanguage":"fr-CA","@id":"https:\/\/tamron-americas.com\/#\/schema\/logo\/image\/","url":"https:\/\/tamron-americas.com\/wp-content\/uploads\/2024\/07\/logo.svg","contentUrl":"https:\/\/tamron-americas.com\/wp-content\/uploads\/2024\/07\/logo.svg","width":190,"height":31,"caption":"Tamron USA"},"image":{"@id":"https:\/\/tamron-americas.com\/#\/schema\/logo\/image\/"}},{"@type":"Person","@id":"https:\/\/tamron-americas.com\/#\/schema\/person\/0c5a8453f7637345176beaf26a3b3670","name":"evans@tamron.com"}]}},"_links":{"self":[{"href":"https:\/\/tamron-americas.com\/fr\/wp-json\/wp\/v2\/posts\/19324","targetHints":{"allow":["GET"]}}],"collection":[{"href":"https:\/\/tamron-americas.com\/fr\/wp-json\/wp\/v2\/posts"}],"about":[{"href":"https:\/\/tamron-americas.com\/fr\/wp-json\/wp\/v2\/types\/post"}],"author":[{"embeddable":true,"href":"https:\/\/tamron-americas.com\/fr\/wp-json\/wp\/v2\/users\/7"}],"replies":[{"embeddable":true,"href":"https:\/\/tamron-americas.com\/fr\/wp-json\/wp\/v2\/comments?post=19324"}],"version-history":[{"count":0,"href":"https:\/\/tamron-americas.com\/fr\/wp-json\/wp\/v2\/posts\/19324\/revisions"}],"wp:attachment":[{"href":"https:\/\/tamron-americas.com\/fr\/wp-json\/wp\/v2\/media?parent=19324"}],"wp:term":[{"taxonomy":"category","embeddable":true,"href":"https:\/\/tamron-americas.com\/fr\/wp-json\/wp\/v2\/categories?post=19324"},{"taxonomy":"post_tag","embeddable":true,"href":"https:\/\/tamron-americas.com\/fr\/wp-json\/wp\/v2\/tags?post=19324"}],"curies":[{"name":"wp","href":"https:\/\/api.w.org\/{rel}","templated":true}]}},{"id":19328,"date":"2026-04-16T10:29:15","date_gmt":"2026-04-16T14:29:15","guid":{"rendered":"https:\/\/tamron-americas.com\/?p=19328"},"modified":"2026-04-16T10:29:15","modified_gmt":"2026-04-16T14:29:15","slug":"2026-allens-camera-spring-customer-appreciation","status":"publish","type":"post","link":"https:\/\/tamron-americas.com\/fr\/2026-allens-camera-spring-customer-appreciation\/","title":{"rendered":"2026 Allen's Camera Spring Customer Appreciation (Appr\u00e9ciation de la client\u00e8le de printemps)"},"content":{"rendered":"","protected":false},"excerpt":{"rendered":"","protected":false},"author":7,"featured_media":0,"comment_status":"closed","ping_status":"open","sticky":false,"template":"","format":"standard","meta":{"_acf_changed":true,"site-sidebar-layout":"default","site-content-layout":"","ast-site-content-layout":"","site-content-style":"default","site-sidebar-style":"default","ast-global-header-display":"","ast-banner-title-visibility":"","ast-main-header-display":"","ast-hfb-above-header-display":"","ast-hfb-below-header-display":"","ast-hfb-mobile-header-display":"","site-post-title":"","ast-breadcrumbs-content":"","ast-featured-img":"","footer-sml-layout":"","ast-disable-related-posts":"","theme-transparent-header-meta":"","adv-header-id-meta":"","stick-header-meta":"","header-above-stick-meta":"","header-main-stick-meta":"","header-below-stick-meta":"","astra-migrate-meta-layouts":"default","ast-page-background-enabled":"default","ast-page-background-meta":{"desktop":{"background-color":"var(--ast-global-color-4)","background-image":"","background-repeat":"repeat","background-position":"center center","background-size":"auto","background-attachment":"scroll","background-type":"","background-media":"","overlay-type":"","overlay-color":"","overlay-opacity":"","overlay-gradient":""},"tablet":{"background-color":"","background-image":"","background-repeat":"repeat","background-position":"center center","background-size":"auto","background-attachment":"scroll","background-type":"","background-media":"","overlay-type":"","overlay-color":"","overlay-opacity":"","overlay-gradient":""},"mobile":{"background-color":"","background-image":"","background-repeat":"repeat","background-position":"center center","background-size":"auto","background-attachment":"scroll","background-type":"","background-media":"","overlay-type":"","overlay-color":"","overlay-opacity":"","overlay-gradient":""}},"ast-content-background-meta":{"desktop":{"background-color":"var(--ast-global-color-5)","background-image":"","background-repeat":"repeat","background-position":"center center","background-size":"auto","background-attachment":"scroll","background-type":"","background-media":"","overlay-type":"","overlay-color":"","overlay-opacity":"","overlay-gradient":""},"tablet":{"background-color":"var(--ast-global-color-5)","background-image":"","background-repeat":"repeat","background-position":"center center","background-size":"auto","background-attachment":"scroll","background-type":"","background-media":"","overlay-type":"","overlay-color":"","overlay-opacity":"","overlay-gradient":""},"mobile":{"background-color":"var(--ast-global-color-5)","background-image":"","background-repeat":"repeat","background-position":"center center","background-size":"auto","background-attachment":"scroll","background-type":"","background-media":"","overlay-type":"","overlay-color":"","overlay-opacity":"","overlay-gradient":""}},"footnotes":""},"categories":[81],"tags":[],"class_list":["post-19328","post","type-post","status-publish","format-standard","hentry","category-events"],"acf":[],"yoast_head":"<!-- This site is optimized with the Yoast SEO Premium plugin v27.4 (Yoast SEO v27.4) - https:\/\/yoast.com\/product\/yoast-seo-premium-wordpress\/ -->\n<title>Allen&#039;s Camera Spring Customer Appreciation | Tamron<\/title>\n<meta name=\"description\" content=\"Get ready for a day full of photography fun at Allen\u2019s Camera! This is the largest photography savings event of the year! In Store Only\" \/>\n<meta name=\"robots\" content=\"index, follow, max-snippet:-1, max-image-preview:large, max-video-preview:-1\" \/>\n<link rel=\"canonical\" href=\"https:\/\/tamron-americas.com\/fr\/2026-allens-camera-spring-customer-appreciation\/\" \/>\n<meta property=\"og:locale\" content=\"fr_CA\" \/>\n<meta property=\"og:type\" content=\"article\" \/>\n<meta property=\"og:title\" content=\"2026 Allen&#039;s Camera Spring Customer Appreciation\" \/>\n<meta property=\"og:description\" content=\"Get ready for a day full of photography fun at Allen\u2019s Camera! This is the largest photography savings event of the year! In Store Only\" \/>\n<meta property=\"og:url\" content=\"https:\/\/tamron-americas.com\/fr\/2026-allens-camera-spring-customer-appreciation\/\" \/>\n<meta property=\"og:site_name\" content=\"Tamron Americas\" \/>\n<meta property=\"article:published_time\" content=\"2026-04-16T14:29:15+00:00\" \/>\n<meta name=\"author\" content=\"evans@tamron.com\" \/>\n<meta name=\"twitter:card\" content=\"summary_large_image\" \/>\n<meta name=\"twitter:label1\" content=\"\u00c9crit par\" \/>\n\t<meta name=\"twitter:data1\" content=\"evans@tamron.com\" \/>\n<script type=\"application\/ld+json\" class=\"yoast-schema-graph\">{\"@context\":\"https:\\\/\\\/schema.org\",\"@graph\":[{\"@type\":\"Article\",\"@id\":\"https:\\\/\\\/tamron-americas.com\\\/2026-allens-camera-spring-customer-appreciation\\\/#article\",\"isPartOf\":{\"@id\":\"https:\\\/\\\/tamron-americas.com\\\/2026-allens-camera-spring-customer-appreciation\\\/\"},\"author\":{\"name\":\"evans@tamron.com\",\"@id\":\"https:\\\/\\\/tamron-americas.com\\\/#\\\/schema\\\/person\\\/0c5a8453f7637345176beaf26a3b3670\"},\"headline\":\"2026 Allen&#8217;s Camera Spring Customer Appreciation\",\"datePublished\":\"2026-04-16T14:29:15+00:00\",\"mainEntityOfPage\":{\"@id\":\"https:\\\/\\\/tamron-americas.com\\\/2026-allens-camera-spring-customer-appreciation\\\/\"},\"wordCount\":6,\"publisher\":{\"@id\":\"https:\\\/\\\/tamron-americas.com\\\/#organization\"},\"articleSection\":[\"Events\"],\"inLanguage\":\"fr-CA\"},{\"@type\":\"WebPage\",\"@id\":\"https:\\\/\\\/tamron-americas.com\\\/2026-allens-camera-spring-customer-appreciation\\\/\",\"url\":\"https:\\\/\\\/tamron-americas.com\\\/2026-allens-camera-spring-customer-appreciation\\\/\",\"name\":\"Allen's Camera Spring Customer Appreciation | Tamron\",\"isPartOf\":{\"@id\":\"https:\\\/\\\/tamron-americas.com\\\/#website\"},\"datePublished\":\"2026-04-16T14:29:15+00:00\",\"description\":\"Get ready for a day full of photography fun at Allen\u2019s Camera! This is the largest photography savings event of the year! In Store Only\",\"breadcrumb\":{\"@id\":\"https:\\\/\\\/tamron-americas.com\\\/2026-allens-camera-spring-customer-appreciation\\\/#breadcrumb\"},\"inLanguage\":\"fr-CA\",\"potentialAction\":[{\"@type\":\"ReadAction\",\"target\":[\"https:\\\/\\\/tamron-americas.com\\\/2026-allens-camera-spring-customer-appreciation\\\/\"]}]},{\"@type\":\"BreadcrumbList\",\"@id\":\"https:\\\/\\\/tamron-americas.com\\\/2026-allens-camera-spring-customer-appreciation\\\/#breadcrumb\",\"itemListElement\":[{\"@type\":\"ListItem\",\"position\":1,\"name\":\"Home\",\"item\":\"https:\\\/\\\/tamron-americas.com\\\/\"},{\"@type\":\"ListItem\",\"position\":2,\"name\":\"2026 Allen&#8217;s Camera Spring Customer Appreciation\"}]},{\"@type\":\"WebSite\",\"@id\":\"https:\\\/\\\/tamron-americas.com\\\/#website\",\"url\":\"https:\\\/\\\/tamron-americas.com\\\/\",\"name\":\"Tamron Americas\",\"description\":\"\",\"publisher\":{\"@id\":\"https:\\\/\\\/tamron-americas.com\\\/#organization\"},\"potentialAction\":[{\"@type\":\"SearchAction\",\"target\":{\"@type\":\"EntryPoint\",\"urlTemplate\":\"https:\\\/\\\/tamron-americas.com\\\/?s={search_term_string}\"},\"query-input\":{\"@type\":\"PropertyValueSpecification\",\"valueRequired\":true,\"valueName\":\"search_term_string\"}}],\"inLanguage\":\"fr-CA\"},{\"@type\":\"Organization\",\"@id\":\"https:\\\/\\\/tamron-americas.com\\\/#organization\",\"name\":\"Tamron USA\",\"url\":\"https:\\\/\\\/tamron-americas.com\\\/\",\"logo\":{\"@type\":\"ImageObject\",\"inLanguage\":\"fr-CA\",\"@id\":\"https:\\\/\\\/tamron-americas.com\\\/#\\\/schema\\\/logo\\\/image\\\/\",\"url\":\"https:\\\/\\\/tamron-americas.com\\\/wp-content\\\/uploads\\\/2024\\\/07\\\/logo.svg\",\"contentUrl\":\"https:\\\/\\\/tamron-americas.com\\\/wp-content\\\/uploads\\\/2024\\\/07\\\/logo.svg\",\"width\":190,\"height\":31,\"caption\":\"Tamron USA\"},\"image\":{\"@id\":\"https:\\\/\\\/tamron-americas.com\\\/#\\\/schema\\\/logo\\\/image\\\/\"}},{\"@type\":\"Person\",\"@id\":\"https:\\\/\\\/tamron-americas.com\\\/#\\\/schema\\\/person\\\/0c5a8453f7637345176beaf26a3b3670\",\"name\":\"evans@tamron.com\"}]}<\/script>\n<!-- \/ Yoast SEO Premium plugin. -->","yoast_head_json":{"title":"Allen's Camera Spring Customer Appreciation | Tamron","description":"Pr\u00e9parez-vous \u00e0 une journ\u00e9e de plaisir photographique chez Allen's Camera ! Il s'agit de l'\u00e9v\u00e9nement le plus important de l'ann\u00e9e en mati\u00e8re d'\u00e9conomies sur la photographie ! En magasin seulement","robots":{"index":"index","follow":"follow","max-snippet":"max-snippet:-1","max-image-preview":"max-image-preview:large","max-video-preview":"max-video-preview:-1"},"canonical":"https:\/\/tamron-americas.com\/fr\/2026-allens-camera-spring-customer-appreciation\/","og_locale":"fr_CA","og_type":"article","og_title":"2026 Allen's Camera Spring Customer Appreciation","og_description":"Get ready for a day full of photography fun at Allen\u2019s Camera! This is the largest photography savings event of the year! In Store Only","og_url":"https:\/\/tamron-americas.com\/fr\/2026-allens-camera-spring-customer-appreciation\/","og_site_name":"Tamron Americas","article_published_time":"2026-04-16T14:29:15+00:00","author":"evans@tamron.com","twitter_card":"summary_large_image","twitter_misc":{"\u00c9crit par":"evans@tamron.com"},"schema":{"@context":"https:\/\/schema.org","@graph":[{"@type":"Article","@id":"https:\/\/tamron-americas.com\/2026-allens-camera-spring-customer-appreciation\/#article","isPartOf":{"@id":"https:\/\/tamron-americas.com\/2026-allens-camera-spring-customer-appreciation\/"},"author":{"name":"evans@tamron.com","@id":"https:\/\/tamron-americas.com\/#\/schema\/person\/0c5a8453f7637345176beaf26a3b3670"},"headline":"2026 Allen&#8217;s Camera Spring Customer Appreciation","datePublished":"2026-04-16T14:29:15+00:00","mainEntityOfPage":{"@id":"https:\/\/tamron-americas.com\/2026-allens-camera-spring-customer-appreciation\/"},"wordCount":6,"publisher":{"@id":"https:\/\/tamron-americas.com\/#organization"},"articleSection":["Events"],"inLanguage":"fr-CA"},{"@type":"WebPage","@id":"https:\/\/tamron-americas.com\/2026-allens-camera-spring-customer-appreciation\/","url":"https:\/\/tamron-americas.com\/2026-allens-camera-spring-customer-appreciation\/","name":"Allen's Camera Spring Customer Appreciation | Tamron","isPartOf":{"@id":"https:\/\/tamron-americas.com\/#website"},"datePublished":"2026-04-16T14:29:15+00:00","description":"Get ready for a day full of photography fun at Allen\u2019s Camera! This is the largest photography savings event of the year! In Store Only","breadcrumb":{"@id":"https:\/\/tamron-americas.com\/2026-allens-camera-spring-customer-appreciation\/#breadcrumb"},"inLanguage":"fr-CA","potentialAction":[{"@type":"ReadAction","target":["https:\/\/tamron-americas.com\/2026-allens-camera-spring-customer-appreciation\/"]}]},{"@type":"BreadcrumbList","@id":"https:\/\/tamron-americas.com\/2026-allens-camera-spring-customer-appreciation\/#breadcrumb","itemListElement":[{"@type":"ListItem","position":1,"name":"Home","item":"https:\/\/tamron-americas.com\/"},{"@type":"ListItem","position":2,"name":"2026 Allen&#8217;s Camera Spring Customer Appreciation"}]},{"@type":"WebSite","@id":"https:\/\/tamron-americas.com\/#website","url":"https:\/\/tamron-americas.com\/","name":"Tamron Americas","description":"","publisher":{"@id":"https:\/\/tamron-americas.com\/#organization"},"potentialAction":[{"@type":"SearchAction","target":{"@type":"EntryPoint","urlTemplate":"https:\/\/tamron-americas.com\/?s={search_term_string}"},"query-input":{"@type":"PropertyValueSpecification","valueRequired":true,"valueName":"search_term_string"}}],"inLanguage":"fr-CA"},{"@type":"Organization","@id":"https:\/\/tamron-americas.com\/#organization","name":"Tamron USA","url":"https:\/\/tamron-americas.com\/","logo":{"@type":"ImageObject","inLanguage":"fr-CA","@id":"https:\/\/tamron-americas.com\/#\/schema\/logo\/image\/","url":"https:\/\/tamron-americas.com\/wp-content\/uploads\/2024\/07\/logo.svg","contentUrl":"https:\/\/tamron-americas.com\/wp-content\/uploads\/2024\/07\/logo.svg","width":190,"height":31,"caption":"Tamron USA"},"image":{"@id":"https:\/\/tamron-americas.com\/#\/schema\/logo\/image\/"}},{"@type":"Person","@id":"https:\/\/tamron-americas.com\/#\/schema\/person\/0c5a8453f7637345176beaf26a3b3670","name":"evans@tamron.com"}]}},"_links":{"self":[{"href":"https:\/\/tamron-americas.com\/fr\/wp-json\/wp\/v2\/posts\/19328","targetHints":{"allow":["GET"]}}],"collection":[{"href":"https:\/\/tamron-americas.com\/fr\/wp-json\/wp\/v2\/posts"}],"about":[{"href":"https:\/\/tamron-americas.com\/fr\/wp-json\/wp\/v2\/types\/post"}],"author":[{"embeddable":true,"href":"https:\/\/tamron-americas.com\/fr\/wp-json\/wp\/v2\/users\/7"}],"replies":[{"embeddable":true,"href":"https:\/\/tamron-americas.com\/fr\/wp-json\/wp\/v2\/comments?post=19328"}],"version-history":[{"count":0,"href":"https:\/\/tamron-americas.com\/fr\/wp-json\/wp\/v2\/posts\/19328\/revisions"}],"wp:attachment":[{"href":"https:\/\/tamron-americas.com\/fr\/wp-json\/wp\/v2\/media?parent=19328"}],"wp:term":[{"taxonomy":"category","embeddable":true,"href":"https:\/\/tamron-americas.com\/fr\/wp-json\/wp\/v2\/categories?post=19328"},{"taxonomy":"post_tag","embeddable":true,"href":"https:\/\/tamron-americas.com\/fr\/wp-json\/wp\/v2\/tags?post=19328"}],"curies":[{"name":"wp","href":"https:\/\/api.w.org\/{rel}","templated":true}]}},{"id":19321,"date":"2026-04-15T15:21:03","date_gmt":"2026-04-15T19:21:03","guid":{"rendered":"https:\/\/tamron-americas.com\/?p=19321"},"modified":"2026-04-15T15:21:04","modified_gmt":"2026-04-15T19:21:04","slug":"2026-m-a-r-s-mid-atlantic-regional-school-of-professional-photography","status":"publish","type":"post","link":"https:\/\/tamron-americas.com\/fr\/2026-m-a-r-s-mid-atlantic-regional-school-of-professional-photography\/","title":{"rendered":"2026 M.A.R.S. (Mid-Atlantic Regional School of Professional Photography)"},"content":{"rendered":"","protected":false},"excerpt":{"rendered":"","protected":false},"author":7,"featured_media":0,"comment_status":"closed","ping_status":"open","sticky":false,"template":"","format":"standard","meta":{"_acf_changed":true,"site-sidebar-layout":"default","site-content-layout":"","ast-site-content-layout":"","site-content-style":"default","site-sidebar-style":"default","ast-global-header-display":"","ast-banner-title-visibility":"","ast-main-header-display":"","ast-hfb-above-header-display":"","ast-hfb-below-header-display":"","ast-hfb-mobile-header-display":"","site-post-title":"","ast-breadcrumbs-content":"","ast-featured-img":"","footer-sml-layout":"","ast-disable-related-posts":"","theme-transparent-header-meta":"","adv-header-id-meta":"","stick-header-meta":"","header-above-stick-meta":"","header-main-stick-meta":"","header-below-stick-meta":"","astra-migrate-meta-layouts":"default","ast-page-background-enabled":"default","ast-page-background-meta":{"desktop":{"background-color":"var(--ast-global-color-4)","background-image":"","background-repeat":"repeat","background-position":"center center","background-size":"auto","background-attachment":"scroll","background-type":"","background-media":"","overlay-type":"","overlay-color":"","overlay-opacity":"","overlay-gradient":""},"tablet":{"background-color":"","background-image":"","background-repeat":"repeat","background-position":"center center","background-size":"auto","background-attachment":"scroll","background-type":"","background-media":"","overlay-type":"","overlay-color":"","overlay-opacity":"","overlay-gradient":""},"mobile":{"background-color":"","background-image":"","background-repeat":"repeat","background-position":"center center","background-size":"auto","background-attachment":"scroll","background-type":"","background-media":"","overlay-type":"","overlay-color":"","overlay-opacity":"","overlay-gradient":""}},"ast-content-background-meta":{"desktop":{"background-color":"var(--ast-global-color-5)","background-image":"","background-repeat":"repeat","background-position":"center center","background-size":"auto","background-attachment":"scroll","background-type":"","background-media":"","overlay-type":"","overlay-color":"","overlay-opacity":"","overlay-gradient":""},"tablet":{"background-color":"var(--ast-global-color-5)","background-image":"","background-repeat":"repeat","background-position":"center center","background-size":"auto","background-attachment":"scroll","background-type":"","background-media":"","overlay-type":"","overlay-color":"","overlay-opacity":"","overlay-gradient":""},"mobile":{"background-color":"var(--ast-global-color-5)","background-image":"","background-repeat":"repeat","background-position":"center center","background-size":"auto","background-attachment":"scroll","background-type":"","background-media":"","overlay-type":"","overlay-color":"","overlay-opacity":"","overlay-gradient":""}},"footnotes":""},"categories":[81],"tags":[],"class_list":["post-19321","post","type-post","status-publish","format-standard","hentry","category-events"],"acf":[],"yoast_head":"<!-- This site is optimized with the Yoast SEO Premium plugin v27.4 (Yoast SEO v27.4) - https:\/\/yoast.com\/product\/yoast-seo-premium-wordpress\/ -->\n<title>M.A.R.S. (Mid-Atlantic Regional School of Professional Photography)<\/title>\n<meta name=\"description\" content=\"MARS provides five days of intense photography training in an intimate, friendly, boutique environment.\" \/>\n<meta name=\"robots\" content=\"index, follow, max-snippet:-1, max-image-preview:large, max-video-preview:-1\" \/>\n<link rel=\"canonical\" href=\"https:\/\/tamron-americas.com\/fr\/2026-m-a-r-s-mid-atlantic-regional-school-of-professional-photography\/\" \/>\n<meta property=\"og:locale\" content=\"fr_CA\" \/>\n<meta property=\"og:type\" content=\"article\" \/>\n<meta property=\"og:title\" content=\"2026 M.A.R.S. (Mid-Atlantic Regional School of Professional Photography)\" \/>\n<meta property=\"og:description\" content=\"MARS provides five days of intense photography training in an intimate, friendly, boutique environment.\" \/>\n<meta property=\"og:url\" content=\"https:\/\/tamron-americas.com\/fr\/2026-m-a-r-s-mid-atlantic-regional-school-of-professional-photography\/\" \/>\n<meta property=\"og:site_name\" content=\"Tamron Americas\" \/>\n<meta property=\"article:published_time\" content=\"2026-04-15T19:21:03+00:00\" \/>\n<meta property=\"article:modified_time\" content=\"2026-04-15T19:21:04+00:00\" \/>\n<meta name=\"author\" content=\"evans@tamron.com\" \/>\n<meta name=\"twitter:card\" content=\"summary_large_image\" \/>\n<meta name=\"twitter:label1\" content=\"\u00c9crit par\" \/>\n\t<meta name=\"twitter:data1\" content=\"evans@tamron.com\" \/>\n<script type=\"application\/ld+json\" class=\"yoast-schema-graph\">{\"@context\":\"https:\\\/\\\/schema.org\",\"@graph\":[{\"@type\":\"Article\",\"@id\":\"https:\\\/\\\/tamron-americas.com\\\/2026-m-a-r-s-mid-atlantic-regional-school-of-professional-photography\\\/#article\",\"isPartOf\":{\"@id\":\"https:\\\/\\\/tamron-americas.com\\\/2026-m-a-r-s-mid-atlantic-regional-school-of-professional-photography\\\/\"},\"author\":{\"name\":\"evans@tamron.com\",\"@id\":\"https:\\\/\\\/tamron-americas.com\\\/#\\\/schema\\\/person\\\/0c5a8453f7637345176beaf26a3b3670\"},\"headline\":\"2026 M.A.R.S. (Mid-Atlantic Regional School of Professional Photography)\",\"datePublished\":\"2026-04-15T19:21:03+00:00\",\"dateModified\":\"2026-04-15T19:21:04+00:00\",\"mainEntityOfPage\":{\"@id\":\"https:\\\/\\\/tamron-americas.com\\\/2026-m-a-r-s-mid-atlantic-regional-school-of-professional-photography\\\/\"},\"wordCount\":10,\"publisher\":{\"@id\":\"https:\\\/\\\/tamron-americas.com\\\/#organization\"},\"articleSection\":[\"Events\"],\"inLanguage\":\"fr-CA\"},{\"@type\":\"WebPage\",\"@id\":\"https:\\\/\\\/tamron-americas.com\\\/2026-m-a-r-s-mid-atlantic-regional-school-of-professional-photography\\\/\",\"url\":\"https:\\\/\\\/tamron-americas.com\\\/2026-m-a-r-s-mid-atlantic-regional-school-of-professional-photography\\\/\",\"name\":\"M.A.R.S. (Mid-Atlantic Regional School of Professional Photography)\",\"isPartOf\":{\"@id\":\"https:\\\/\\\/tamron-americas.com\\\/#website\"},\"datePublished\":\"2026-04-15T19:21:03+00:00\",\"dateModified\":\"2026-04-15T19:21:04+00:00\",\"description\":\"MARS provides five days of intense photography training in an intimate, friendly, boutique environment.\",\"breadcrumb\":{\"@id\":\"https:\\\/\\\/tamron-americas.com\\\/2026-m-a-r-s-mid-atlantic-regional-school-of-professional-photography\\\/#breadcrumb\"},\"inLanguage\":\"fr-CA\",\"potentialAction\":[{\"@type\":\"ReadAction\",\"target\":[\"https:\\\/\\\/tamron-americas.com\\\/2026-m-a-r-s-mid-atlantic-regional-school-of-professional-photography\\\/\"]}]},{\"@type\":\"BreadcrumbList\",\"@id\":\"https:\\\/\\\/tamron-americas.com\\\/2026-m-a-r-s-mid-atlantic-regional-school-of-professional-photography\\\/#breadcrumb\",\"itemListElement\":[{\"@type\":\"ListItem\",\"position\":1,\"name\":\"Home\",\"item\":\"https:\\\/\\\/tamron-americas.com\\\/\"},{\"@type\":\"ListItem\",\"position\":2,\"name\":\"2026 M.A.R.S. (Mid-Atlantic Regional School of Professional Photography)\"}]},{\"@type\":\"WebSite\",\"@id\":\"https:\\\/\\\/tamron-americas.com\\\/#website\",\"url\":\"https:\\\/\\\/tamron-americas.com\\\/\",\"name\":\"Tamron Americas\",\"description\":\"\",\"publisher\":{\"@id\":\"https:\\\/\\\/tamron-americas.com\\\/#organization\"},\"potentialAction\":[{\"@type\":\"SearchAction\",\"target\":{\"@type\":\"EntryPoint\",\"urlTemplate\":\"https:\\\/\\\/tamron-americas.com\\\/?s={search_term_string}\"},\"query-input\":{\"@type\":\"PropertyValueSpecification\",\"valueRequired\":true,\"valueName\":\"search_term_string\"}}],\"inLanguage\":\"fr-CA\"},{\"@type\":\"Organization\",\"@id\":\"https:\\\/\\\/tamron-americas.com\\\/#organization\",\"name\":\"Tamron USA\",\"url\":\"https:\\\/\\\/tamron-americas.com\\\/\",\"logo\":{\"@type\":\"ImageObject\",\"inLanguage\":\"fr-CA\",\"@id\":\"https:\\\/\\\/tamron-americas.com\\\/#\\\/schema\\\/logo\\\/image\\\/\",\"url\":\"https:\\\/\\\/tamron-americas.com\\\/wp-content\\\/uploads\\\/2024\\\/07\\\/logo.svg\",\"contentUrl\":\"https:\\\/\\\/tamron-americas.com\\\/wp-content\\\/uploads\\\/2024\\\/07\\\/logo.svg\",\"width\":190,\"height\":31,\"caption\":\"Tamron USA\"},\"image\":{\"@id\":\"https:\\\/\\\/tamron-americas.com\\\/#\\\/schema\\\/logo\\\/image\\\/\"}},{\"@type\":\"Person\",\"@id\":\"https:\\\/\\\/tamron-americas.com\\\/#\\\/schema\\\/person\\\/0c5a8453f7637345176beaf26a3b3670\",\"name\":\"evans@tamron.com\"}]}<\/script>\n<!-- \/ Yoast SEO Premium plugin. -->","yoast_head_json":{"title":"M.A.R.S. (Mid-Atlantic Regional School of Professional Photography)","description":"MARS propose cinq jours de formation intense \u00e0 la photographie dans un environnement intime, amical, et dans une boutique.","robots":{"index":"index","follow":"follow","max-snippet":"max-snippet:-1","max-image-preview":"max-image-preview:large","max-video-preview":"max-video-preview:-1"},"canonical":"https:\/\/tamron-americas.com\/fr\/2026-m-a-r-s-mid-atlantic-regional-school-of-professional-photography\/","og_locale":"fr_CA","og_type":"article","og_title":"2026 M.A.R.S. (Mid-Atlantic Regional School of Professional Photography)","og_description":"MARS provides five days of intense photography training in an intimate, friendly, boutique environment.","og_url":"https:\/\/tamron-americas.com\/fr\/2026-m-a-r-s-mid-atlantic-regional-school-of-professional-photography\/","og_site_name":"Tamron Americas","article_published_time":"2026-04-15T19:21:03+00:00","article_modified_time":"2026-04-15T19:21:04+00:00","author":"evans@tamron.com","twitter_card":"summary_large_image","twitter_misc":{"\u00c9crit par":"evans@tamron.com"},"schema":{"@context":"https:\/\/schema.org","@graph":[{"@type":"Article","@id":"https:\/\/tamron-americas.com\/2026-m-a-r-s-mid-atlantic-regional-school-of-professional-photography\/#article","isPartOf":{"@id":"https:\/\/tamron-americas.com\/2026-m-a-r-s-mid-atlantic-regional-school-of-professional-photography\/"},"author":{"name":"evans@tamron.com","@id":"https:\/\/tamron-americas.com\/#\/schema\/person\/0c5a8453f7637345176beaf26a3b3670"},"headline":"2026 M.A.R.S. (Mid-Atlantic Regional School of Professional Photography)","datePublished":"2026-04-15T19:21:03+00:00","dateModified":"2026-04-15T19:21:04+00:00","mainEntityOfPage":{"@id":"https:\/\/tamron-americas.com\/2026-m-a-r-s-mid-atlantic-regional-school-of-professional-photography\/"},"wordCount":10,"publisher":{"@id":"https:\/\/tamron-americas.com\/#organization"},"articleSection":["Events"],"inLanguage":"fr-CA"},{"@type":"WebPage","@id":"https:\/\/tamron-americas.com\/2026-m-a-r-s-mid-atlantic-regional-school-of-professional-photography\/","url":"https:\/\/tamron-americas.com\/2026-m-a-r-s-mid-atlantic-regional-school-of-professional-photography\/","name":"M.A.R.S. (Mid-Atlantic Regional School of Professional Photography)","isPartOf":{"@id":"https:\/\/tamron-americas.com\/#website"},"datePublished":"2026-04-15T19:21:03+00:00","dateModified":"2026-04-15T19:21:04+00:00","description":"MARS provides five days of intense photography training in an intimate, friendly, boutique environment.","breadcrumb":{"@id":"https:\/\/tamron-americas.com\/2026-m-a-r-s-mid-atlantic-regional-school-of-professional-photography\/#breadcrumb"},"inLanguage":"fr-CA","potentialAction":[{"@type":"ReadAction","target":["https:\/\/tamron-americas.com\/2026-m-a-r-s-mid-atlantic-regional-school-of-professional-photography\/"]}]},{"@type":"BreadcrumbList","@id":"https:\/\/tamron-americas.com\/2026-m-a-r-s-mid-atlantic-regional-school-of-professional-photography\/#breadcrumb","itemListElement":[{"@type":"ListItem","position":1,"name":"Home","item":"https:\/\/tamron-americas.com\/"},{"@type":"ListItem","position":2,"name":"2026 M.A.R.S. (Mid-Atlantic Regional School of Professional Photography)"}]},{"@type":"WebSite","@id":"https:\/\/tamron-americas.com\/#website","url":"https:\/\/tamron-americas.com\/","name":"Tamron Americas","description":"","publisher":{"@id":"https:\/\/tamron-americas.com\/#organization"},"potentialAction":[{"@type":"SearchAction","target":{"@type":"EntryPoint","urlTemplate":"https:\/\/tamron-americas.com\/?s={search_term_string}"},"query-input":{"@type":"PropertyValueSpecification","valueRequired":true,"valueName":"search_term_string"}}],"inLanguage":"fr-CA"},{"@type":"Organization","@id":"https:\/\/tamron-americas.com\/#organization","name":"Tamron USA","url":"https:\/\/tamron-americas.com\/","logo":{"@type":"ImageObject","inLanguage":"fr-CA","@id":"https:\/\/tamron-americas.com\/#\/schema\/logo\/image\/","url":"https:\/\/tamron-americas.com\/wp-content\/uploads\/2024\/07\/logo.svg","contentUrl":"https:\/\/tamron-americas.com\/wp-content\/uploads\/2024\/07\/logo.svg","width":190,"height":31,"caption":"Tamron USA"},"image":{"@id":"https:\/\/tamron-americas.com\/#\/schema\/logo\/image\/"}},{"@type":"Person","@id":"https:\/\/tamron-americas.com\/#\/schema\/person\/0c5a8453f7637345176beaf26a3b3670","name":"evans@tamron.com"}]}},"_links":{"self":[{"href":"https:\/\/tamron-americas.com\/fr\/wp-json\/wp\/v2\/posts\/19321","targetHints":{"allow":["GET"]}}],"collection":[{"href":"https:\/\/tamron-americas.com\/fr\/wp-json\/wp\/v2\/posts"}],"about":[{"href":"https:\/\/tamron-americas.com\/fr\/wp-json\/wp\/v2\/types\/post"}],"author":[{"embeddable":true,"href":"https:\/\/tamron-americas.com\/fr\/wp-json\/wp\/v2\/users\/7"}],"replies":[{"embeddable":true,"href":"https:\/\/tamron-americas.com\/fr\/wp-json\/wp\/v2\/comments?post=19321"}],"version-history":[{"count":0,"href":"https:\/\/tamron-americas.com\/fr\/wp-json\/wp\/v2\/posts\/19321\/revisions"}],"wp:attachment":[{"href":"https:\/\/tamron-americas.com\/fr\/wp-json\/wp\/v2\/media?parent=19321"}],"wp:term":[{"taxonomy":"category","embeddable":true,"href":"https:\/\/tamron-americas.com\/fr\/wp-json\/wp\/v2\/categories?post=19321"},{"taxonomy":"post_tag","embeddable":true,"href":"https:\/\/tamron-americas.com\/fr\/wp-json\/wp\/v2\/tags?post=19321"}],"curies":[{"name":"wp","href":"https:\/\/api.w.org\/{rel}","templated":true}]}}]