[{"id":19526,"date":"2026-04-30T11:00:16","date_gmt":"2026-04-30T15:00:16","guid":{"rendered":"https:\/\/tamron-americas.com\/?p=19526"},"modified":"2026-04-30T11:00:18","modified_gmt":"2026-04-30T15:00:18","slug":"feria-de-rebajas-de-primavera-de-2026-con-pixel-connection-cleveland","status":"publish","type":"post","link":"https:\/\/tamron-americas.com\/es\/2026-spring-sale-expo-with-pixel-connection-cleveland\/","title":{"rendered":"Feria y exposici\u00f3n de primavera de 2026 con Pixel Connection \u2013 Cleveland"},"content":{"rendered":"","protected":false},"excerpt":{"rendered":"","protected":false},"author":7,"featured_media":0,"comment_status":"closed","ping_status":"open","sticky":false,"template":"","format":"standard","meta":{"_acf_changed":true,"site-sidebar-layout":"default","site-content-layout":"","ast-site-content-layout":"","site-content-style":"default","site-sidebar-style":"default","ast-global-header-display":"","ast-banner-title-visibility":"","ast-main-header-display":"","ast-hfb-above-header-display":"","ast-hfb-below-header-display":"","ast-hfb-mobile-header-display":"","site-post-title":"","ast-breadcrumbs-content":"","ast-featured-img":"","footer-sml-layout":"","ast-disable-related-posts":"","theme-transparent-header-meta":"","adv-header-id-meta":"","stick-header-meta":"","header-above-stick-meta":"","header-main-stick-meta":"","header-below-stick-meta":"","astra-migrate-meta-layouts":"default","ast-page-background-enabled":"default","ast-page-background-meta":{"desktop":{"background-color":"var(--ast-global-color-4)","background-image":"","background-repeat":"repeat","background-position":"center center","background-size":"auto","background-attachment":"scroll","background-type":"","background-media":"","overlay-type":"","overlay-color":"","overlay-opacity":"","overlay-gradient":""},"tablet":{"background-color":"","background-image":"","background-repeat":"repeat","background-position":"center center","background-size":"auto","background-attachment":"scroll","background-type":"","background-media":"","overlay-type":"","overlay-color":"","overlay-opacity":"","overlay-gradient":""},"mobile":{"background-color":"","background-image":"","background-repeat":"repeat","background-position":"center center","background-size":"auto","background-attachment":"scroll","background-type":"","background-media":"","overlay-type":"","overlay-color":"","overlay-opacity":"","overlay-gradient":""}},"ast-content-background-meta":{"desktop":{"background-color":"var(--ast-global-color-5)","background-image":"","background-repeat":"repeat","background-position":"center center","background-size":"auto","background-attachment":"scroll","background-type":"","background-media":"","overlay-type":"","overlay-color":"","overlay-opacity":"","overlay-gradient":""},"tablet":{"background-color":"var(--ast-global-color-5)","background-image":"","background-repeat":"repeat","background-position":"center center","background-size":"auto","background-attachment":"scroll","background-type":"","background-media":"","overlay-type":"","overlay-color":"","overlay-opacity":"","overlay-gradient":""},"mobile":{"background-color":"var(--ast-global-color-5)","background-image":"","background-repeat":"repeat","background-position":"center center","background-size":"auto","background-attachment":"scroll","background-type":"","background-media":"","overlay-type":"","overlay-color":"","overlay-opacity":"","overlay-gradient":""}},"footnotes":""},"categories":[81],"tags":[],"class_list":["post-19526","post","type-post","status-publish","format-standard","hentry","category-events"],"acf":[],"yoast_head":"<!-- This site is optimized with the Yoast SEO Premium plugin v27.4 (Yoast SEO v27.4) - https:\/\/yoast.com\/product\/yoast-seo-premium-wordpress\/ -->\n<title>Spring Sale &amp; Expo with Pixel Connection - Cleveland | Tamron<\/title>\n<meta name=\"description\" content=\"Join us for a one-of-a-kind expo experience featuring the best deals and exclusive offers on top photo and video brands.\" \/>\n<meta name=\"robots\" content=\"index, follow, max-snippet:-1, max-image-preview:large, max-video-preview:-1\" \/>\n<link rel=\"canonical\" href=\"https:\/\/tamron-americas.com\/es\/feria-de-rebajas-de-primavera-de-2026-con-pixel-connection-cleveland\/\" \/>\n<meta property=\"og:locale\" content=\"es_MX\" \/>\n<meta property=\"og:type\" content=\"article\" \/>\n<meta property=\"og:title\" content=\"2026 Spring Sale &amp; Expo with Pixel Connection - Cleveland\" \/>\n<meta property=\"og:description\" content=\"Join us for a one-of-a-kind expo experience featuring the best deals and exclusive offers on top photo and video brands.\" \/>\n<meta property=\"og:url\" content=\"https:\/\/tamron-americas.com\/es\/feria-de-rebajas-de-primavera-de-2026-con-pixel-connection-cleveland\/\" \/>\n<meta property=\"og:site_name\" content=\"Tamron Americas\" \/>\n<meta property=\"article:published_time\" content=\"2026-04-30T15:00:16+00:00\" \/>\n<meta property=\"article:modified_time\" content=\"2026-04-30T15:00:18+00:00\" \/>\n<meta name=\"author\" content=\"evans@tamron.com\" \/>\n<meta name=\"twitter:card\" content=\"summary_large_image\" \/>\n<meta name=\"twitter:label1\" content=\"Escrito por\" \/>\n\t<meta name=\"twitter:data1\" content=\"evans@tamron.com\" \/>\n<script type=\"application\/ld+json\" class=\"yoast-schema-graph\">{\"@context\":\"https:\\\/\\\/schema.org\",\"@graph\":[{\"@type\":\"Article\",\"@id\":\"https:\\\/\\\/tamron-americas.com\\\/2026-spring-sale-expo-with-pixel-connection-cleveland\\\/#article\",\"isPartOf\":{\"@id\":\"https:\\\/\\\/tamron-americas.com\\\/2026-spring-sale-expo-with-pixel-connection-cleveland\\\/\"},\"author\":{\"name\":\"evans@tamron.com\",\"@id\":\"https:\\\/\\\/tamron-americas.com\\\/#\\\/schema\\\/person\\\/0c5a8453f7637345176beaf26a3b3670\"},\"headline\":\"2026 Spring Sale &amp; Expo with Pixel Connection &#8211; Cleveland\",\"datePublished\":\"2026-04-30T15:00:16+00:00\",\"dateModified\":\"2026-04-30T15:00:18+00:00\",\"mainEntityOfPage\":{\"@id\":\"https:\\\/\\\/tamron-americas.com\\\/2026-spring-sale-expo-with-pixel-connection-cleveland\\\/\"},\"wordCount\":9,\"publisher\":{\"@id\":\"https:\\\/\\\/tamron-americas.com\\\/#organization\"},\"articleSection\":[\"Events\"],\"inLanguage\":\"es\"},{\"@type\":\"WebPage\",\"@id\":\"https:\\\/\\\/tamron-americas.com\\\/2026-spring-sale-expo-with-pixel-connection-cleveland\\\/\",\"url\":\"https:\\\/\\\/tamron-americas.com\\\/2026-spring-sale-expo-with-pixel-connection-cleveland\\\/\",\"name\":\"Spring Sale & Expo with Pixel Connection - Cleveland | Tamron\",\"isPartOf\":{\"@id\":\"https:\\\/\\\/tamron-americas.com\\\/#website\"},\"datePublished\":\"2026-04-30T15:00:16+00:00\",\"dateModified\":\"2026-04-30T15:00:18+00:00\",\"description\":\"Join us for a one-of-a-kind expo experience featuring the best deals and exclusive offers on top photo and video brands.\",\"breadcrumb\":{\"@id\":\"https:\\\/\\\/tamron-americas.com\\\/2026-spring-sale-expo-with-pixel-connection-cleveland\\\/#breadcrumb\"},\"inLanguage\":\"es\",\"potentialAction\":[{\"@type\":\"ReadAction\",\"target\":[\"https:\\\/\\\/tamron-americas.com\\\/2026-spring-sale-expo-with-pixel-connection-cleveland\\\/\"]}]},{\"@type\":\"BreadcrumbList\",\"@id\":\"https:\\\/\\\/tamron-americas.com\\\/2026-spring-sale-expo-with-pixel-connection-cleveland\\\/#breadcrumb\",\"itemListElement\":[{\"@type\":\"ListItem\",\"position\":1,\"name\":\"Home\",\"item\":\"https:\\\/\\\/tamron-americas.com\\\/\"},{\"@type\":\"ListItem\",\"position\":2,\"name\":\"2026 Spring Sale &amp; Expo with Pixel Connection &#8211; Cleveland\"}]},{\"@type\":\"WebSite\",\"@id\":\"https:\\\/\\\/tamron-americas.com\\\/#website\",\"url\":\"https:\\\/\\\/tamron-americas.com\\\/\",\"name\":\"Tamron Americas\",\"description\":\"\",\"publisher\":{\"@id\":\"https:\\\/\\\/tamron-americas.com\\\/#organization\"},\"potentialAction\":[{\"@type\":\"SearchAction\",\"target\":{\"@type\":\"EntryPoint\",\"urlTemplate\":\"https:\\\/\\\/tamron-americas.com\\\/?s={search_term_string}\"},\"query-input\":{\"@type\":\"PropertyValueSpecification\",\"valueRequired\":true,\"valueName\":\"search_term_string\"}}],\"inLanguage\":\"es\"},{\"@type\":\"Organization\",\"@id\":\"https:\\\/\\\/tamron-americas.com\\\/#organization\",\"name\":\"Tamron USA\",\"url\":\"https:\\\/\\\/tamron-americas.com\\\/\",\"logo\":{\"@type\":\"ImageObject\",\"inLanguage\":\"es\",\"@id\":\"https:\\\/\\\/tamron-americas.com\\\/#\\\/schema\\\/logo\\\/image\\\/\",\"url\":\"https:\\\/\\\/tamron-americas.com\\\/wp-content\\\/uploads\\\/2024\\\/07\\\/logo.svg\",\"contentUrl\":\"https:\\\/\\\/tamron-americas.com\\\/wp-content\\\/uploads\\\/2024\\\/07\\\/logo.svg\",\"width\":190,\"height\":31,\"caption\":\"Tamron USA\"},\"image\":{\"@id\":\"https:\\\/\\\/tamron-americas.com\\\/#\\\/schema\\\/logo\\\/image\\\/\"}},{\"@type\":\"Person\",\"@id\":\"https:\\\/\\\/tamron-americas.com\\\/#\\\/schema\\\/person\\\/0c5a8453f7637345176beaf26a3b3670\",\"name\":\"evans@tamron.com\"}]}<\/script>\n<!-- \/ Yoast SEO Premium plugin. -->","yoast_head_json":{"title":"Rebajas y exposici\u00f3n de primavera con Pixel Connection - Cleveland | Tamron","description":"Acomp\u00e1\u00f1anos en una experiencia \u00fanica en una feria donde encontrar\u00e1s las mejores ofertas y promociones exclusivas de las principales marcas de fotograf\u00eda y v\u00eddeo.","robots":{"index":"index","follow":"follow","max-snippet":"max-snippet:-1","max-image-preview":"max-image-preview:large","max-video-preview":"max-video-preview:-1"},"canonical":"https:\/\/tamron-americas.com\/es\/feria-de-rebajas-de-primavera-de-2026-con-pixel-connection-cleveland\/","og_locale":"es_MX","og_type":"article","og_title":"2026 Spring Sale &amp; Expo with Pixel Connection - Cleveland","og_description":"Join us for a one-of-a-kind expo experience featuring the best deals and exclusive offers on top photo and video brands.","og_url":"https:\/\/tamron-americas.com\/es\/feria-de-rebajas-de-primavera-de-2026-con-pixel-connection-cleveland\/","og_site_name":"Tamron Americas","article_published_time":"2026-04-30T15:00:16+00:00","article_modified_time":"2026-04-30T15:00:18+00:00","author":"evans@tamron.com","twitter_card":"summary_large_image","twitter_misc":{"Escrito por":"evans@tamron.com"},"schema":{"@context":"https:\/\/schema.org","@graph":[{"@type":"Article","@id":"https:\/\/tamron-americas.com\/2026-spring-sale-expo-with-pixel-connection-cleveland\/#article","isPartOf":{"@id":"https:\/\/tamron-americas.com\/2026-spring-sale-expo-with-pixel-connection-cleveland\/"},"author":{"name":"evans@tamron.com","@id":"https:\/\/tamron-americas.com\/#\/schema\/person\/0c5a8453f7637345176beaf26a3b3670"},"headline":"2026 Spring Sale &amp; Expo with Pixel Connection &#8211; Cleveland","datePublished":"2026-04-30T15:00:16+00:00","dateModified":"2026-04-30T15:00:18+00:00","mainEntityOfPage":{"@id":"https:\/\/tamron-americas.com\/2026-spring-sale-expo-with-pixel-connection-cleveland\/"},"wordCount":9,"publisher":{"@id":"https:\/\/tamron-americas.com\/#organization"},"articleSection":["Events"],"inLanguage":"es"},{"@type":"WebPage","@id":"https:\/\/tamron-americas.com\/2026-spring-sale-expo-with-pixel-connection-cleveland\/","url":"https:\/\/tamron-americas.com\/2026-spring-sale-expo-with-pixel-connection-cleveland\/","name":"Spring Sale & Expo with Pixel Connection - Cleveland | Tamron","isPartOf":{"@id":"https:\/\/tamron-americas.com\/#website"},"datePublished":"2026-04-30T15:00:16+00:00","dateModified":"2026-04-30T15:00:18+00:00","description":"Join us for a one-of-a-kind expo experience featuring the best deals and exclusive offers on top photo and video brands.","breadcrumb":{"@id":"https:\/\/tamron-americas.com\/2026-spring-sale-expo-with-pixel-connection-cleveland\/#breadcrumb"},"inLanguage":"es","potentialAction":[{"@type":"ReadAction","target":["https:\/\/tamron-americas.com\/2026-spring-sale-expo-with-pixel-connection-cleveland\/"]}]},{"@type":"BreadcrumbList","@id":"https:\/\/tamron-americas.com\/2026-spring-sale-expo-with-pixel-connection-cleveland\/#breadcrumb","itemListElement":[{"@type":"ListItem","position":1,"name":"Home","item":"https:\/\/tamron-americas.com\/"},{"@type":"ListItem","position":2,"name":"2026 Spring Sale &amp; Expo with Pixel Connection &#8211; Cleveland"}]},{"@type":"WebSite","@id":"https:\/\/tamron-americas.com\/#website","url":"https:\/\/tamron-americas.com\/","name":"Tamron Americas","description":"","publisher":{"@id":"https:\/\/tamron-americas.com\/#organization"},"potentialAction":[{"@type":"SearchAction","target":{"@type":"EntryPoint","urlTemplate":"https:\/\/tamron-americas.com\/?s={search_term_string}"},"query-input":{"@type":"PropertyValueSpecification","valueRequired":true,"valueName":"search_term_string"}}],"inLanguage":"es"},{"@type":"Organization","@id":"https:\/\/tamron-americas.com\/#organization","name":"Tamron USA","url":"https:\/\/tamron-americas.com\/","logo":{"@type":"ImageObject","inLanguage":"es","@id":"https:\/\/tamron-americas.com\/#\/schema\/logo\/image\/","url":"https:\/\/tamron-americas.com\/wp-content\/uploads\/2024\/07\/logo.svg","contentUrl":"https:\/\/tamron-americas.com\/wp-content\/uploads\/2024\/07\/logo.svg","width":190,"height":31,"caption":"Tamron USA"},"image":{"@id":"https:\/\/tamron-americas.com\/#\/schema\/logo\/image\/"}},{"@type":"Person","@id":"https:\/\/tamron-americas.com\/#\/schema\/person\/0c5a8453f7637345176beaf26a3b3670","name":"evans@tamron.com"}]}},"_links":{"self":[{"href":"https:\/\/tamron-americas.com\/es\/wp-json\/wp\/v2\/posts\/19526","targetHints":{"allow":["GET"]}}],"collection":[{"href":"https:\/\/tamron-americas.com\/es\/wp-json\/wp\/v2\/posts"}],"about":[{"href":"https:\/\/tamron-americas.com\/es\/wp-json\/wp\/v2\/types\/post"}],"author":[{"embeddable":true,"href":"https:\/\/tamron-americas.com\/es\/wp-json\/wp\/v2\/users\/7"}],"replies":[{"embeddable":true,"href":"https:\/\/tamron-americas.com\/es\/wp-json\/wp\/v2\/comments?post=19526"}],"version-history":[{"count":0,"href":"https:\/\/tamron-americas.com\/es\/wp-json\/wp\/v2\/posts\/19526\/revisions"}],"wp:attachment":[{"href":"https:\/\/tamron-americas.com\/es\/wp-json\/wp\/v2\/media?parent=19526"}],"wp:term":[{"taxonomy":"category","embeddable":true,"href":"https:\/\/tamron-americas.com\/es\/wp-json\/wp\/v2\/categories?post=19526"},{"taxonomy":"post_tag","embeddable":true,"href":"https:\/\/tamron-americas.com\/es\/wp-json\/wp\/v2\/tags?post=19526"}],"curies":[{"name":"wp","href":"https:\/\/api.w.org\/{rel}","templated":true}]}},{"id":19504,"date":"2026-04-29T12:56:21","date_gmt":"2026-04-29T16:56:21","guid":{"rendered":"https:\/\/tamron-americas.com\/?p=19504"},"modified":"2026-04-29T12:56:29","modified_gmt":"2026-04-29T16:56:29","slug":"festival-de-las-lilas-de-2026-con-rochester-photo-supply","status":"publish","type":"post","link":"https:\/\/tamron-americas.com\/es\/2026-lilac-festival-with-rochester-photo-supply\/","title":{"rendered":"Festival de las Lilas 2026 con Rochester Photo Supply"},"content":{"rendered":"","protected":false},"excerpt":{"rendered":"","protected":false},"author":7,"featured_media":0,"comment_status":"closed","ping_status":"open","sticky":false,"template":"","format":"standard","meta":{"_acf_changed":true,"site-sidebar-layout":"default","site-content-layout":"","ast-site-content-layout":"","site-content-style":"default","site-sidebar-style":"default","ast-global-header-display":"","ast-banner-title-visibility":"","ast-main-header-display":"","ast-hfb-above-header-display":"","ast-hfb-below-header-display":"","ast-hfb-mobile-header-display":"","site-post-title":"","ast-breadcrumbs-content":"","ast-featured-img":"","footer-sml-layout":"","ast-disable-related-posts":"","theme-transparent-header-meta":"","adv-header-id-meta":"","stick-header-meta":"","header-above-stick-meta":"","header-main-stick-meta":"","header-below-stick-meta":"","astra-migrate-meta-layouts":"default","ast-page-background-enabled":"default","ast-page-background-meta":{"desktop":{"background-color":"var(--ast-global-color-4)","background-image":"","background-repeat":"repeat","background-position":"center center","background-size":"auto","background-attachment":"scroll","background-type":"","background-media":"","overlay-type":"","overlay-color":"","overlay-opacity":"","overlay-gradient":""},"tablet":{"background-color":"","background-image":"","background-repeat":"repeat","background-position":"center center","background-size":"auto","background-attachment":"scroll","background-type":"","background-media":"","overlay-type":"","overlay-color":"","overlay-opacity":"","overlay-gradient":""},"mobile":{"background-color":"","background-image":"","background-repeat":"repeat","background-position":"center center","background-size":"auto","background-attachment":"scroll","background-type":"","background-media":"","overlay-type":"","overlay-color":"","overlay-opacity":"","overlay-gradient":""}},"ast-content-background-meta":{"desktop":{"background-color":"var(--ast-global-color-5)","background-image":"","background-repeat":"repeat","background-position":"center center","background-size":"auto","background-attachment":"scroll","background-type":"","background-media":"","overlay-type":"","overlay-color":"","overlay-opacity":"","overlay-gradient":""},"tablet":{"background-color":"var(--ast-global-color-5)","background-image":"","background-repeat":"repeat","background-position":"center center","background-size":"auto","background-attachment":"scroll","background-type":"","background-media":"","overlay-type":"","overlay-color":"","overlay-opacity":"","overlay-gradient":""},"mobile":{"background-color":"var(--ast-global-color-5)","background-image":"","background-repeat":"repeat","background-position":"center center","background-size":"auto","background-attachment":"scroll","background-type":"","background-media":"","overlay-type":"","overlay-color":"","overlay-opacity":"","overlay-gradient":""}},"footnotes":""},"categories":[81],"tags":[],"class_list":["post-19504","post","type-post","status-publish","format-standard","hentry","category-events"],"acf":[],"yoast_head":"<!-- This site is optimized with the Yoast SEO Premium plugin v27.4 (Yoast SEO v27.4) - https:\/\/yoast.com\/product\/yoast-seo-premium-wordpress\/ -->\n<title>Lilac Festival with Rochester Photo Supply | Tamron<\/title>\n<meta name=\"description\" content=\"Join Rochester Photo Supply at the 128th Rochester Lilac Festival at Highland Park in Rochester, NY.\" \/>\n<meta name=\"robots\" content=\"index, follow, max-snippet:-1, max-image-preview:large, max-video-preview:-1\" \/>\n<link rel=\"canonical\" href=\"https:\/\/tamron-americas.com\/es\/festival-de-las-lilas-de-2026-con-rochester-photo-supply\/\" \/>\n<meta property=\"og:locale\" content=\"es_MX\" \/>\n<meta property=\"og:type\" content=\"article\" \/>\n<meta property=\"og:title\" content=\"2026 Lilac Festival with Rochester Photo Supply\" \/>\n<meta property=\"og:description\" content=\"Join Rochester Photo Supply at the 128th Rochester Lilac Festival at Highland Park in Rochester, NY.\" \/>\n<meta property=\"og:url\" content=\"https:\/\/tamron-americas.com\/es\/festival-de-las-lilas-de-2026-con-rochester-photo-supply\/\" \/>\n<meta property=\"og:site_name\" content=\"Tamron Americas\" \/>\n<meta property=\"article:published_time\" content=\"2026-04-29T16:56:21+00:00\" \/>\n<meta property=\"article:modified_time\" content=\"2026-04-29T16:56:29+00:00\" \/>\n<meta name=\"author\" content=\"evans@tamron.com\" \/>\n<meta name=\"twitter:card\" content=\"summary_large_image\" \/>\n<meta name=\"twitter:label1\" content=\"Escrito por\" \/>\n\t<meta name=\"twitter:data1\" content=\"evans@tamron.com\" \/>\n<script type=\"application\/ld+json\" class=\"yoast-schema-graph\">{\"@context\":\"https:\\\/\\\/schema.org\",\"@graph\":[{\"@type\":\"Article\",\"@id\":\"https:\\\/\\\/tamron-americas.com\\\/2026-lilac-festival-with-rochester-photo-supply\\\/#article\",\"isPartOf\":{\"@id\":\"https:\\\/\\\/tamron-americas.com\\\/2026-lilac-festival-with-rochester-photo-supply\\\/\"},\"author\":{\"name\":\"evans@tamron.com\",\"@id\":\"https:\\\/\\\/tamron-americas.com\\\/#\\\/schema\\\/person\\\/0c5a8453f7637345176beaf26a3b3670\"},\"headline\":\"2026 Lilac Festival with Rochester Photo Supply\",\"datePublished\":\"2026-04-29T16:56:21+00:00\",\"dateModified\":\"2026-04-29T16:56:29+00:00\",\"mainEntityOfPage\":{\"@id\":\"https:\\\/\\\/tamron-americas.com\\\/2026-lilac-festival-with-rochester-photo-supply\\\/\"},\"wordCount\":6,\"publisher\":{\"@id\":\"https:\\\/\\\/tamron-americas.com\\\/#organization\"},\"articleSection\":[\"Events\"],\"inLanguage\":\"es\"},{\"@type\":\"WebPage\",\"@id\":\"https:\\\/\\\/tamron-americas.com\\\/2026-lilac-festival-with-rochester-photo-supply\\\/\",\"url\":\"https:\\\/\\\/tamron-americas.com\\\/2026-lilac-festival-with-rochester-photo-supply\\\/\",\"name\":\"Lilac Festival with Rochester Photo Supply | Tamron\",\"isPartOf\":{\"@id\":\"https:\\\/\\\/tamron-americas.com\\\/#website\"},\"datePublished\":\"2026-04-29T16:56:21+00:00\",\"dateModified\":\"2026-04-29T16:56:29+00:00\",\"description\":\"Join Rochester Photo Supply at the 128th Rochester Lilac Festival at Highland Park in Rochester, NY.\",\"breadcrumb\":{\"@id\":\"https:\\\/\\\/tamron-americas.com\\\/2026-lilac-festival-with-rochester-photo-supply\\\/#breadcrumb\"},\"inLanguage\":\"es\",\"potentialAction\":[{\"@type\":\"ReadAction\",\"target\":[\"https:\\\/\\\/tamron-americas.com\\\/2026-lilac-festival-with-rochester-photo-supply\\\/\"]}]},{\"@type\":\"BreadcrumbList\",\"@id\":\"https:\\\/\\\/tamron-americas.com\\\/2026-lilac-festival-with-rochester-photo-supply\\\/#breadcrumb\",\"itemListElement\":[{\"@type\":\"ListItem\",\"position\":1,\"name\":\"Home\",\"item\":\"https:\\\/\\\/tamron-americas.com\\\/\"},{\"@type\":\"ListItem\",\"position\":2,\"name\":\"2026 Lilac Festival with Rochester Photo Supply\"}]},{\"@type\":\"WebSite\",\"@id\":\"https:\\\/\\\/tamron-americas.com\\\/#website\",\"url\":\"https:\\\/\\\/tamron-americas.com\\\/\",\"name\":\"Tamron Americas\",\"description\":\"\",\"publisher\":{\"@id\":\"https:\\\/\\\/tamron-americas.com\\\/#organization\"},\"potentialAction\":[{\"@type\":\"SearchAction\",\"target\":{\"@type\":\"EntryPoint\",\"urlTemplate\":\"https:\\\/\\\/tamron-americas.com\\\/?s={search_term_string}\"},\"query-input\":{\"@type\":\"PropertyValueSpecification\",\"valueRequired\":true,\"valueName\":\"search_term_string\"}}],\"inLanguage\":\"es\"},{\"@type\":\"Organization\",\"@id\":\"https:\\\/\\\/tamron-americas.com\\\/#organization\",\"name\":\"Tamron USA\",\"url\":\"https:\\\/\\\/tamron-americas.com\\\/\",\"logo\":{\"@type\":\"ImageObject\",\"inLanguage\":\"es\",\"@id\":\"https:\\\/\\\/tamron-americas.com\\\/#\\\/schema\\\/logo\\\/image\\\/\",\"url\":\"https:\\\/\\\/tamron-americas.com\\\/wp-content\\\/uploads\\\/2024\\\/07\\\/logo.svg\",\"contentUrl\":\"https:\\\/\\\/tamron-americas.com\\\/wp-content\\\/uploads\\\/2024\\\/07\\\/logo.svg\",\"width\":190,\"height\":31,\"caption\":\"Tamron USA\"},\"image\":{\"@id\":\"https:\\\/\\\/tamron-americas.com\\\/#\\\/schema\\\/logo\\\/image\\\/\"}},{\"@type\":\"Person\",\"@id\":\"https:\\\/\\\/tamron-americas.com\\\/#\\\/schema\\\/person\\\/0c5a8453f7637345176beaf26a3b3670\",\"name\":\"evans@tamron.com\"}]}<\/script>\n<!-- \/ Yoast SEO Premium plugin. -->","yoast_head_json":{"title":"Festival de las Lilas con Rochester Photo Supply | Tamron","description":"Acompa\u00f1e a Rochester Photo Supply en la 128.\u00aa edici\u00f3n del Festival de las Lilas de Rochester, que se celebrar\u00e1 en Highland Park, Rochester, Nueva York.","robots":{"index":"index","follow":"follow","max-snippet":"max-snippet:-1","max-image-preview":"max-image-preview:large","max-video-preview":"max-video-preview:-1"},"canonical":"https:\/\/tamron-americas.com\/es\/festival-de-las-lilas-de-2026-con-rochester-photo-supply\/","og_locale":"es_MX","og_type":"article","og_title":"2026 Lilac Festival with Rochester Photo Supply","og_description":"Join Rochester Photo Supply at the 128th Rochester Lilac Festival at Highland Park in Rochester, NY.","og_url":"https:\/\/tamron-americas.com\/es\/festival-de-las-lilas-de-2026-con-rochester-photo-supply\/","og_site_name":"Tamron Americas","article_published_time":"2026-04-29T16:56:21+00:00","article_modified_time":"2026-04-29T16:56:29+00:00","author":"evans@tamron.com","twitter_card":"summary_large_image","twitter_misc":{"Escrito por":"evans@tamron.com"},"schema":{"@context":"https:\/\/schema.org","@graph":[{"@type":"Article","@id":"https:\/\/tamron-americas.com\/2026-lilac-festival-with-rochester-photo-supply\/#article","isPartOf":{"@id":"https:\/\/tamron-americas.com\/2026-lilac-festival-with-rochester-photo-supply\/"},"author":{"name":"evans@tamron.com","@id":"https:\/\/tamron-americas.com\/#\/schema\/person\/0c5a8453f7637345176beaf26a3b3670"},"headline":"2026 Lilac Festival with Rochester Photo Supply","datePublished":"2026-04-29T16:56:21+00:00","dateModified":"2026-04-29T16:56:29+00:00","mainEntityOfPage":{"@id":"https:\/\/tamron-americas.com\/2026-lilac-festival-with-rochester-photo-supply\/"},"wordCount":6,"publisher":{"@id":"https:\/\/tamron-americas.com\/#organization"},"articleSection":["Events"],"inLanguage":"es"},{"@type":"WebPage","@id":"https:\/\/tamron-americas.com\/2026-lilac-festival-with-rochester-photo-supply\/","url":"https:\/\/tamron-americas.com\/2026-lilac-festival-with-rochester-photo-supply\/","name":"Lilac Festival with Rochester Photo Supply | Tamron","isPartOf":{"@id":"https:\/\/tamron-americas.com\/#website"},"datePublished":"2026-04-29T16:56:21+00:00","dateModified":"2026-04-29T16:56:29+00:00","description":"Join Rochester Photo Supply at the 128th Rochester Lilac Festival at Highland Park in Rochester, NY.","breadcrumb":{"@id":"https:\/\/tamron-americas.com\/2026-lilac-festival-with-rochester-photo-supply\/#breadcrumb"},"inLanguage":"es","potentialAction":[{"@type":"ReadAction","target":["https:\/\/tamron-americas.com\/2026-lilac-festival-with-rochester-photo-supply\/"]}]},{"@type":"BreadcrumbList","@id":"https:\/\/tamron-americas.com\/2026-lilac-festival-with-rochester-photo-supply\/#breadcrumb","itemListElement":[{"@type":"ListItem","position":1,"name":"Home","item":"https:\/\/tamron-americas.com\/"},{"@type":"ListItem","position":2,"name":"2026 Lilac Festival with Rochester Photo Supply"}]},{"@type":"WebSite","@id":"https:\/\/tamron-americas.com\/#website","url":"https:\/\/tamron-americas.com\/","name":"Tamron Americas","description":"","publisher":{"@id":"https:\/\/tamron-americas.com\/#organization"},"potentialAction":[{"@type":"SearchAction","target":{"@type":"EntryPoint","urlTemplate":"https:\/\/tamron-americas.com\/?s={search_term_string}"},"query-input":{"@type":"PropertyValueSpecification","valueRequired":true,"valueName":"search_term_string"}}],"inLanguage":"es"},{"@type":"Organization","@id":"https:\/\/tamron-americas.com\/#organization","name":"Tamron USA","url":"https:\/\/tamron-americas.com\/","logo":{"@type":"ImageObject","inLanguage":"es","@id":"https:\/\/tamron-americas.com\/#\/schema\/logo\/image\/","url":"https:\/\/tamron-americas.com\/wp-content\/uploads\/2024\/07\/logo.svg","contentUrl":"https:\/\/tamron-americas.com\/wp-content\/uploads\/2024\/07\/logo.svg","width":190,"height":31,"caption":"Tamron USA"},"image":{"@id":"https:\/\/tamron-americas.com\/#\/schema\/logo\/image\/"}},{"@type":"Person","@id":"https:\/\/tamron-americas.com\/#\/schema\/person\/0c5a8453f7637345176beaf26a3b3670","name":"evans@tamron.com"}]}},"_links":{"self":[{"href":"https:\/\/tamron-americas.com\/es\/wp-json\/wp\/v2\/posts\/19504","targetHints":{"allow":["GET"]}}],"collection":[{"href":"https:\/\/tamron-americas.com\/es\/wp-json\/wp\/v2\/posts"}],"about":[{"href":"https:\/\/tamron-americas.com\/es\/wp-json\/wp\/v2\/types\/post"}],"author":[{"embeddable":true,"href":"https:\/\/tamron-americas.com\/es\/wp-json\/wp\/v2\/users\/7"}],"replies":[{"embeddable":true,"href":"https:\/\/tamron-americas.com\/es\/wp-json\/wp\/v2\/comments?post=19504"}],"version-history":[{"count":0,"href":"https:\/\/tamron-americas.com\/es\/wp-json\/wp\/v2\/posts\/19504\/revisions"}],"wp:attachment":[{"href":"https:\/\/tamron-americas.com\/es\/wp-json\/wp\/v2\/media?parent=19504"}],"wp:term":[{"taxonomy":"category","embeddable":true,"href":"https:\/\/tamron-americas.com\/es\/wp-json\/wp\/v2\/categories?post=19504"},{"taxonomy":"post_tag","embeddable":true,"href":"https:\/\/tamron-americas.com\/es\/wp-json\/wp\/v2\/tags?post=19504"}],"curies":[{"name":"wp","href":"https:\/\/api.w.org\/{rel}","templated":true}]}},{"id":19503,"date":"2026-04-29T12:36:59","date_gmt":"2026-04-29T16:36:59","guid":{"rendered":"https:\/\/tamron-americas.com\/?p=19503"},"modified":"2026-04-29T12:37:09","modified_gmt":"2026-04-29T16:37:09","slug":"dia-de-tamron-2026-en-green-mountain-camera","status":"publish","type":"post","link":"https:\/\/tamron-americas.com\/es\/2026-tamron-day-at-green-mountain-camera\/","title":{"rendered":"D\u00eda de Tamron 2026 en Green Mountain Camera"},"content":{"rendered":"","protected":false},"excerpt":{"rendered":"","protected":false},"author":7,"featured_media":0,"comment_status":"closed","ping_status":"open","sticky":false,"template":"","format":"standard","meta":{"_acf_changed":true,"site-sidebar-layout":"default","site-content-layout":"","ast-site-content-layout":"","site-content-style":"default","site-sidebar-style":"default","ast-global-header-display":"","ast-banner-title-visibility":"","ast-main-header-display":"","ast-hfb-above-header-display":"","ast-hfb-below-header-display":"","ast-hfb-mobile-header-display":"","site-post-title":"","ast-breadcrumbs-content":"","ast-featured-img":"","footer-sml-layout":"","ast-disable-related-posts":"","theme-transparent-header-meta":"","adv-header-id-meta":"","stick-header-meta":"","header-above-stick-meta":"","header-main-stick-meta":"","header-below-stick-meta":"","astra-migrate-meta-layouts":"default","ast-page-background-enabled":"default","ast-page-background-meta":{"desktop":{"background-color":"var(--ast-global-color-4)","background-image":"","background-repeat":"repeat","background-position":"center center","background-size":"auto","background-attachment":"scroll","background-type":"","background-media":"","overlay-type":"","overlay-color":"","overlay-opacity":"","overlay-gradient":""},"tablet":{"background-color":"","background-image":"","background-repeat":"repeat","background-position":"center center","background-size":"auto","background-attachment":"scroll","background-type":"","background-media":"","overlay-type":"","overlay-color":"","overlay-opacity":"","overlay-gradient":""},"mobile":{"background-color":"","background-image":"","background-repeat":"repeat","background-position":"center center","background-size":"auto","background-attachment":"scroll","background-type":"","background-media":"","overlay-type":"","overlay-color":"","overlay-opacity":"","overlay-gradient":""}},"ast-content-background-meta":{"desktop":{"background-color":"var(--ast-global-color-5)","background-image":"","background-repeat":"repeat","background-position":"center center","background-size":"auto","background-attachment":"scroll","background-type":"","background-media":"","overlay-type":"","overlay-color":"","overlay-opacity":"","overlay-gradient":""},"tablet":{"background-color":"var(--ast-global-color-5)","background-image":"","background-repeat":"repeat","background-position":"center center","background-size":"auto","background-attachment":"scroll","background-type":"","background-media":"","overlay-type":"","overlay-color":"","overlay-opacity":"","overlay-gradient":""},"mobile":{"background-color":"var(--ast-global-color-5)","background-image":"","background-repeat":"repeat","background-position":"center center","background-size":"auto","background-attachment":"scroll","background-type":"","background-media":"","overlay-type":"","overlay-color":"","overlay-opacity":"","overlay-gradient":""}},"footnotes":""},"categories":[81],"tags":[],"class_list":["post-19503","post","type-post","status-publish","format-standard","hentry","category-events"],"acf":[],"yoast_head":"<!-- This site is optimized with the Yoast SEO Premium plugin v27.4 (Yoast SEO v27.4) - https:\/\/yoast.com\/product\/yoast-seo-premium-wordpress\/ -->\n<title>Tamron Day at Green Mountain Camera | Tamron<\/title>\n<meta name=\"description\" content=\"Join Tamron at Green Mountain Camera to see the latest lenses and talk with the sales rep about other new exciting things.\" \/>\n<meta name=\"robots\" content=\"index, follow, max-snippet:-1, max-image-preview:large, max-video-preview:-1\" \/>\n<link rel=\"canonical\" href=\"https:\/\/tamron-americas.com\/es\/dia-de-tamron-2026-en-green-mountain-camera\/\" \/>\n<meta property=\"og:locale\" content=\"es_MX\" \/>\n<meta property=\"og:type\" content=\"article\" \/>\n<meta property=\"og:title\" content=\"2026 Tamron Day at Green Mountain Camera\" \/>\n<meta property=\"og:description\" content=\"Join Tamron at Green Mountain Camera to see the latest lenses and talk with the sales rep about other new exciting things.\" \/>\n<meta property=\"og:url\" content=\"https:\/\/tamron-americas.com\/es\/dia-de-tamron-2026-en-green-mountain-camera\/\" \/>\n<meta property=\"og:site_name\" content=\"Tamron Americas\" \/>\n<meta property=\"article:published_time\" content=\"2026-04-29T16:36:59+00:00\" \/>\n<meta property=\"article:modified_time\" content=\"2026-04-29T16:37:09+00:00\" \/>\n<meta name=\"author\" content=\"evans@tamron.com\" \/>\n<meta name=\"twitter:card\" content=\"summary_large_image\" \/>\n<meta name=\"twitter:label1\" content=\"Escrito por\" \/>\n\t<meta name=\"twitter:data1\" content=\"evans@tamron.com\" \/>\n<script type=\"application\/ld+json\" class=\"yoast-schema-graph\">{\"@context\":\"https:\\\/\\\/schema.org\",\"@graph\":[{\"@type\":\"Article\",\"@id\":\"https:\\\/\\\/tamron-americas.com\\\/2026-tamron-day-at-green-mountain-camera\\\/#article\",\"isPartOf\":{\"@id\":\"https:\\\/\\\/tamron-americas.com\\\/2026-tamron-day-at-green-mountain-camera\\\/\"},\"author\":{\"name\":\"evans@tamron.com\",\"@id\":\"https:\\\/\\\/tamron-americas.com\\\/#\\\/schema\\\/person\\\/0c5a8453f7637345176beaf26a3b3670\"},\"headline\":\"2026 Tamron Day at Green Mountain Camera\",\"datePublished\":\"2026-04-29T16:36:59+00:00\",\"dateModified\":\"2026-04-29T16:37:09+00:00\",\"mainEntityOfPage\":{\"@id\":\"https:\\\/\\\/tamron-americas.com\\\/2026-tamron-day-at-green-mountain-camera\\\/\"},\"wordCount\":6,\"publisher\":{\"@id\":\"https:\\\/\\\/tamron-americas.com\\\/#organization\"},\"articleSection\":[\"Events\"],\"inLanguage\":\"es\"},{\"@type\":\"WebPage\",\"@id\":\"https:\\\/\\\/tamron-americas.com\\\/2026-tamron-day-at-green-mountain-camera\\\/\",\"url\":\"https:\\\/\\\/tamron-americas.com\\\/2026-tamron-day-at-green-mountain-camera\\\/\",\"name\":\"Tamron Day at Green Mountain Camera | Tamron\",\"isPartOf\":{\"@id\":\"https:\\\/\\\/tamron-americas.com\\\/#website\"},\"datePublished\":\"2026-04-29T16:36:59+00:00\",\"dateModified\":\"2026-04-29T16:37:09+00:00\",\"description\":\"Join Tamron at Green Mountain Camera to see the latest lenses and talk with the sales rep about other new exciting things.\",\"breadcrumb\":{\"@id\":\"https:\\\/\\\/tamron-americas.com\\\/2026-tamron-day-at-green-mountain-camera\\\/#breadcrumb\"},\"inLanguage\":\"es\",\"potentialAction\":[{\"@type\":\"ReadAction\",\"target\":[\"https:\\\/\\\/tamron-americas.com\\\/2026-tamron-day-at-green-mountain-camera\\\/\"]}]},{\"@type\":\"BreadcrumbList\",\"@id\":\"https:\\\/\\\/tamron-americas.com\\\/2026-tamron-day-at-green-mountain-camera\\\/#breadcrumb\",\"itemListElement\":[{\"@type\":\"ListItem\",\"position\":1,\"name\":\"Home\",\"item\":\"https:\\\/\\\/tamron-americas.com\\\/\"},{\"@type\":\"ListItem\",\"position\":2,\"name\":\"2026 Tamron Day at Green Mountain Camera\"}]},{\"@type\":\"WebSite\",\"@id\":\"https:\\\/\\\/tamron-americas.com\\\/#website\",\"url\":\"https:\\\/\\\/tamron-americas.com\\\/\",\"name\":\"Tamron Americas\",\"description\":\"\",\"publisher\":{\"@id\":\"https:\\\/\\\/tamron-americas.com\\\/#organization\"},\"potentialAction\":[{\"@type\":\"SearchAction\",\"target\":{\"@type\":\"EntryPoint\",\"urlTemplate\":\"https:\\\/\\\/tamron-americas.com\\\/?s={search_term_string}\"},\"query-input\":{\"@type\":\"PropertyValueSpecification\",\"valueRequired\":true,\"valueName\":\"search_term_string\"}}],\"inLanguage\":\"es\"},{\"@type\":\"Organization\",\"@id\":\"https:\\\/\\\/tamron-americas.com\\\/#organization\",\"name\":\"Tamron USA\",\"url\":\"https:\\\/\\\/tamron-americas.com\\\/\",\"logo\":{\"@type\":\"ImageObject\",\"inLanguage\":\"es\",\"@id\":\"https:\\\/\\\/tamron-americas.com\\\/#\\\/schema\\\/logo\\\/image\\\/\",\"url\":\"https:\\\/\\\/tamron-americas.com\\\/wp-content\\\/uploads\\\/2024\\\/07\\\/logo.svg\",\"contentUrl\":\"https:\\\/\\\/tamron-americas.com\\\/wp-content\\\/uploads\\\/2024\\\/07\\\/logo.svg\",\"width\":190,\"height\":31,\"caption\":\"Tamron USA\"},\"image\":{\"@id\":\"https:\\\/\\\/tamron-americas.com\\\/#\\\/schema\\\/logo\\\/image\\\/\"}},{\"@type\":\"Person\",\"@id\":\"https:\\\/\\\/tamron-americas.com\\\/#\\\/schema\\\/person\\\/0c5a8453f7637345176beaf26a3b3670\",\"name\":\"evans@tamron.com\"}]}<\/script>\n<!-- \/ Yoast SEO Premium plugin. -->","yoast_head_json":{"title":"D\u00eda de Tamron en Green Mountain Camera | Tamron","description":"Acompa\u00f1a a Tamron en Green Mountain Camera para ver los \u00faltimos objetivos y hablar con el representante de ventas sobre otras novedades interesantes.","robots":{"index":"index","follow":"follow","max-snippet":"max-snippet:-1","max-image-preview":"max-image-preview:large","max-video-preview":"max-video-preview:-1"},"canonical":"https:\/\/tamron-americas.com\/es\/dia-de-tamron-2026-en-green-mountain-camera\/","og_locale":"es_MX","og_type":"article","og_title":"2026 Tamron Day at Green Mountain Camera","og_description":"Join Tamron at Green Mountain Camera to see the latest lenses and talk with the sales rep about other new exciting things.","og_url":"https:\/\/tamron-americas.com\/es\/dia-de-tamron-2026-en-green-mountain-camera\/","og_site_name":"Tamron Americas","article_published_time":"2026-04-29T16:36:59+00:00","article_modified_time":"2026-04-29T16:37:09+00:00","author":"evans@tamron.com","twitter_card":"summary_large_image","twitter_misc":{"Escrito por":"evans@tamron.com"},"schema":{"@context":"https:\/\/schema.org","@graph":[{"@type":"Article","@id":"https:\/\/tamron-americas.com\/2026-tamron-day-at-green-mountain-camera\/#article","isPartOf":{"@id":"https:\/\/tamron-americas.com\/2026-tamron-day-at-green-mountain-camera\/"},"author":{"name":"evans@tamron.com","@id":"https:\/\/tamron-americas.com\/#\/schema\/person\/0c5a8453f7637345176beaf26a3b3670"},"headline":"2026 Tamron Day at Green Mountain Camera","datePublished":"2026-04-29T16:36:59+00:00","dateModified":"2026-04-29T16:37:09+00:00","mainEntityOfPage":{"@id":"https:\/\/tamron-americas.com\/2026-tamron-day-at-green-mountain-camera\/"},"wordCount":6,"publisher":{"@id":"https:\/\/tamron-americas.com\/#organization"},"articleSection":["Events"],"inLanguage":"es"},{"@type":"WebPage","@id":"https:\/\/tamron-americas.com\/2026-tamron-day-at-green-mountain-camera\/","url":"https:\/\/tamron-americas.com\/2026-tamron-day-at-green-mountain-camera\/","name":"Tamron Day at Green Mountain Camera | Tamron","isPartOf":{"@id":"https:\/\/tamron-americas.com\/#website"},"datePublished":"2026-04-29T16:36:59+00:00","dateModified":"2026-04-29T16:37:09+00:00","description":"Join Tamron at Green Mountain Camera to see the latest lenses and talk with the sales rep about other new exciting things.","breadcrumb":{"@id":"https:\/\/tamron-americas.com\/2026-tamron-day-at-green-mountain-camera\/#breadcrumb"},"inLanguage":"es","potentialAction":[{"@type":"ReadAction","target":["https:\/\/tamron-americas.com\/2026-tamron-day-at-green-mountain-camera\/"]}]},{"@type":"BreadcrumbList","@id":"https:\/\/tamron-americas.com\/2026-tamron-day-at-green-mountain-camera\/#breadcrumb","itemListElement":[{"@type":"ListItem","position":1,"name":"Home","item":"https:\/\/tamron-americas.com\/"},{"@type":"ListItem","position":2,"name":"2026 Tamron Day at Green Mountain Camera"}]},{"@type":"WebSite","@id":"https:\/\/tamron-americas.com\/#website","url":"https:\/\/tamron-americas.com\/","name":"Tamron Americas","description":"","publisher":{"@id":"https:\/\/tamron-americas.com\/#organization"},"potentialAction":[{"@type":"SearchAction","target":{"@type":"EntryPoint","urlTemplate":"https:\/\/tamron-americas.com\/?s={search_term_string}"},"query-input":{"@type":"PropertyValueSpecification","valueRequired":true,"valueName":"search_term_string"}}],"inLanguage":"es"},{"@type":"Organization","@id":"https:\/\/tamron-americas.com\/#organization","name":"Tamron USA","url":"https:\/\/tamron-americas.com\/","logo":{"@type":"ImageObject","inLanguage":"es","@id":"https:\/\/tamron-americas.com\/#\/schema\/logo\/image\/","url":"https:\/\/tamron-americas.com\/wp-content\/uploads\/2024\/07\/logo.svg","contentUrl":"https:\/\/tamron-americas.com\/wp-content\/uploads\/2024\/07\/logo.svg","width":190,"height":31,"caption":"Tamron USA"},"image":{"@id":"https:\/\/tamron-americas.com\/#\/schema\/logo\/image\/"}},{"@type":"Person","@id":"https:\/\/tamron-americas.com\/#\/schema\/person\/0c5a8453f7637345176beaf26a3b3670","name":"evans@tamron.com"}]}},"_links":{"self":[{"href":"https:\/\/tamron-americas.com\/es\/wp-json\/wp\/v2\/posts\/19503","targetHints":{"allow":["GET"]}}],"collection":[{"href":"https:\/\/tamron-americas.com\/es\/wp-json\/wp\/v2\/posts"}],"about":[{"href":"https:\/\/tamron-americas.com\/es\/wp-json\/wp\/v2\/types\/post"}],"author":[{"embeddable":true,"href":"https:\/\/tamron-americas.com\/es\/wp-json\/wp\/v2\/users\/7"}],"replies":[{"embeddable":true,"href":"https:\/\/tamron-americas.com\/es\/wp-json\/wp\/v2\/comments?post=19503"}],"version-history":[{"count":0,"href":"https:\/\/tamron-americas.com\/es\/wp-json\/wp\/v2\/posts\/19503\/revisions"}],"wp:attachment":[{"href":"https:\/\/tamron-americas.com\/es\/wp-json\/wp\/v2\/media?parent=19503"}],"wp:term":[{"taxonomy":"category","embeddable":true,"href":"https:\/\/tamron-americas.com\/es\/wp-json\/wp\/v2\/categories?post=19503"},{"taxonomy":"post_tag","embeddable":true,"href":"https:\/\/tamron-americas.com\/es\/wp-json\/wp\/v2\/tags?post=19503"}],"curies":[{"name":"wp","href":"https:\/\/api.w.org\/{rel}","templated":true}]}},{"id":19501,"date":"2026-04-29T12:24:53","date_gmt":"2026-04-29T16:24:53","guid":{"rendered":"https:\/\/tamron-americas.com\/?p=19501"},"modified":"2026-04-29T12:24:56","modified_gmt":"2026-04-29T16:24:56","slug":"2026-24-a-exposicion-anual-de-fotografia-de-caza","status":"publish","type":"post","link":"https:\/\/tamron-americas.com\/es\/2026-24th-annual-hunts-photo-may-expo\/","title":{"rendered":"2026 24.\u00aa edici\u00f3n de la Hunt\u2019s Photo May EXPO"},"content":{"rendered":"","protected":false},"excerpt":{"rendered":"","protected":false},"author":7,"featured_media":0,"comment_status":"closed","ping_status":"open","sticky":false,"template":"","format":"standard","meta":{"_acf_changed":true,"site-sidebar-layout":"default","site-content-layout":"","ast-site-content-layout":"","site-content-style":"default","site-sidebar-style":"default","ast-global-header-display":"","ast-banner-title-visibility":"","ast-main-header-display":"","ast-hfb-above-header-display":"","ast-hfb-below-header-display":"","ast-hfb-mobile-header-display":"","site-post-title":"","ast-breadcrumbs-content":"","ast-featured-img":"","footer-sml-layout":"","ast-disable-related-posts":"","theme-transparent-header-meta":"","adv-header-id-meta":"","stick-header-meta":"","header-above-stick-meta":"","header-main-stick-meta":"","header-below-stick-meta":"","astra-migrate-meta-layouts":"default","ast-page-background-enabled":"default","ast-page-background-meta":{"desktop":{"background-color":"var(--ast-global-color-4)","background-image":"","background-repeat":"repeat","background-position":"center center","background-size":"auto","background-attachment":"scroll","background-type":"","background-media":"","overlay-type":"","overlay-color":"","overlay-opacity":"","overlay-gradient":""},"tablet":{"background-color":"","background-image":"","background-repeat":"repeat","background-position":"center center","background-size":"auto","background-attachment":"scroll","background-type":"","background-media":"","overlay-type":"","overlay-color":"","overlay-opacity":"","overlay-gradient":""},"mobile":{"background-color":"","background-image":"","background-repeat":"repeat","background-position":"center center","background-size":"auto","background-attachment":"scroll","background-type":"","background-media":"","overlay-type":"","overlay-color":"","overlay-opacity":"","overlay-gradient":""}},"ast-content-background-meta":{"desktop":{"background-color":"var(--ast-global-color-5)","background-image":"","background-repeat":"repeat","background-position":"center center","background-size":"auto","background-attachment":"scroll","background-type":"","background-media":"","overlay-type":"","overlay-color":"","overlay-opacity":"","overlay-gradient":""},"tablet":{"background-color":"var(--ast-global-color-5)","background-image":"","background-repeat":"repeat","background-position":"center center","background-size":"auto","background-attachment":"scroll","background-type":"","background-media":"","overlay-type":"","overlay-color":"","overlay-opacity":"","overlay-gradient":""},"mobile":{"background-color":"var(--ast-global-color-5)","background-image":"","background-repeat":"repeat","background-position":"center center","background-size":"auto","background-attachment":"scroll","background-type":"","background-media":"","overlay-type":"","overlay-color":"","overlay-opacity":"","overlay-gradient":""}},"footnotes":""},"categories":[81],"tags":[],"class_list":["post-19501","post","type-post","status-publish","format-standard","hentry","category-events"],"acf":[],"yoast_head":"<!-- This site is optimized with the Yoast SEO Premium plugin v27.4 (Yoast SEO v27.4) - https:\/\/yoast.com\/product\/yoast-seo-premium-wordpress\/ -->\n<title>24th Annual Hunt&#039;s Photo May EXPO | Tamron<\/title>\n<meta name=\"description\" content=\"Hunt&#039;s Photo 24th Annual Expo with free seminars, trade-in promotions, big savings and much more.\" \/>\n<meta name=\"robots\" content=\"index, follow, max-snippet:-1, max-image-preview:large, max-video-preview:-1\" \/>\n<link rel=\"canonical\" href=\"https:\/\/tamron-americas.com\/es\/2026-24-a-exposicion-anual-de-fotografia-de-caza\/\" \/>\n<meta property=\"og:locale\" content=\"es_MX\" \/>\n<meta property=\"og:type\" content=\"article\" \/>\n<meta property=\"og:title\" content=\"2026 24th Annual Hunt&#039;s Photo May EXPO\" \/>\n<meta property=\"og:description\" content=\"Hunt&#039;s Photo 24th Annual Expo with free seminars, trade-in promotions, big savings and much more.\" \/>\n<meta property=\"og:url\" content=\"https:\/\/tamron-americas.com\/es\/2026-24-a-exposicion-anual-de-fotografia-de-caza\/\" \/>\n<meta property=\"og:site_name\" content=\"Tamron Americas\" \/>\n<meta property=\"article:published_time\" content=\"2026-04-29T16:24:53+00:00\" \/>\n<meta property=\"article:modified_time\" content=\"2026-04-29T16:24:56+00:00\" \/>\n<meta name=\"author\" content=\"evans@tamron.com\" \/>\n<meta name=\"twitter:card\" content=\"summary_large_image\" \/>\n<meta name=\"twitter:label1\" content=\"Escrito por\" \/>\n\t<meta name=\"twitter:data1\" content=\"evans@tamron.com\" \/>\n<script type=\"application\/ld+json\" class=\"yoast-schema-graph\">{\"@context\":\"https:\\\/\\\/schema.org\",\"@graph\":[{\"@type\":\"Article\",\"@id\":\"https:\\\/\\\/tamron-americas.com\\\/2026-24th-annual-hunts-photo-may-expo\\\/#article\",\"isPartOf\":{\"@id\":\"https:\\\/\\\/tamron-americas.com\\\/2026-24th-annual-hunts-photo-may-expo\\\/\"},\"author\":{\"name\":\"evans@tamron.com\",\"@id\":\"https:\\\/\\\/tamron-americas.com\\\/#\\\/schema\\\/person\\\/0c5a8453f7637345176beaf26a3b3670\"},\"headline\":\"2026 24th Annual Hunt&#8217;s Photo May EXPO\",\"datePublished\":\"2026-04-29T16:24:53+00:00\",\"dateModified\":\"2026-04-29T16:24:56+00:00\",\"mainEntityOfPage\":{\"@id\":\"https:\\\/\\\/tamron-americas.com\\\/2026-24th-annual-hunts-photo-may-expo\\\/\"},\"wordCount\":7,\"publisher\":{\"@id\":\"https:\\\/\\\/tamron-americas.com\\\/#organization\"},\"articleSection\":[\"Events\"],\"inLanguage\":\"es\"},{\"@type\":\"WebPage\",\"@id\":\"https:\\\/\\\/tamron-americas.com\\\/2026-24th-annual-hunts-photo-may-expo\\\/\",\"url\":\"https:\\\/\\\/tamron-americas.com\\\/2026-24th-annual-hunts-photo-may-expo\\\/\",\"name\":\"24th Annual Hunt's Photo May EXPO | Tamron\",\"isPartOf\":{\"@id\":\"https:\\\/\\\/tamron-americas.com\\\/#website\"},\"datePublished\":\"2026-04-29T16:24:53+00:00\",\"dateModified\":\"2026-04-29T16:24:56+00:00\",\"description\":\"Hunt's Photo 24th Annual Expo with free seminars, trade-in promotions, big savings and much more.\",\"breadcrumb\":{\"@id\":\"https:\\\/\\\/tamron-americas.com\\\/2026-24th-annual-hunts-photo-may-expo\\\/#breadcrumb\"},\"inLanguage\":\"es\",\"potentialAction\":[{\"@type\":\"ReadAction\",\"target\":[\"https:\\\/\\\/tamron-americas.com\\\/2026-24th-annual-hunts-photo-may-expo\\\/\"]}]},{\"@type\":\"BreadcrumbList\",\"@id\":\"https:\\\/\\\/tamron-americas.com\\\/2026-24th-annual-hunts-photo-may-expo\\\/#breadcrumb\",\"itemListElement\":[{\"@type\":\"ListItem\",\"position\":1,\"name\":\"Home\",\"item\":\"https:\\\/\\\/tamron-americas.com\\\/\"},{\"@type\":\"ListItem\",\"position\":2,\"name\":\"2026 24th Annual Hunt&#8217;s Photo May EXPO\"}]},{\"@type\":\"WebSite\",\"@id\":\"https:\\\/\\\/tamron-americas.com\\\/#website\",\"url\":\"https:\\\/\\\/tamron-americas.com\\\/\",\"name\":\"Tamron Americas\",\"description\":\"\",\"publisher\":{\"@id\":\"https:\\\/\\\/tamron-americas.com\\\/#organization\"},\"potentialAction\":[{\"@type\":\"SearchAction\",\"target\":{\"@type\":\"EntryPoint\",\"urlTemplate\":\"https:\\\/\\\/tamron-americas.com\\\/?s={search_term_string}\"},\"query-input\":{\"@type\":\"PropertyValueSpecification\",\"valueRequired\":true,\"valueName\":\"search_term_string\"}}],\"inLanguage\":\"es\"},{\"@type\":\"Organization\",\"@id\":\"https:\\\/\\\/tamron-americas.com\\\/#organization\",\"name\":\"Tamron USA\",\"url\":\"https:\\\/\\\/tamron-americas.com\\\/\",\"logo\":{\"@type\":\"ImageObject\",\"inLanguage\":\"es\",\"@id\":\"https:\\\/\\\/tamron-americas.com\\\/#\\\/schema\\\/logo\\\/image\\\/\",\"url\":\"https:\\\/\\\/tamron-americas.com\\\/wp-content\\\/uploads\\\/2024\\\/07\\\/logo.svg\",\"contentUrl\":\"https:\\\/\\\/tamron-americas.com\\\/wp-content\\\/uploads\\\/2024\\\/07\\\/logo.svg\",\"width\":190,\"height\":31,\"caption\":\"Tamron USA\"},\"image\":{\"@id\":\"https:\\\/\\\/tamron-americas.com\\\/#\\\/schema\\\/logo\\\/image\\\/\"}},{\"@type\":\"Person\",\"@id\":\"https:\\\/\\\/tamron-americas.com\\\/#\\\/schema\\\/person\\\/0c5a8453f7637345176beaf26a3b3670\",\"name\":\"evans@tamron.com\"}]}<\/script>\n<!-- \/ Yoast SEO Premium plugin. -->","yoast_head_json":{"title":"24.\u00aa edici\u00f3n de la Hunt's Photo May EXPO | Tamron","description":"24.\u00aa Exposici\u00f3n Anual de Hunt's Photo, con seminarios gratuitos, promociones de intercambio, grandes descuentos y mucho m\u00e1s.","robots":{"index":"index","follow":"follow","max-snippet":"max-snippet:-1","max-image-preview":"max-image-preview:large","max-video-preview":"max-video-preview:-1"},"canonical":"https:\/\/tamron-americas.com\/es\/2026-24-a-exposicion-anual-de-fotografia-de-caza\/","og_locale":"es_MX","og_type":"article","og_title":"2026 24th Annual Hunt's Photo May EXPO","og_description":"Hunt's Photo 24th Annual Expo with free seminars, trade-in promotions, big savings and much more.","og_url":"https:\/\/tamron-americas.com\/es\/2026-24-a-exposicion-anual-de-fotografia-de-caza\/","og_site_name":"Tamron Americas","article_published_time":"2026-04-29T16:24:53+00:00","article_modified_time":"2026-04-29T16:24:56+00:00","author":"evans@tamron.com","twitter_card":"summary_large_image","twitter_misc":{"Escrito por":"evans@tamron.com"},"schema":{"@context":"https:\/\/schema.org","@graph":[{"@type":"Article","@id":"https:\/\/tamron-americas.com\/2026-24th-annual-hunts-photo-may-expo\/#article","isPartOf":{"@id":"https:\/\/tamron-americas.com\/2026-24th-annual-hunts-photo-may-expo\/"},"author":{"name":"evans@tamron.com","@id":"https:\/\/tamron-americas.com\/#\/schema\/person\/0c5a8453f7637345176beaf26a3b3670"},"headline":"2026 24th Annual Hunt&#8217;s Photo May EXPO","datePublished":"2026-04-29T16:24:53+00:00","dateModified":"2026-04-29T16:24:56+00:00","mainEntityOfPage":{"@id":"https:\/\/tamron-americas.com\/2026-24th-annual-hunts-photo-may-expo\/"},"wordCount":7,"publisher":{"@id":"https:\/\/tamron-americas.com\/#organization"},"articleSection":["Events"],"inLanguage":"es"},{"@type":"WebPage","@id":"https:\/\/tamron-americas.com\/2026-24th-annual-hunts-photo-may-expo\/","url":"https:\/\/tamron-americas.com\/2026-24th-annual-hunts-photo-may-expo\/","name":"24th Annual Hunt's Photo May EXPO | Tamron","isPartOf":{"@id":"https:\/\/tamron-americas.com\/#website"},"datePublished":"2026-04-29T16:24:53+00:00","dateModified":"2026-04-29T16:24:56+00:00","description":"Hunt's Photo 24th Annual Expo with free seminars, trade-in promotions, big savings and much more.","breadcrumb":{"@id":"https:\/\/tamron-americas.com\/2026-24th-annual-hunts-photo-may-expo\/#breadcrumb"},"inLanguage":"es","potentialAction":[{"@type":"ReadAction","target":["https:\/\/tamron-americas.com\/2026-24th-annual-hunts-photo-may-expo\/"]}]},{"@type":"BreadcrumbList","@id":"https:\/\/tamron-americas.com\/2026-24th-annual-hunts-photo-may-expo\/#breadcrumb","itemListElement":[{"@type":"ListItem","position":1,"name":"Home","item":"https:\/\/tamron-americas.com\/"},{"@type":"ListItem","position":2,"name":"2026 24th Annual Hunt&#8217;s Photo May EXPO"}]},{"@type":"WebSite","@id":"https:\/\/tamron-americas.com\/#website","url":"https:\/\/tamron-americas.com\/","name":"Tamron Americas","description":"","publisher":{"@id":"https:\/\/tamron-americas.com\/#organization"},"potentialAction":[{"@type":"SearchAction","target":{"@type":"EntryPoint","urlTemplate":"https:\/\/tamron-americas.com\/?s={search_term_string}"},"query-input":{"@type":"PropertyValueSpecification","valueRequired":true,"valueName":"search_term_string"}}],"inLanguage":"es"},{"@type":"Organization","@id":"https:\/\/tamron-americas.com\/#organization","name":"Tamron USA","url":"https:\/\/tamron-americas.com\/","logo":{"@type":"ImageObject","inLanguage":"es","@id":"https:\/\/tamron-americas.com\/#\/schema\/logo\/image\/","url":"https:\/\/tamron-americas.com\/wp-content\/uploads\/2024\/07\/logo.svg","contentUrl":"https:\/\/tamron-americas.com\/wp-content\/uploads\/2024\/07\/logo.svg","width":190,"height":31,"caption":"Tamron USA"},"image":{"@id":"https:\/\/tamron-americas.com\/#\/schema\/logo\/image\/"}},{"@type":"Person","@id":"https:\/\/tamron-americas.com\/#\/schema\/person\/0c5a8453f7637345176beaf26a3b3670","name":"evans@tamron.com"}]}},"_links":{"self":[{"href":"https:\/\/tamron-americas.com\/es\/wp-json\/wp\/v2\/posts\/19501","targetHints":{"allow":["GET"]}}],"collection":[{"href":"https:\/\/tamron-americas.com\/es\/wp-json\/wp\/v2\/posts"}],"about":[{"href":"https:\/\/tamron-americas.com\/es\/wp-json\/wp\/v2\/types\/post"}],"author":[{"embeddable":true,"href":"https:\/\/tamron-americas.com\/es\/wp-json\/wp\/v2\/users\/7"}],"replies":[{"embeddable":true,"href":"https:\/\/tamron-americas.com\/es\/wp-json\/wp\/v2\/comments?post=19501"}],"version-history":[{"count":0,"href":"https:\/\/tamron-americas.com\/es\/wp-json\/wp\/v2\/posts\/19501\/revisions"}],"wp:attachment":[{"href":"https:\/\/tamron-americas.com\/es\/wp-json\/wp\/v2\/media?parent=19501"}],"wp:term":[{"taxonomy":"category","embeddable":true,"href":"https:\/\/tamron-americas.com\/es\/wp-json\/wp\/v2\/categories?post=19501"},{"taxonomy":"post_tag","embeddable":true,"href":"https:\/\/tamron-americas.com\/es\/wp-json\/wp\/v2\/tags?post=19501"}],"curies":[{"name":"wp","href":"https:\/\/api.w.org\/{rel}","templated":true}]}},{"id":19473,"date":"2026-04-29T10:59:57","date_gmt":"2026-04-29T14:59:57","guid":{"rendered":"https:\/\/tamron-americas.com\/?p=19473"},"modified":"2026-04-29T10:59:59","modified_gmt":"2026-04-29T14:59:59","slug":"2026-25-o-aniversario-de-las-camaras-oc","status":"publish","type":"post","link":"https:\/\/tamron-americas.com\/es\/2026-oc-cameras-25th-anniversary\/","title":{"rendered":"25.\u00ba aniversario de OC Camera en 2026"},"content":{"rendered":"","protected":false},"excerpt":{"rendered":"","protected":false},"author":7,"featured_media":0,"comment_status":"closed","ping_status":"open","sticky":false,"template":"","format":"standard","meta":{"_acf_changed":true,"site-sidebar-layout":"default","site-content-layout":"","ast-site-content-layout":"","site-content-style":"default","site-sidebar-style":"default","ast-global-header-display":"","ast-banner-title-visibility":"","ast-main-header-display":"","ast-hfb-above-header-display":"","ast-hfb-below-header-display":"","ast-hfb-mobile-header-display":"","site-post-title":"","ast-breadcrumbs-content":"","ast-featured-img":"","footer-sml-layout":"","ast-disable-related-posts":"","theme-transparent-header-meta":"","adv-header-id-meta":"","stick-header-meta":"","header-above-stick-meta":"","header-main-stick-meta":"","header-below-stick-meta":"","astra-migrate-meta-layouts":"default","ast-page-background-enabled":"default","ast-page-background-meta":{"desktop":{"background-color":"var(--ast-global-color-4)","background-image":"","background-repeat":"repeat","background-position":"center center","background-size":"auto","background-attachment":"scroll","background-type":"","background-media":"","overlay-type":"","overlay-color":"","overlay-opacity":"","overlay-gradient":""},"tablet":{"background-color":"","background-image":"","background-repeat":"repeat","background-position":"center center","background-size":"auto","background-attachment":"scroll","background-type":"","background-media":"","overlay-type":"","overlay-color":"","overlay-opacity":"","overlay-gradient":""},"mobile":{"background-color":"","background-image":"","background-repeat":"repeat","background-position":"center center","background-size":"auto","background-attachment":"scroll","background-type":"","background-media":"","overlay-type":"","overlay-color":"","overlay-opacity":"","overlay-gradient":""}},"ast-content-background-meta":{"desktop":{"background-color":"var(--ast-global-color-5)","background-image":"","background-repeat":"repeat","background-position":"center center","background-size":"auto","background-attachment":"scroll","background-type":"","background-media":"","overlay-type":"","overlay-color":"","overlay-opacity":"","overlay-gradient":""},"tablet":{"background-color":"var(--ast-global-color-5)","background-image":"","background-repeat":"repeat","background-position":"center center","background-size":"auto","background-attachment":"scroll","background-type":"","background-media":"","overlay-type":"","overlay-color":"","overlay-opacity":"","overlay-gradient":""},"mobile":{"background-color":"var(--ast-global-color-5)","background-image":"","background-repeat":"repeat","background-position":"center center","background-size":"auto","background-attachment":"scroll","background-type":"","background-media":"","overlay-type":"","overlay-color":"","overlay-opacity":"","overlay-gradient":""}},"footnotes":""},"categories":[81],"tags":[],"class_list":["post-19473","post","type-post","status-publish","format-standard","hentry","category-events"],"acf":[],"yoast_head":"<!-- This site is optimized with the Yoast SEO Premium plugin v27.4 (Yoast SEO v27.4) - https:\/\/yoast.com\/product\/yoast-seo-premium-wordpress\/ -->\n<title>OC Camera\u2019s 25th Anniversary | Tamron<\/title>\n<meta name=\"description\" content=\"Join us for a full day of excitement, starting with our Demo Day from 10:00 AM to 4:00 PM, where you\u2019ll have the chance to connect with top brand representatives and explore the latest gear.\" \/>\n<meta name=\"robots\" content=\"index, follow, max-snippet:-1, max-image-preview:large, max-video-preview:-1\" \/>\n<link rel=\"canonical\" href=\"https:\/\/tamron-americas.com\/es\/2026-25-o-aniversario-de-las-camaras-oc\/\" \/>\n<meta property=\"og:locale\" content=\"es_MX\" \/>\n<meta property=\"og:type\" content=\"article\" \/>\n<meta property=\"og:title\" content=\"2026 OC Camera\u2019s 25th Anniversary\" \/>\n<meta property=\"og:description\" content=\"Join us for a full day of excitement, starting with our Demo Day from 10:00 AM to 4:00 PM, where you\u2019ll have the chance to connect with top brand representatives and explore the latest gear.\" \/>\n<meta property=\"og:url\" content=\"https:\/\/tamron-americas.com\/es\/2026-25-o-aniversario-de-las-camaras-oc\/\" \/>\n<meta property=\"og:site_name\" content=\"Tamron Americas\" \/>\n<meta property=\"article:published_time\" content=\"2026-04-29T14:59:57+00:00\" \/>\n<meta property=\"article:modified_time\" content=\"2026-04-29T14:59:59+00:00\" \/>\n<meta name=\"author\" content=\"evans@tamron.com\" \/>\n<meta name=\"twitter:card\" content=\"summary_large_image\" \/>\n<meta name=\"twitter:label1\" content=\"Escrito por\" \/>\n\t<meta name=\"twitter:data1\" content=\"evans@tamron.com\" \/>\n<script type=\"application\/ld+json\" class=\"yoast-schema-graph\">{\"@context\":\"https:\\\/\\\/schema.org\",\"@graph\":[{\"@type\":\"Article\",\"@id\":\"https:\\\/\\\/tamron-americas.com\\\/2026-oc-cameras-25th-anniversary\\\/#article\",\"isPartOf\":{\"@id\":\"https:\\\/\\\/tamron-americas.com\\\/2026-oc-cameras-25th-anniversary\\\/\"},\"author\":{\"name\":\"evans@tamron.com\",\"@id\":\"https:\\\/\\\/tamron-americas.com\\\/#\\\/schema\\\/person\\\/0c5a8453f7637345176beaf26a3b3670\"},\"headline\":\"2026 OC Camera\u2019s 25th Anniversary\",\"datePublished\":\"2026-04-29T14:59:57+00:00\",\"dateModified\":\"2026-04-29T14:59:59+00:00\",\"mainEntityOfPage\":{\"@id\":\"https:\\\/\\\/tamron-americas.com\\\/2026-oc-cameras-25th-anniversary\\\/\"},\"wordCount\":5,\"publisher\":{\"@id\":\"https:\\\/\\\/tamron-americas.com\\\/#organization\"},\"articleSection\":[\"Events\"],\"inLanguage\":\"es\"},{\"@type\":\"WebPage\",\"@id\":\"https:\\\/\\\/tamron-americas.com\\\/2026-oc-cameras-25th-anniversary\\\/\",\"url\":\"https:\\\/\\\/tamron-americas.com\\\/2026-oc-cameras-25th-anniversary\\\/\",\"name\":\"OC Camera\u2019s 25th Anniversary | Tamron\",\"isPartOf\":{\"@id\":\"https:\\\/\\\/tamron-americas.com\\\/#website\"},\"datePublished\":\"2026-04-29T14:59:57+00:00\",\"dateModified\":\"2026-04-29T14:59:59+00:00\",\"description\":\"Join us for a full day of excitement, starting with our Demo Day from 10:00 AM to 4:00 PM, where you\u2019ll have the chance to connect with top brand representatives and explore the latest gear.\",\"breadcrumb\":{\"@id\":\"https:\\\/\\\/tamron-americas.com\\\/2026-oc-cameras-25th-anniversary\\\/#breadcrumb\"},\"inLanguage\":\"es\",\"potentialAction\":[{\"@type\":\"ReadAction\",\"target\":[\"https:\\\/\\\/tamron-americas.com\\\/2026-oc-cameras-25th-anniversary\\\/\"]}]},{\"@type\":\"BreadcrumbList\",\"@id\":\"https:\\\/\\\/tamron-americas.com\\\/2026-oc-cameras-25th-anniversary\\\/#breadcrumb\",\"itemListElement\":[{\"@type\":\"ListItem\",\"position\":1,\"name\":\"Home\",\"item\":\"https:\\\/\\\/tamron-americas.com\\\/\"},{\"@type\":\"ListItem\",\"position\":2,\"name\":\"2026 OC Camera\u2019s 25th Anniversary\"}]},{\"@type\":\"WebSite\",\"@id\":\"https:\\\/\\\/tamron-americas.com\\\/#website\",\"url\":\"https:\\\/\\\/tamron-americas.com\\\/\",\"name\":\"Tamron Americas\",\"description\":\"\",\"publisher\":{\"@id\":\"https:\\\/\\\/tamron-americas.com\\\/#organization\"},\"potentialAction\":[{\"@type\":\"SearchAction\",\"target\":{\"@type\":\"EntryPoint\",\"urlTemplate\":\"https:\\\/\\\/tamron-americas.com\\\/?s={search_term_string}\"},\"query-input\":{\"@type\":\"PropertyValueSpecification\",\"valueRequired\":true,\"valueName\":\"search_term_string\"}}],\"inLanguage\":\"es\"},{\"@type\":\"Organization\",\"@id\":\"https:\\\/\\\/tamron-americas.com\\\/#organization\",\"name\":\"Tamron USA\",\"url\":\"https:\\\/\\\/tamron-americas.com\\\/\",\"logo\":{\"@type\":\"ImageObject\",\"inLanguage\":\"es\",\"@id\":\"https:\\\/\\\/tamron-americas.com\\\/#\\\/schema\\\/logo\\\/image\\\/\",\"url\":\"https:\\\/\\\/tamron-americas.com\\\/wp-content\\\/uploads\\\/2024\\\/07\\\/logo.svg\",\"contentUrl\":\"https:\\\/\\\/tamron-americas.com\\\/wp-content\\\/uploads\\\/2024\\\/07\\\/logo.svg\",\"width\":190,\"height\":31,\"caption\":\"Tamron USA\"},\"image\":{\"@id\":\"https:\\\/\\\/tamron-americas.com\\\/#\\\/schema\\\/logo\\\/image\\\/\"}},{\"@type\":\"Person\",\"@id\":\"https:\\\/\\\/tamron-americas.com\\\/#\\\/schema\\\/person\\\/0c5a8453f7637345176beaf26a3b3670\",\"name\":\"evans@tamron.com\"}]}<\/script>\n<!-- \/ Yoast SEO Premium plugin. -->","yoast_head_json":{"title":"25.\u00ba aniversario de la OC Camera | Tamron","description":"Acomp\u00e1\u00f1anos en una jornada llena de emociones, que comenzar\u00e1 con nuestro Demo Day, de 10:00 a. m. a 4:00 p. m., donde tendr\u00e1s la oportunidad de conocer a representantes de las mejores marcas y descubrir lo \u00faltimo en equipamiento.","robots":{"index":"index","follow":"follow","max-snippet":"max-snippet:-1","max-image-preview":"max-image-preview:large","max-video-preview":"max-video-preview:-1"},"canonical":"https:\/\/tamron-americas.com\/es\/2026-25-o-aniversario-de-las-camaras-oc\/","og_locale":"es_MX","og_type":"article","og_title":"2026 OC Camera\u2019s 25th Anniversary","og_description":"Join us for a full day of excitement, starting with our Demo Day from 10:00 AM to 4:00 PM, where you\u2019ll have the chance to connect with top brand representatives and explore the latest gear.","og_url":"https:\/\/tamron-americas.com\/es\/2026-25-o-aniversario-de-las-camaras-oc\/","og_site_name":"Tamron Americas","article_published_time":"2026-04-29T14:59:57+00:00","article_modified_time":"2026-04-29T14:59:59+00:00","author":"evans@tamron.com","twitter_card":"summary_large_image","twitter_misc":{"Escrito por":"evans@tamron.com"},"schema":{"@context":"https:\/\/schema.org","@graph":[{"@type":"Article","@id":"https:\/\/tamron-americas.com\/2026-oc-cameras-25th-anniversary\/#article","isPartOf":{"@id":"https:\/\/tamron-americas.com\/2026-oc-cameras-25th-anniversary\/"},"author":{"name":"evans@tamron.com","@id":"https:\/\/tamron-americas.com\/#\/schema\/person\/0c5a8453f7637345176beaf26a3b3670"},"headline":"2026 OC Camera\u2019s 25th Anniversary","datePublished":"2026-04-29T14:59:57+00:00","dateModified":"2026-04-29T14:59:59+00:00","mainEntityOfPage":{"@id":"https:\/\/tamron-americas.com\/2026-oc-cameras-25th-anniversary\/"},"wordCount":5,"publisher":{"@id":"https:\/\/tamron-americas.com\/#organization"},"articleSection":["Events"],"inLanguage":"es"},{"@type":"WebPage","@id":"https:\/\/tamron-americas.com\/2026-oc-cameras-25th-anniversary\/","url":"https:\/\/tamron-americas.com\/2026-oc-cameras-25th-anniversary\/","name":"OC Camera\u2019s 25th Anniversary | Tamron","isPartOf":{"@id":"https:\/\/tamron-americas.com\/#website"},"datePublished":"2026-04-29T14:59:57+00:00","dateModified":"2026-04-29T14:59:59+00:00","description":"Join us for a full day of excitement, starting with our Demo Day from 10:00 AM to 4:00 PM, where you\u2019ll have the chance to connect with top brand representatives and explore the latest gear.","breadcrumb":{"@id":"https:\/\/tamron-americas.com\/2026-oc-cameras-25th-anniversary\/#breadcrumb"},"inLanguage":"es","potentialAction":[{"@type":"ReadAction","target":["https:\/\/tamron-americas.com\/2026-oc-cameras-25th-anniversary\/"]}]},{"@type":"BreadcrumbList","@id":"https:\/\/tamron-americas.com\/2026-oc-cameras-25th-anniversary\/#breadcrumb","itemListElement":[{"@type":"ListItem","position":1,"name":"Home","item":"https:\/\/tamron-americas.com\/"},{"@type":"ListItem","position":2,"name":"2026 OC Camera\u2019s 25th Anniversary"}]},{"@type":"WebSite","@id":"https:\/\/tamron-americas.com\/#website","url":"https:\/\/tamron-americas.com\/","name":"Tamron Americas","description":"","publisher":{"@id":"https:\/\/tamron-americas.com\/#organization"},"potentialAction":[{"@type":"SearchAction","target":{"@type":"EntryPoint","urlTemplate":"https:\/\/tamron-americas.com\/?s={search_term_string}"},"query-input":{"@type":"PropertyValueSpecification","valueRequired":true,"valueName":"search_term_string"}}],"inLanguage":"es"},{"@type":"Organization","@id":"https:\/\/tamron-americas.com\/#organization","name":"Tamron USA","url":"https:\/\/tamron-americas.com\/","logo":{"@type":"ImageObject","inLanguage":"es","@id":"https:\/\/tamron-americas.com\/#\/schema\/logo\/image\/","url":"https:\/\/tamron-americas.com\/wp-content\/uploads\/2024\/07\/logo.svg","contentUrl":"https:\/\/tamron-americas.com\/wp-content\/uploads\/2024\/07\/logo.svg","width":190,"height":31,"caption":"Tamron USA"},"image":{"@id":"https:\/\/tamron-americas.com\/#\/schema\/logo\/image\/"}},{"@type":"Person","@id":"https:\/\/tamron-americas.com\/#\/schema\/person\/0c5a8453f7637345176beaf26a3b3670","name":"evans@tamron.com"}]}},"_links":{"self":[{"href":"https:\/\/tamron-americas.com\/es\/wp-json\/wp\/v2\/posts\/19473","targetHints":{"allow":["GET"]}}],"collection":[{"href":"https:\/\/tamron-americas.com\/es\/wp-json\/wp\/v2\/posts"}],"about":[{"href":"https:\/\/tamron-americas.com\/es\/wp-json\/wp\/v2\/types\/post"}],"author":[{"embeddable":true,"href":"https:\/\/tamron-americas.com\/es\/wp-json\/wp\/v2\/users\/7"}],"replies":[{"embeddable":true,"href":"https:\/\/tamron-americas.com\/es\/wp-json\/wp\/v2\/comments?post=19473"}],"version-history":[{"count":0,"href":"https:\/\/tamron-americas.com\/es\/wp-json\/wp\/v2\/posts\/19473\/revisions"}],"wp:attachment":[{"href":"https:\/\/tamron-americas.com\/es\/wp-json\/wp\/v2\/media?parent=19473"}],"wp:term":[{"taxonomy":"category","embeddable":true,"href":"https:\/\/tamron-americas.com\/es\/wp-json\/wp\/v2\/categories?post=19473"},{"taxonomy":"post_tag","embeddable":true,"href":"https:\/\/tamron-americas.com\/es\/wp-json\/wp\/v2\/tags?post=19473"}],"curies":[{"name":"wp","href":"https:\/\/api.w.org\/{rel}","templated":true}]}},{"id":19471,"date":"2026-04-29T10:39:03","date_gmt":"2026-04-29T14:39:03","guid":{"rendered":"https:\/\/tamron-americas.com\/?p=19471"},"modified":"2026-04-29T10:39:04","modified_gmt":"2026-04-29T14:39:04","slug":"exposicion-de-fotografia-y-video-de-colorado-springs-2026-en-mikes-camera","status":"publish","type":"post","link":"https:\/\/tamron-americas.com\/es\/2026-colorado-spring-photo-video-expo-at-mikes-camera\/","title":{"rendered":"Exposici\u00f3n de fotograf\u00eda y v\u00eddeo de primavera de 2026 en Colorado, en Mike\u2019s Camera"},"content":{"rendered":"","protected":false},"excerpt":{"rendered":"","protected":false},"author":7,"featured_media":0,"comment_status":"closed","ping_status":"open","sticky":false,"template":"","format":"standard","meta":{"_acf_changed":true,"site-sidebar-layout":"default","site-content-layout":"","ast-site-content-layout":"","site-content-style":"default","site-sidebar-style":"default","ast-global-header-display":"","ast-banner-title-visibility":"","ast-main-header-display":"","ast-hfb-above-header-display":"","ast-hfb-below-header-display":"","ast-hfb-mobile-header-display":"","site-post-title":"","ast-breadcrumbs-content":"","ast-featured-img":"","footer-sml-layout":"","ast-disable-related-posts":"","theme-transparent-header-meta":"","adv-header-id-meta":"","stick-header-meta":"","header-above-stick-meta":"","header-main-stick-meta":"","header-below-stick-meta":"","astra-migrate-meta-layouts":"default","ast-page-background-enabled":"default","ast-page-background-meta":{"desktop":{"background-color":"var(--ast-global-color-4)","background-image":"","background-repeat":"repeat","background-position":"center center","background-size":"auto","background-attachment":"scroll","background-type":"","background-media":"","overlay-type":"","overlay-color":"","overlay-opacity":"","overlay-gradient":""},"tablet":{"background-color":"","background-image":"","background-repeat":"repeat","background-position":"center center","background-size":"auto","background-attachment":"scroll","background-type":"","background-media":"","overlay-type":"","overlay-color":"","overlay-opacity":"","overlay-gradient":""},"mobile":{"background-color":"","background-image":"","background-repeat":"repeat","background-position":"center center","background-size":"auto","background-attachment":"scroll","background-type":"","background-media":"","overlay-type":"","overlay-color":"","overlay-opacity":"","overlay-gradient":""}},"ast-content-background-meta":{"desktop":{"background-color":"var(--ast-global-color-5)","background-image":"","background-repeat":"repeat","background-position":"center center","background-size":"auto","background-attachment":"scroll","background-type":"","background-media":"","overlay-type":"","overlay-color":"","overlay-opacity":"","overlay-gradient":""},"tablet":{"background-color":"var(--ast-global-color-5)","background-image":"","background-repeat":"repeat","background-position":"center center","background-size":"auto","background-attachment":"scroll","background-type":"","background-media":"","overlay-type":"","overlay-color":"","overlay-opacity":"","overlay-gradient":""},"mobile":{"background-color":"var(--ast-global-color-5)","background-image":"","background-repeat":"repeat","background-position":"center center","background-size":"auto","background-attachment":"scroll","background-type":"","background-media":"","overlay-type":"","overlay-color":"","overlay-opacity":"","overlay-gradient":""}},"footnotes":""},"categories":[81],"tags":[],"class_list":["post-19471","post","type-post","status-publish","format-standard","hentry","category-events"],"acf":[],"yoast_head":"<!-- This site is optimized with the Yoast SEO Premium plugin v27.4 (Yoast SEO v27.4) - https:\/\/yoast.com\/product\/yoast-seo-premium-wordpress\/ -->\n<title>COLORADO Spring Photo &amp; Video Expo at Mike&#039;s Camera<\/title>\n<meta name=\"description\" content=\"Join us for the main event at Mike&#039;s Camera in Boulder from Friday May 1st through Sunday May 3rd!\" \/>\n<meta name=\"robots\" content=\"index, follow, max-snippet:-1, max-image-preview:large, max-video-preview:-1\" \/>\n<link rel=\"canonical\" href=\"https:\/\/tamron-americas.com\/es\/exposicion-de-fotografia-y-video-de-colorado-springs-2026-en-mikes-camera\/\" \/>\n<meta property=\"og:locale\" content=\"es_MX\" \/>\n<meta property=\"og:type\" content=\"article\" \/>\n<meta property=\"og:title\" content=\"2026 COLORADO Spring Photo &amp; Video Expo at Mike&#039;s Camera\" \/>\n<meta property=\"og:description\" content=\"Join us for the main event at Mike&#039;s Camera in Boulder from Friday May 1st through Sunday May 3rd!\" \/>\n<meta property=\"og:url\" content=\"https:\/\/tamron-americas.com\/es\/exposicion-de-fotografia-y-video-de-colorado-springs-2026-en-mikes-camera\/\" \/>\n<meta property=\"og:site_name\" content=\"Tamron Americas\" \/>\n<meta property=\"article:published_time\" content=\"2026-04-29T14:39:03+00:00\" \/>\n<meta property=\"article:modified_time\" content=\"2026-04-29T14:39:04+00:00\" \/>\n<meta name=\"author\" content=\"evans@tamron.com\" \/>\n<meta name=\"twitter:card\" content=\"summary_large_image\" \/>\n<meta name=\"twitter:label1\" content=\"Escrito por\" \/>\n\t<meta name=\"twitter:data1\" content=\"evans@tamron.com\" \/>\n<script type=\"application\/ld+json\" class=\"yoast-schema-graph\">{\"@context\":\"https:\\\/\\\/schema.org\",\"@graph\":[{\"@type\":\"Article\",\"@id\":\"https:\\\/\\\/tamron-americas.com\\\/2026-colorado-spring-photo-video-expo-at-mikes-camera\\\/#article\",\"isPartOf\":{\"@id\":\"https:\\\/\\\/tamron-americas.com\\\/2026-colorado-spring-photo-video-expo-at-mikes-camera\\\/\"},\"author\":{\"name\":\"evans@tamron.com\",\"@id\":\"https:\\\/\\\/tamron-americas.com\\\/#\\\/schema\\\/person\\\/0c5a8453f7637345176beaf26a3b3670\"},\"headline\":\"2026 COLORADO Spring Photo &amp; Video Expo at Mike&#8217;s Camera\",\"datePublished\":\"2026-04-29T14:39:03+00:00\",\"dateModified\":\"2026-04-29T14:39:04+00:00\",\"mainEntityOfPage\":{\"@id\":\"https:\\\/\\\/tamron-americas.com\\\/2026-colorado-spring-photo-video-expo-at-mikes-camera\\\/\"},\"wordCount\":10,\"publisher\":{\"@id\":\"https:\\\/\\\/tamron-americas.com\\\/#organization\"},\"articleSection\":[\"Events\"],\"inLanguage\":\"es\"},{\"@type\":\"WebPage\",\"@id\":\"https:\\\/\\\/tamron-americas.com\\\/2026-colorado-spring-photo-video-expo-at-mikes-camera\\\/\",\"url\":\"https:\\\/\\\/tamron-americas.com\\\/2026-colorado-spring-photo-video-expo-at-mikes-camera\\\/\",\"name\":\"COLORADO Spring Photo & Video Expo at Mike's Camera\",\"isPartOf\":{\"@id\":\"https:\\\/\\\/tamron-americas.com\\\/#website\"},\"datePublished\":\"2026-04-29T14:39:03+00:00\",\"dateModified\":\"2026-04-29T14:39:04+00:00\",\"description\":\"Join us for the main event at Mike's Camera in Boulder from Friday May 1st through Sunday May 3rd!\",\"breadcrumb\":{\"@id\":\"https:\\\/\\\/tamron-americas.com\\\/2026-colorado-spring-photo-video-expo-at-mikes-camera\\\/#breadcrumb\"},\"inLanguage\":\"es\",\"potentialAction\":[{\"@type\":\"ReadAction\",\"target\":[\"https:\\\/\\\/tamron-americas.com\\\/2026-colorado-spring-photo-video-expo-at-mikes-camera\\\/\"]}]},{\"@type\":\"BreadcrumbList\",\"@id\":\"https:\\\/\\\/tamron-americas.com\\\/2026-colorado-spring-photo-video-expo-at-mikes-camera\\\/#breadcrumb\",\"itemListElement\":[{\"@type\":\"ListItem\",\"position\":1,\"name\":\"Home\",\"item\":\"https:\\\/\\\/tamron-americas.com\\\/\"},{\"@type\":\"ListItem\",\"position\":2,\"name\":\"2026 COLORADO Spring Photo &amp; Video Expo at Mike&#8217;s Camera\"}]},{\"@type\":\"WebSite\",\"@id\":\"https:\\\/\\\/tamron-americas.com\\\/#website\",\"url\":\"https:\\\/\\\/tamron-americas.com\\\/\",\"name\":\"Tamron Americas\",\"description\":\"\",\"publisher\":{\"@id\":\"https:\\\/\\\/tamron-americas.com\\\/#organization\"},\"potentialAction\":[{\"@type\":\"SearchAction\",\"target\":{\"@type\":\"EntryPoint\",\"urlTemplate\":\"https:\\\/\\\/tamron-americas.com\\\/?s={search_term_string}\"},\"query-input\":{\"@type\":\"PropertyValueSpecification\",\"valueRequired\":true,\"valueName\":\"search_term_string\"}}],\"inLanguage\":\"es\"},{\"@type\":\"Organization\",\"@id\":\"https:\\\/\\\/tamron-americas.com\\\/#organization\",\"name\":\"Tamron USA\",\"url\":\"https:\\\/\\\/tamron-americas.com\\\/\",\"logo\":{\"@type\":\"ImageObject\",\"inLanguage\":\"es\",\"@id\":\"https:\\\/\\\/tamron-americas.com\\\/#\\\/schema\\\/logo\\\/image\\\/\",\"url\":\"https:\\\/\\\/tamron-americas.com\\\/wp-content\\\/uploads\\\/2024\\\/07\\\/logo.svg\",\"contentUrl\":\"https:\\\/\\\/tamron-americas.com\\\/wp-content\\\/uploads\\\/2024\\\/07\\\/logo.svg\",\"width\":190,\"height\":31,\"caption\":\"Tamron USA\"},\"image\":{\"@id\":\"https:\\\/\\\/tamron-americas.com\\\/#\\\/schema\\\/logo\\\/image\\\/\"}},{\"@type\":\"Person\",\"@id\":\"https:\\\/\\\/tamron-americas.com\\\/#\\\/schema\\\/person\\\/0c5a8453f7637345176beaf26a3b3670\",\"name\":\"evans@tamron.com\"}]}<\/script>\n<!-- \/ Yoast SEO Premium plugin. -->","yoast_head_json":{"title":"Exposici\u00f3n de primavera de fotograf\u00eda y v\u00eddeo de COLORADO en Mike's Camera","description":"\u00a1Acomp\u00e1\u00f1anos en el evento principal en Mike's Camera, en Boulder, del viernes 1 de mayo al domingo 3 de mayo!","robots":{"index":"index","follow":"follow","max-snippet":"max-snippet:-1","max-image-preview":"max-image-preview:large","max-video-preview":"max-video-preview:-1"},"canonical":"https:\/\/tamron-americas.com\/es\/exposicion-de-fotografia-y-video-de-colorado-springs-2026-en-mikes-camera\/","og_locale":"es_MX","og_type":"article","og_title":"2026 COLORADO Spring Photo &amp; Video Expo at Mike's Camera","og_description":"Join us for the main event at Mike's Camera in Boulder from Friday May 1st through Sunday May 3rd!","og_url":"https:\/\/tamron-americas.com\/es\/exposicion-de-fotografia-y-video-de-colorado-springs-2026-en-mikes-camera\/","og_site_name":"Tamron Americas","article_published_time":"2026-04-29T14:39:03+00:00","article_modified_time":"2026-04-29T14:39:04+00:00","author":"evans@tamron.com","twitter_card":"summary_large_image","twitter_misc":{"Escrito por":"evans@tamron.com"},"schema":{"@context":"https:\/\/schema.org","@graph":[{"@type":"Article","@id":"https:\/\/tamron-americas.com\/2026-colorado-spring-photo-video-expo-at-mikes-camera\/#article","isPartOf":{"@id":"https:\/\/tamron-americas.com\/2026-colorado-spring-photo-video-expo-at-mikes-camera\/"},"author":{"name":"evans@tamron.com","@id":"https:\/\/tamron-americas.com\/#\/schema\/person\/0c5a8453f7637345176beaf26a3b3670"},"headline":"2026 COLORADO Spring Photo &amp; Video Expo at Mike&#8217;s Camera","datePublished":"2026-04-29T14:39:03+00:00","dateModified":"2026-04-29T14:39:04+00:00","mainEntityOfPage":{"@id":"https:\/\/tamron-americas.com\/2026-colorado-spring-photo-video-expo-at-mikes-camera\/"},"wordCount":10,"publisher":{"@id":"https:\/\/tamron-americas.com\/#organization"},"articleSection":["Events"],"inLanguage":"es"},{"@type":"WebPage","@id":"https:\/\/tamron-americas.com\/2026-colorado-spring-photo-video-expo-at-mikes-camera\/","url":"https:\/\/tamron-americas.com\/2026-colorado-spring-photo-video-expo-at-mikes-camera\/","name":"COLORADO Spring Photo & Video Expo at Mike's Camera","isPartOf":{"@id":"https:\/\/tamron-americas.com\/#website"},"datePublished":"2026-04-29T14:39:03+00:00","dateModified":"2026-04-29T14:39:04+00:00","description":"Join us for the main event at Mike's Camera in Boulder from Friday May 1st through Sunday May 3rd!","breadcrumb":{"@id":"https:\/\/tamron-americas.com\/2026-colorado-spring-photo-video-expo-at-mikes-camera\/#breadcrumb"},"inLanguage":"es","potentialAction":[{"@type":"ReadAction","target":["https:\/\/tamron-americas.com\/2026-colorado-spring-photo-video-expo-at-mikes-camera\/"]}]},{"@type":"BreadcrumbList","@id":"https:\/\/tamron-americas.com\/2026-colorado-spring-photo-video-expo-at-mikes-camera\/#breadcrumb","itemListElement":[{"@type":"ListItem","position":1,"name":"Home","item":"https:\/\/tamron-americas.com\/"},{"@type":"ListItem","position":2,"name":"2026 COLORADO Spring Photo &amp; Video Expo at Mike&#8217;s Camera"}]},{"@type":"WebSite","@id":"https:\/\/tamron-americas.com\/#website","url":"https:\/\/tamron-americas.com\/","name":"Tamron Americas","description":"","publisher":{"@id":"https:\/\/tamron-americas.com\/#organization"},"potentialAction":[{"@type":"SearchAction","target":{"@type":"EntryPoint","urlTemplate":"https:\/\/tamron-americas.com\/?s={search_term_string}"},"query-input":{"@type":"PropertyValueSpecification","valueRequired":true,"valueName":"search_term_string"}}],"inLanguage":"es"},{"@type":"Organization","@id":"https:\/\/tamron-americas.com\/#organization","name":"Tamron USA","url":"https:\/\/tamron-americas.com\/","logo":{"@type":"ImageObject","inLanguage":"es","@id":"https:\/\/tamron-americas.com\/#\/schema\/logo\/image\/","url":"https:\/\/tamron-americas.com\/wp-content\/uploads\/2024\/07\/logo.svg","contentUrl":"https:\/\/tamron-americas.com\/wp-content\/uploads\/2024\/07\/logo.svg","width":190,"height":31,"caption":"Tamron USA"},"image":{"@id":"https:\/\/tamron-americas.com\/#\/schema\/logo\/image\/"}},{"@type":"Person","@id":"https:\/\/tamron-americas.com\/#\/schema\/person\/0c5a8453f7637345176beaf26a3b3670","name":"evans@tamron.com"}]}},"_links":{"self":[{"href":"https:\/\/tamron-americas.com\/es\/wp-json\/wp\/v2\/posts\/19471","targetHints":{"allow":["GET"]}}],"collection":[{"href":"https:\/\/tamron-americas.com\/es\/wp-json\/wp\/v2\/posts"}],"about":[{"href":"https:\/\/tamron-americas.com\/es\/wp-json\/wp\/v2\/types\/post"}],"author":[{"embeddable":true,"href":"https:\/\/tamron-americas.com\/es\/wp-json\/wp\/v2\/users\/7"}],"replies":[{"embeddable":true,"href":"https:\/\/tamron-americas.com\/es\/wp-json\/wp\/v2\/comments?post=19471"}],"version-history":[{"count":0,"href":"https:\/\/tamron-americas.com\/es\/wp-json\/wp\/v2\/posts\/19471\/revisions"}],"wp:attachment":[{"href":"https:\/\/tamron-americas.com\/es\/wp-json\/wp\/v2\/media?parent=19471"}],"wp:term":[{"taxonomy":"category","embeddable":true,"href":"https:\/\/tamron-americas.com\/es\/wp-json\/wp\/v2\/categories?post=19471"},{"taxonomy":"post_tag","embeddable":true,"href":"https:\/\/tamron-americas.com\/es\/wp-json\/wp\/v2\/tags?post=19471"}],"curies":[{"name":"wp","href":"https:\/\/api.w.org\/{rel}","templated":true}]}},{"id":19383,"date":"2026-04-20T11:39:51","date_gmt":"2026-04-20T15:39:51","guid":{"rendered":"https:\/\/tamron-americas.com\/?p=19383"},"modified":"2026-04-20T11:39:52","modified_gmt":"2026-04-20T15:39:52","slug":"feria-de-camaras-de-primavera-de-2026-con-cardinal-camera","status":"publish","type":"post","link":"https:\/\/tamron-americas.com\/es\/2026-spring-camera-fair-with-cardinal-camera\/","title":{"rendered":"Feria de c\u00e1maras de primavera de 2026 con Cardinal Camera"},"content":{"rendered":"","protected":false},"excerpt":{"rendered":"","protected":false},"author":7,"featured_media":0,"comment_status":"closed","ping_status":"open","sticky":false,"template":"","format":"standard","meta":{"_acf_changed":true,"site-sidebar-layout":"default","site-content-layout":"","ast-site-content-layout":"","site-content-style":"default","site-sidebar-style":"default","ast-global-header-display":"","ast-banner-title-visibility":"","ast-main-header-display":"","ast-hfb-above-header-display":"","ast-hfb-below-header-display":"","ast-hfb-mobile-header-display":"","site-post-title":"","ast-breadcrumbs-content":"","ast-featured-img":"","footer-sml-layout":"","ast-disable-related-posts":"","theme-transparent-header-meta":"","adv-header-id-meta":"","stick-header-meta":"","header-above-stick-meta":"","header-main-stick-meta":"","header-below-stick-meta":"","astra-migrate-meta-layouts":"default","ast-page-background-enabled":"default","ast-page-background-meta":{"desktop":{"background-color":"var(--ast-global-color-4)","background-image":"","background-repeat":"repeat","background-position":"center center","background-size":"auto","background-attachment":"scroll","background-type":"","background-media":"","overlay-type":"","overlay-color":"","overlay-opacity":"","overlay-gradient":""},"tablet":{"background-color":"","background-image":"","background-repeat":"repeat","background-position":"center center","background-size":"auto","background-attachment":"scroll","background-type":"","background-media":"","overlay-type":"","overlay-color":"","overlay-opacity":"","overlay-gradient":""},"mobile":{"background-color":"","background-image":"","background-repeat":"repeat","background-position":"center center","background-size":"auto","background-attachment":"scroll","background-type":"","background-media":"","overlay-type":"","overlay-color":"","overlay-opacity":"","overlay-gradient":""}},"ast-content-background-meta":{"desktop":{"background-color":"var(--ast-global-color-5)","background-image":"","background-repeat":"repeat","background-position":"center center","background-size":"auto","background-attachment":"scroll","background-type":"","background-media":"","overlay-type":"","overlay-color":"","overlay-opacity":"","overlay-gradient":""},"tablet":{"background-color":"var(--ast-global-color-5)","background-image":"","background-repeat":"repeat","background-position":"center center","background-size":"auto","background-attachment":"scroll","background-type":"","background-media":"","overlay-type":"","overlay-color":"","overlay-opacity":"","overlay-gradient":""},"mobile":{"background-color":"var(--ast-global-color-5)","background-image":"","background-repeat":"repeat","background-position":"center center","background-size":"auto","background-attachment":"scroll","background-type":"","background-media":"","overlay-type":"","overlay-color":"","overlay-opacity":"","overlay-gradient":""}},"footnotes":""},"categories":[81],"tags":[],"class_list":["post-19383","post","type-post","status-publish","format-standard","hentry","category-events"],"acf":[],"yoast_head":"<!-- This site is optimized with the Yoast SEO Premium plugin v27.4 (Yoast SEO v27.4) - https:\/\/yoast.com\/product\/yoast-seo-premium-wordpress\/ -->\n<title>Spring Camera Fair with Cardinal Camera | Tamron<\/title>\n<meta name=\"description\" content=\"Meet and learn from manufacturer representatives as they host hands-on demos of the latest cameras, lenses and accessories.\" \/>\n<meta name=\"robots\" content=\"index, follow, max-snippet:-1, max-image-preview:large, max-video-preview:-1\" \/>\n<link rel=\"canonical\" href=\"https:\/\/tamron-americas.com\/es\/feria-de-camaras-de-primavera-de-2026-con-cardinal-camera\/\" \/>\n<meta property=\"og:locale\" content=\"es_MX\" \/>\n<meta property=\"og:type\" content=\"article\" \/>\n<meta property=\"og:title\" content=\"2026 Spring Camera Fair with Cardinal Camera\" \/>\n<meta property=\"og:description\" content=\"Meet and learn from manufacturer representatives as they host hands-on demos of the latest cameras, lenses and accessories.\" \/>\n<meta property=\"og:url\" content=\"https:\/\/tamron-americas.com\/es\/feria-de-camaras-de-primavera-de-2026-con-cardinal-camera\/\" \/>\n<meta property=\"og:site_name\" content=\"Tamron Americas\" \/>\n<meta property=\"article:published_time\" content=\"2026-04-20T15:39:51+00:00\" \/>\n<meta property=\"article:modified_time\" content=\"2026-04-20T15:39:52+00:00\" \/>\n<meta name=\"author\" content=\"evans@tamron.com\" \/>\n<meta name=\"twitter:card\" content=\"summary_large_image\" \/>\n<meta name=\"twitter:label1\" content=\"Escrito por\" \/>\n\t<meta name=\"twitter:data1\" content=\"evans@tamron.com\" \/>\n<script type=\"application\/ld+json\" class=\"yoast-schema-graph\">{\"@context\":\"https:\\\/\\\/schema.org\",\"@graph\":[{\"@type\":\"Article\",\"@id\":\"https:\\\/\\\/tamron-americas.com\\\/2026-spring-camera-fair-with-cardinal-camera\\\/#article\",\"isPartOf\":{\"@id\":\"https:\\\/\\\/tamron-americas.com\\\/2026-spring-camera-fair-with-cardinal-camera\\\/\"},\"author\":{\"name\":\"evans@tamron.com\",\"@id\":\"https:\\\/\\\/tamron-americas.com\\\/#\\\/schema\\\/person\\\/0c5a8453f7637345176beaf26a3b3670\"},\"headline\":\"2026 Spring Camera Fair with Cardinal Camera\",\"datePublished\":\"2026-04-20T15:39:51+00:00\",\"dateModified\":\"2026-04-20T15:39:52+00:00\",\"mainEntityOfPage\":{\"@id\":\"https:\\\/\\\/tamron-americas.com\\\/2026-spring-camera-fair-with-cardinal-camera\\\/\"},\"wordCount\":6,\"publisher\":{\"@id\":\"https:\\\/\\\/tamron-americas.com\\\/#organization\"},\"articleSection\":[\"Events\"],\"inLanguage\":\"es\"},{\"@type\":\"WebPage\",\"@id\":\"https:\\\/\\\/tamron-americas.com\\\/2026-spring-camera-fair-with-cardinal-camera\\\/\",\"url\":\"https:\\\/\\\/tamron-americas.com\\\/2026-spring-camera-fair-with-cardinal-camera\\\/\",\"name\":\"Spring Camera Fair with Cardinal Camera | Tamron\",\"isPartOf\":{\"@id\":\"https:\\\/\\\/tamron-americas.com\\\/#website\"},\"datePublished\":\"2026-04-20T15:39:51+00:00\",\"dateModified\":\"2026-04-20T15:39:52+00:00\",\"description\":\"Meet and learn from manufacturer representatives as they host hands-on demos of the latest cameras, lenses and accessories.\",\"breadcrumb\":{\"@id\":\"https:\\\/\\\/tamron-americas.com\\\/2026-spring-camera-fair-with-cardinal-camera\\\/#breadcrumb\"},\"inLanguage\":\"es\",\"potentialAction\":[{\"@type\":\"ReadAction\",\"target\":[\"https:\\\/\\\/tamron-americas.com\\\/2026-spring-camera-fair-with-cardinal-camera\\\/\"]}]},{\"@type\":\"BreadcrumbList\",\"@id\":\"https:\\\/\\\/tamron-americas.com\\\/2026-spring-camera-fair-with-cardinal-camera\\\/#breadcrumb\",\"itemListElement\":[{\"@type\":\"ListItem\",\"position\":1,\"name\":\"Home\",\"item\":\"https:\\\/\\\/tamron-americas.com\\\/\"},{\"@type\":\"ListItem\",\"position\":2,\"name\":\"2026 Spring Camera Fair with Cardinal Camera\"}]},{\"@type\":\"WebSite\",\"@id\":\"https:\\\/\\\/tamron-americas.com\\\/#website\",\"url\":\"https:\\\/\\\/tamron-americas.com\\\/\",\"name\":\"Tamron Americas\",\"description\":\"\",\"publisher\":{\"@id\":\"https:\\\/\\\/tamron-americas.com\\\/#organization\"},\"potentialAction\":[{\"@type\":\"SearchAction\",\"target\":{\"@type\":\"EntryPoint\",\"urlTemplate\":\"https:\\\/\\\/tamron-americas.com\\\/?s={search_term_string}\"},\"query-input\":{\"@type\":\"PropertyValueSpecification\",\"valueRequired\":true,\"valueName\":\"search_term_string\"}}],\"inLanguage\":\"es\"},{\"@type\":\"Organization\",\"@id\":\"https:\\\/\\\/tamron-americas.com\\\/#organization\",\"name\":\"Tamron USA\",\"url\":\"https:\\\/\\\/tamron-americas.com\\\/\",\"logo\":{\"@type\":\"ImageObject\",\"inLanguage\":\"es\",\"@id\":\"https:\\\/\\\/tamron-americas.com\\\/#\\\/schema\\\/logo\\\/image\\\/\",\"url\":\"https:\\\/\\\/tamron-americas.com\\\/wp-content\\\/uploads\\\/2024\\\/07\\\/logo.svg\",\"contentUrl\":\"https:\\\/\\\/tamron-americas.com\\\/wp-content\\\/uploads\\\/2024\\\/07\\\/logo.svg\",\"width\":190,\"height\":31,\"caption\":\"Tamron USA\"},\"image\":{\"@id\":\"https:\\\/\\\/tamron-americas.com\\\/#\\\/schema\\\/logo\\\/image\\\/\"}},{\"@type\":\"Person\",\"@id\":\"https:\\\/\\\/tamron-americas.com\\\/#\\\/schema\\\/person\\\/0c5a8453f7637345176beaf26a3b3670\",\"name\":\"evans@tamron.com\"}]}<\/script>\n<!-- \/ Yoast SEO Premium plugin. -->","yoast_head_json":{"title":"Feria de fotograf\u00eda de primavera con Cardinal Camera | Tamron","description":"Conozca a los representantes de los fabricantes y aprenda de ellos mientras realizan demostraciones pr\u00e1cticas de las \u00faltimas c\u00e1maras, lentes y accesorios.","robots":{"index":"index","follow":"follow","max-snippet":"max-snippet:-1","max-image-preview":"max-image-preview:large","max-video-preview":"max-video-preview:-1"},"canonical":"https:\/\/tamron-americas.com\/es\/feria-de-camaras-de-primavera-de-2026-con-cardinal-camera\/","og_locale":"es_MX","og_type":"article","og_title":"2026 Spring Camera Fair with Cardinal Camera","og_description":"Meet and learn from manufacturer representatives as they host hands-on demos of the latest cameras, lenses and accessories.","og_url":"https:\/\/tamron-americas.com\/es\/feria-de-camaras-de-primavera-de-2026-con-cardinal-camera\/","og_site_name":"Tamron Americas","article_published_time":"2026-04-20T15:39:51+00:00","article_modified_time":"2026-04-20T15:39:52+00:00","author":"evans@tamron.com","twitter_card":"summary_large_image","twitter_misc":{"Escrito por":"evans@tamron.com"},"schema":{"@context":"https:\/\/schema.org","@graph":[{"@type":"Article","@id":"https:\/\/tamron-americas.com\/2026-spring-camera-fair-with-cardinal-camera\/#article","isPartOf":{"@id":"https:\/\/tamron-americas.com\/2026-spring-camera-fair-with-cardinal-camera\/"},"author":{"name":"evans@tamron.com","@id":"https:\/\/tamron-americas.com\/#\/schema\/person\/0c5a8453f7637345176beaf26a3b3670"},"headline":"2026 Spring Camera Fair with Cardinal Camera","datePublished":"2026-04-20T15:39:51+00:00","dateModified":"2026-04-20T15:39:52+00:00","mainEntityOfPage":{"@id":"https:\/\/tamron-americas.com\/2026-spring-camera-fair-with-cardinal-camera\/"},"wordCount":6,"publisher":{"@id":"https:\/\/tamron-americas.com\/#organization"},"articleSection":["Events"],"inLanguage":"es"},{"@type":"WebPage","@id":"https:\/\/tamron-americas.com\/2026-spring-camera-fair-with-cardinal-camera\/","url":"https:\/\/tamron-americas.com\/2026-spring-camera-fair-with-cardinal-camera\/","name":"Spring Camera Fair with Cardinal Camera | Tamron","isPartOf":{"@id":"https:\/\/tamron-americas.com\/#website"},"datePublished":"2026-04-20T15:39:51+00:00","dateModified":"2026-04-20T15:39:52+00:00","description":"Meet and learn from manufacturer representatives as they host hands-on demos of the latest cameras, lenses and accessories.","breadcrumb":{"@id":"https:\/\/tamron-americas.com\/2026-spring-camera-fair-with-cardinal-camera\/#breadcrumb"},"inLanguage":"es","potentialAction":[{"@type":"ReadAction","target":["https:\/\/tamron-americas.com\/2026-spring-camera-fair-with-cardinal-camera\/"]}]},{"@type":"BreadcrumbList","@id":"https:\/\/tamron-americas.com\/2026-spring-camera-fair-with-cardinal-camera\/#breadcrumb","itemListElement":[{"@type":"ListItem","position":1,"name":"Home","item":"https:\/\/tamron-americas.com\/"},{"@type":"ListItem","position":2,"name":"2026 Spring Camera Fair with Cardinal Camera"}]},{"@type":"WebSite","@id":"https:\/\/tamron-americas.com\/#website","url":"https:\/\/tamron-americas.com\/","name":"Tamron Americas","description":"","publisher":{"@id":"https:\/\/tamron-americas.com\/#organization"},"potentialAction":[{"@type":"SearchAction","target":{"@type":"EntryPoint","urlTemplate":"https:\/\/tamron-americas.com\/?s={search_term_string}"},"query-input":{"@type":"PropertyValueSpecification","valueRequired":true,"valueName":"search_term_string"}}],"inLanguage":"es"},{"@type":"Organization","@id":"https:\/\/tamron-americas.com\/#organization","name":"Tamron USA","url":"https:\/\/tamron-americas.com\/","logo":{"@type":"ImageObject","inLanguage":"es","@id":"https:\/\/tamron-americas.com\/#\/schema\/logo\/image\/","url":"https:\/\/tamron-americas.com\/wp-content\/uploads\/2024\/07\/logo.svg","contentUrl":"https:\/\/tamron-americas.com\/wp-content\/uploads\/2024\/07\/logo.svg","width":190,"height":31,"caption":"Tamron USA"},"image":{"@id":"https:\/\/tamron-americas.com\/#\/schema\/logo\/image\/"}},{"@type":"Person","@id":"https:\/\/tamron-americas.com\/#\/schema\/person\/0c5a8453f7637345176beaf26a3b3670","name":"evans@tamron.com"}]}},"_links":{"self":[{"href":"https:\/\/tamron-americas.com\/es\/wp-json\/wp\/v2\/posts\/19383","targetHints":{"allow":["GET"]}}],"collection":[{"href":"https:\/\/tamron-americas.com\/es\/wp-json\/wp\/v2\/posts"}],"about":[{"href":"https:\/\/tamron-americas.com\/es\/wp-json\/wp\/v2\/types\/post"}],"author":[{"embeddable":true,"href":"https:\/\/tamron-americas.com\/es\/wp-json\/wp\/v2\/users\/7"}],"replies":[{"embeddable":true,"href":"https:\/\/tamron-americas.com\/es\/wp-json\/wp\/v2\/comments?post=19383"}],"version-history":[{"count":0,"href":"https:\/\/tamron-americas.com\/es\/wp-json\/wp\/v2\/posts\/19383\/revisions"}],"wp:attachment":[{"href":"https:\/\/tamron-americas.com\/es\/wp-json\/wp\/v2\/media?parent=19383"}],"wp:term":[{"taxonomy":"category","embeddable":true,"href":"https:\/\/tamron-americas.com\/es\/wp-json\/wp\/v2\/categories?post=19383"},{"taxonomy":"post_tag","embeddable":true,"href":"https:\/\/tamron-americas.com\/es\/wp-json\/wp\/v2\/tags?post=19383"}],"curies":[{"name":"wp","href":"https:\/\/api.w.org\/{rel}","templated":true}]}},{"id":19324,"date":"2026-04-17T02:01:00","date_gmt":"2026-04-17T06:01:00","guid":{"rendered":"https:\/\/tamron-americas.com\/?p=19324"},"modified":"2026-04-16T09:56:41","modified_gmt":"2026-04-16T13:56:41","slug":"premios-tipa-2026-para-los-objetivos-tamron","status":"publish","type":"post","link":"https:\/\/tamron-americas.com\/es\/tamron-lenses-tipa-awards-2026\/","title":{"rendered":"Los objetivos TAMRON han sido galardonados con dos prestigiosos premios TIPA en 2026"},"content":{"rendered":"<div data-elementor-type=\"wp-post\" data-elementor-id=\"19324\" class=\"elementor elementor-19324\" data-elementor-settings=\"{&quot;element_pack_global_tooltip_width&quot;:{&quot;unit&quot;:&quot;px&quot;,&quot;size&quot;:&quot;&quot;,&quot;sizes&quot;:[]},&quot;element_pack_global_tooltip_width_tablet_extra&quot;:{&quot;unit&quot;:&quot;px&quot;,&quot;size&quot;:&quot;&quot;,&quot;sizes&quot;:[]},&quot;element_pack_global_tooltip_width_tablet&quot;:{&quot;unit&quot;:&quot;px&quot;,&quot;size&quot;:&quot;&quot;,&quot;sizes&quot;:[]},&quot;element_pack_global_tooltip_width_mobile_extra&quot;:{&quot;unit&quot;:&quot;px&quot;,&quot;size&quot;:&quot;&quot;,&quot;sizes&quot;:[]},&quot;element_pack_global_tooltip_width_mobile&quot;:{&quot;unit&quot;:&quot;px&quot;,&quot;size&quot;:&quot;&quot;,&quot;sizes&quot;:[]},&quot;element_pack_global_tooltip_padding&quot;:{&quot;unit&quot;:&quot;px&quot;,&quot;top&quot;:&quot;&quot;,&quot;right&quot;:&quot;&quot;,&quot;bottom&quot;:&quot;&quot;,&quot;left&quot;:&quot;&quot;,&quot;isLinked&quot;:true},&quot;element_pack_global_tooltip_padding_tablet_extra&quot;:{&quot;unit&quot;:&quot;px&quot;,&quot;top&quot;:&quot;&quot;,&quot;right&quot;:&quot;&quot;,&quot;bottom&quot;:&quot;&quot;,&quot;left&quot;:&quot;&quot;,&quot;isLinked&quot;:true},&quot;element_pack_global_tooltip_padding_tablet&quot;:{&quot;unit&quot;:&quot;px&quot;,&quot;top&quot;:&quot;&quot;,&quot;right&quot;:&quot;&quot;,&quot;bottom&quot;:&quot;&quot;,&quot;left&quot;:&quot;&quot;,&quot;isLinked&quot;:true},&quot;element_pack_global_tooltip_padding_mobile_extra&quot;:{&quot;unit&quot;:&quot;px&quot;,&quot;top&quot;:&quot;&quot;,&quot;right&quot;:&quot;&quot;,&quot;bottom&quot;:&quot;&quot;,&quot;left&quot;:&quot;&quot;,&quot;isLinked&quot;:true},&quot;element_pack_global_tooltip_padding_mobile&quot;:{&quot;unit&quot;:&quot;px&quot;,&quot;top&quot;:&quot;&quot;,&quot;right&quot;:&quot;&quot;,&quot;bottom&quot;:&quot;&quot;,&quot;left&quot;:&quot;&quot;,&quot;isLinked&quot;:true},&quot;element_pack_global_tooltip_border_radius&quot;:{&quot;unit&quot;:&quot;px&quot;,&quot;top&quot;:&quot;&quot;,&quot;right&quot;:&quot;&quot;,&quot;bottom&quot;:&quot;&quot;,&quot;left&quot;:&quot;&quot;,&quot;isLinked&quot;:true},&quot;element_pack_global_tooltip_border_radius_tablet_extra&quot;:{&quot;unit&quot;:&quot;px&quot;,&quot;top&quot;:&quot;&quot;,&quot;right&quot;:&quot;&quot;,&quot;bottom&quot;:&quot;&quot;,&quot;left&quot;:&quot;&quot;,&quot;isLinked&quot;:true},&quot;element_pack_global_tooltip_border_radius_tablet&quot;:{&quot;unit&quot;:&quot;px&quot;,&quot;top&quot;:&quot;&quot;,&quot;right&quot;:&quot;&quot;,&quot;bottom&quot;:&quot;&quot;,&quot;left&quot;:&quot;&quot;,&quot;isLinked&quot;:true},&quot;element_pack_global_tooltip_border_radius_mobile_extra&quot;:{&quot;unit&quot;:&quot;px&quot;,&quot;top&quot;:&quot;&quot;,&quot;right&quot;:&quot;&quot;,&quot;bottom&quot;:&quot;&quot;,&quot;left&quot;:&quot;&quot;,&quot;isLinked&quot;:true},&quot;element_pack_global_tooltip_border_radius_mobile&quot;:{&quot;unit&quot;:&quot;px&quot;,&quot;top&quot;:&quot;&quot;,&quot;right&quot;:&quot;&quot;,&quot;bottom&quot;:&quot;&quot;,&quot;left&quot;:&quot;&quot;,&quot;isLinked&quot;:true}}\" data-elementor-post-type=\"post\">\n\t\t\t\t<div class=\"elementor-element elementor-element-5c48f848 e-flex e-con-boxed e-con e-parent\" data-id=\"5c48f848\" data-element_type=\"container\" data-e-type=\"container\">\n\t\t\t\t\t<div class=\"e-con-inner\">\n\t\t\t\t<div class=\"elementor-element elementor-element-77cd9ae6 elementor-widget elementor-widget-text-editor\" data-id=\"77cd9ae6\" data-element_type=\"widget\" data-e-type=\"widget\" data-widget_type=\"text-editor.default\">\n\t\t\t\t<div class=\"elementor-widget-container\">\n\t\t\t\t\t\t\t\t\t<div class=\"cont\"><ol><li>\u00a0<\/li><li id=\"english\"><h2><strong>16-30 mm F\/2,8 <span class=\"no-break\">Di III<\/span> VXD G2 y 35-100 mm F\/2,8 <span class=\"no-break\">Di III<\/span> VXD <\/strong><strong>recibir premios en sus respectivas categor\u00edas<\/strong><\/h2><p>\u00a0<\/p><\/li><\/ol><div class=\"text\"><p><em>17 de abril de 2026, Commack, Nueva York \u2013<\/em><a href=\"https:\/\/tamron-americas.com\/es\/\">TAMRON Am\u00e9ricas<\/a><em>, <\/em>un proveedor l\u00edder de objetivos de alta calidad, anuncia que la Asociaci\u00f3n T\u00e9cnica de Prensa Fotogr\u00e1fica (TIPA) ha otorgado su Premio TIPA 2026 a dos objetivos: el 16-30 mm F\/2.8 <span class=\"no-break\">Di III<\/span> VXD G2 (Modelo A064) en la categor\u00eda \u201cMEJOR OBJETIVO ZOOM GRAN ANGULAR DE FORMATO COMPLETO\u201d y 35-100 mm F\/2,8 <span class=\"no-break\">Di III<\/span> VXD (Modelo A078) en la categor\u00eda \u201cMEJOR OBJETIVO DE VIAJE DE FORMATO COMPLETO\u201d. Con estos \u00faltimos galardones, TAMRON ha sido galardonada con los premios TIPA durante trece a\u00f1os consecutivos<em>.<\/em><\/p><h2><img loading=\"lazy\" decoding=\"async\" class=\"alignnone wp-image-19325 size-medium\" src=\"https:\/\/spcdn.shortpixel.ai\/spio\/ret_img,q_cdnize,to_auto,s_webp:avif\/tamron-americas.com\/wp-content\/uploads\/2026\/04\/TIPA-awards-2026-logo-231x300.png\" alt=\"Logotipo del Premio TIPA 2026\" width=\"231\" height=\"300\" \/><\/h2><h2><img loading=\"lazy\" decoding=\"async\" class=\"alignnone wp-image-19326 size-medium\" src=\"https:\/\/spcdn.shortpixel.ai\/spio\/ret_img,q_cdnize,to_auto,s_webp:avif\/tamron-americas.com\/wp-content\/uploads\/2026\/04\/a064s-style-tipa-2026-300x186.webp\" alt=\"El objetivo Tamron 16-30 mm gana el premio TIPA 2026\" width=\"300\" height=\"186\" \/><\/h2><p>EL MEJOR OBJETIVO ZOOM DE GRAN ANGULO PARA SENSOR DE FORMATO COMPLETO<br \/>16-30 mm F\/2,8 <span class=\"no-break\">Di III<\/span> VXD G2 (Modelo A064)<\/p><h2><img loading=\"lazy\" decoding=\"async\" class=\"alignnone wp-image-19327 size-medium\" src=\"https:\/\/spcdn.shortpixel.ai\/spio\/ret_img,q_cdnize,to_auto,s_webp:avif\/tamron-americas.com\/wp-content\/uploads\/2026\/04\/a078s-style-tipa-2026-300x175.webp\" alt=\"El Tamron 35-100 mm gana el Premio TIPA 2026\" width=\"300\" height=\"175\" \/><\/h2><p>EL MEJOR OBJETIVO DE VIAJE PARA C\u00c1MARAS DE FORMATO COMPLETO<br \/>35-100 mm F\/2.8 <span class=\"no-break\">Di III<\/span> VXD (Modelo A078)<\/p><p><strong>Extracto de la menci\u00f3n del jurado del Premio TIPA:<\/strong><\/p><p><strong>EL MEJOR OBJETIVO ZOOM DE GRAN ANGULO PARA SENSOR DE FORMATO COMPLETO<\/strong><br \/><a href=\"https:\/\/tamron-americas.com\/es\/producto\/16-30mm-f-2-8-di-iii-vxd-g2\/\"><strong>TAMRON 16-30 mm F\/2.8 <span class=\"no-break\">Di III<\/span> VXD G2 (Modelo A064)<\/strong><\/a><br \/>Este zoom ultra gran angular, ligero y r\u00e1pido, ofrece una nitidez excepcional de un extremo a otro del encuadre, incluso a F2.8. Combina un rendimiento \u00f3ptico sobresaliente con una construcci\u00f3n robusta y resistente a la humedad, ideal para entornos exigentes. Su impresionante versatilidad lo convierte en la opci\u00f3n ideal para capturar una amplia variedad de sujetos, incluso en condiciones de iluminaci\u00f3n dif\u00edciles, lo que lo convierte en una opci\u00f3n vers\u00e1til para la fotograf\u00eda de paisajes, arquitectura, eventos y viajes. En cuanto al rendimiento, ofrece un enfoque autom\u00e1tico r\u00e1pido y confiable para garantizar el \u00e9xito tanto en la captura de im\u00e1genes fijas como de video. Este lente asequible tiene una distancia m\u00ednima de enfoque (MOD) de 0,19 m a 16 mm y de 0,3 m a 30 mm, lo que crea a\u00fan m\u00e1s potencial para oportunidades de imagen emocionantes.<\/p><p><strong>EL MEJOR OBJETIVO DE VIAJE PARA C\u00c1MARAS DE FORMATO COMPLETO <\/strong><br \/><a href=\"https:\/\/tamron-americas.com\/es\/producto\/35-100-mm-f-28-di-iii-vxd\/\"><strong>TAMRON 35-100 mm F\/2,8 <span class=\"no-break\">Di III<\/span> VXD (Modelo A078)<\/strong><\/a><br \/>Este pr\u00e1ctico objetivo, ideal para llevar a cualquier parte, ofrece una combinaci\u00f3n excepcional de rendimiento \u00f3ptico, portabilidad e innovaci\u00f3n. Proporciona im\u00e1genes n\u00edtidas en todo momento a lo largo de su vers\u00e1til rango de zoom y mantiene una luminosa apertura de F2.8, destacando en condiciones de poca luz al tiempo que ofrece una profundidad y claridad magn\u00edficas. El avanzado mecanismo de enfoque con motor lineal VXD (Voice-coil eXtreme-torque Drive) garantiza un enfoque r\u00e1pido, preciso y silencioso para satisfacer las exigencias tanto de los creadores de fotograf\u00edas como de los de video. Notablemente compacto y liviano para su clase, este lente redefine la movilidad sin comprometer la calidad de imagen.<\/p><p><strong>Premios TIPA recibidos<\/strong><br \/>- MEJOR OBJETIVO DSLR EXPERTO 2014; SP 150-600mm F\/5-6.3 Di VC USD (Modelo A011)<br \/>- MEJOR OBJETIVO CSC DE NIVEL DE ENTRADA 2015; 14-150 mm F\/3,5-5,8 <span class=\"no-break\">Di III<\/span> (Modelo C001)<br \/>- MEJOR OBJETIVO PRINCIPAL DSLR 2016; SP 35mm F\/1.8 Di VC USD (Modelo F012)<br \/>MEJOR OBJETIVO DSLR DE NIVEL DE ENTRADA; 18-200 mm F\/3,5-6,3 Di II VC (modelo B018)<br \/>- 2017 MEJOR OBJETIVO TELEPHOTO ZOOM DSLR; SP 150-600mm F\/5-6.3 Di VC USD G2 (Modelo A022)<br \/>- 2018 MEJOR OBJETIVO TELEPHOTO ZOOM DSLR; 70-210mm F\/4 Di VC USD (Modelo A034)<br \/>MEJOR OBJETIVO DSLR SUPERZOOM; 18-400mm F\/3.5-6.3 Di II VC HLD (Modelo B028)<br \/>- 2019 MEJOR LENTE ZOOM EST\u00c1NDAR SIN ESPEJOS; 28-75mm F\/2.8 <span class=\"no-break\">Di III<\/span> RXD (Modelo A036)<br \/>- 2020 MEJOR OBJETIVO PRINCIPAL DSLR; SP 35mm F\/1.4 Di USD (Modelo F045)<br \/>- 2021 MEJOR OBJETIVO ZOOM EST\u00c1NDAR; 17-70 mm F\/2,8 <span class=\"no-break\"><span class=\"no-break\">Di III<\/span>-A<\/span> VC RXD (Modelo B070)<br \/>MEJOR OBJETIVO TELEPHOTO ZOOM; 70-180 mm F\/2,8 <span class=\"no-break\">Di III<\/span> VXD (Modelo A056)<br \/>- 2022 MEJOR OBJETIVO ULTRA TELEPHOTO ZOOM CON FOTOFONDO COMPLETO; 150-500 mm F\/5-6,7 <span class=\"no-break\">Di III<\/span> VC VXD (Modelo A057)<br \/>MEJOR OBJETIVO ZOOM DE VIAJE; 35-150 mm F\/2-2,8 <span class=\"no-break\">Di III<\/span> VXD (Modelo A058)<br \/>- 2023 MEJOR OBJETIVO TELEPHOTO ZOOM; 50-400mm F\/4.5-6.3 <span class=\"no-break\">Di III<\/span> VC VXD (Modelo A067)<br \/>MEJOR OBJETIVO CREADOR DE CONTENIDO; 20-40 mm F\/2,8 <span class=\"no-break\">Di III<\/span> VXD (Modelo A062)<br \/>- 2024 MEJOR OBJETIVO ZOOM GRAN ANGULAR; 17-50mm F\/4 <span class=\"no-break\">Di III<\/span> VXD (Modelo A068)<br \/>MEJOR OBJETIVO TELEPHOTO ZOOM; 70-180 mm F\/2,8 <span class=\"no-break\">Di III<\/span> VC VXD G2 (Modelo A065)<br \/>- 2025 MEJOR OBJETIVO SUPERZOOM; 50-300 mm F\/4,5-6,3 <span class=\"no-break\">Di III<\/span> VC VXD (Modelo A069)<br \/>MEJOR OBJETIVO MACRO; 90 mm F\/2,8 <span class=\"no-break\">Di III<\/span> MACRO VXD (Modelo F072)<br \/>\u2022 MEJOR OBJETIVO ZOOM GRAN ANGULAR DE FORMATO COMPLETO DE 2026; 16-30 mm F\/2,8 <span class=\"no-break\">Di III<\/span> VXD G2 (Modelo A064)<br \/>MEJOR OBJETIVO DE VIAJE PARA SENSORES DE FORMATO COMPLETO; 35-100 mm F\/2,8 <span class=\"no-break\">Di III<\/span> VXD (Modelo A078)<\/p><p><strong>Acerca de los Premios TIPA<\/strong><br \/>Los PREMIOS TIPA WORLD reconocen y honran a las empresas del sector y a sus productos, adem\u00e1s de servir como importante referencia y gu\u00eda para los consumidores a la hora de tomar sus decisiones de compra. Por ejemplo, en una reciente encuesta realizada entre los lectores por una empresa de investigaci\u00f3n independiente, m\u00e1s del 65% de los lectores de la revista miembro conocen el premio como un reconocimiento a la excelencia en la industria fotogr\u00e1fica.<\/p><p>Para consultas de los medios de comunicaci\u00f3n, p\u00f3ngase en contacto con<br \/>Jessica Kelly, Directora de Comunicaciones de Marketing, <a href=\"mailto:kelly@tamron.com\">kelly@tamron.com<\/a><\/p><p><strong>Acerca de Tamron Co.<\/strong><br \/>TAMRON ofrece una amplia gama de productos \u00f3pticos originales, desde objetivos intercambiables para c\u00e1maras digitales hasta diversos dispositivos \u00f3pticos tanto para el consumidor general como para OEM. Fabricamos productos \u00f3pticos que contribuyen a diferentes sectores y seguiremos dedicando nuestra rica creatividad y nuestra capacidad t\u00e9cnica de vanguardia a diversos campos industriales. Adem\u00e1s, TAMRON es plenamente consciente de su responsabilidad con el medio ambiente y aspira a ayudar a preservar el entorno natural en todas sus actividades empresariales. Si desea m\u00e1s informaci\u00f3n, visite el sitio web oficial de Tamron Co. (<a href=\"https:\/\/www.tamron.com\/global\/\" target=\"_blank\" rel=\"noopener\">https:\/\/www.tamron.com\/global\/<\/a>)<\/p><p><strong>Gama de productos \u00f3pticos:<\/strong><br \/>Objetivos intercambiables para c\u00e1maras sin espejo y DSLR, objetivos para c\u00e1maras de vigilancia en red, objetivos para FA y visi\u00f3n artificial, objetivos para teleconferencias, m\u00f3dulos para c\u00e1maras, objetivos para c\u00e1maras de automoci\u00f3n, objetivos para c\u00e1maras digitales compactas y videoc\u00e1maras, objetivos para drones, dispositivos m\u00e9dicos y diversas unidades de dispositivos \u00f3pticos.<\/p><p>\u00a0<\/p><p># \u00a0\u00a0\u00a0 # \u00a0\u00a0\u00a0 #<\/p><p>4\/17\/2026<\/p><p>\u00a0<\/p><\/div><\/div>\t\t\t\t\t\t\t\t<\/div>\n\t\t\t\t<\/div>\n\t\t\t\t\t<\/div>\n\t\t\t\t<\/div>\n\t\t\t\t<\/div>","protected":false},"excerpt":{"rendered":"<p>\u00a0 16-30mm F\/2.8 Di III VXD G2 and 35-100mm F\/2.8 Di III VXD receive awards in their respective categories \u00a0 [&hellip;]<\/p>\n","protected":false},"author":7,"featured_media":0,"comment_status":"closed","ping_status":"closed","sticky":false,"template":"elementor_theme","format":"standard","meta":{"_acf_changed":true,"site-sidebar-layout":"default","site-content-layout":"","ast-site-content-layout":"","site-content-style":"default","site-sidebar-style":"default","ast-global-header-display":"","ast-banner-title-visibility":"","ast-main-header-display":"","ast-hfb-above-header-display":"","ast-hfb-below-header-display":"","ast-hfb-mobile-header-display":"","site-post-title":"","ast-breadcrumbs-content":"","ast-featured-img":"","footer-sml-layout":"","ast-disable-related-posts":"","theme-transparent-header-meta":"","adv-header-id-meta":"","stick-header-meta":"","header-above-stick-meta":"","header-main-stick-meta":"","header-below-stick-meta":"","astra-migrate-meta-layouts":"default","ast-page-background-enabled":"default","ast-page-background-meta":{"desktop":{"background-color":"var(--ast-global-color-4)","background-image":"","background-repeat":"repeat","background-position":"center center","background-size":"auto","background-attachment":"scroll","background-type":"","background-media":"","overlay-type":"","overlay-color":"","overlay-opacity":"","overlay-gradient":""},"tablet":{"background-color":"","background-image":"","background-repeat":"repeat","background-position":"center center","background-size":"auto","background-attachment":"scroll","background-type":"","background-media":"","overlay-type":"","overlay-color":"","overlay-opacity":"","overlay-gradient":""},"mobile":{"background-color":"","background-image":"","background-repeat":"repeat","background-position":"center center","background-size":"auto","background-attachment":"scroll","background-type":"","background-media":"","overlay-type":"","overlay-color":"","overlay-opacity":"","overlay-gradient":""}},"ast-content-background-meta":{"desktop":{"background-color":"var(--ast-global-color-5)","background-image":"","background-repeat":"repeat","background-position":"center center","background-size":"auto","background-attachment":"scroll","background-type":"","background-media":"","overlay-type":"","overlay-color":"","overlay-opacity":"","overlay-gradient":""},"tablet":{"background-color":"var(--ast-global-color-5)","background-image":"","background-repeat":"repeat","background-position":"center center","background-size":"auto","background-attachment":"scroll","background-type":"","background-media":"","overlay-type":"","overlay-color":"","overlay-opacity":"","overlay-gradient":""},"mobile":{"background-color":"var(--ast-global-color-5)","background-image":"","background-repeat":"repeat","background-position":"center center","background-size":"auto","background-attachment":"scroll","background-type":"","background-media":"","overlay-type":"","overlay-color":"","overlay-opacity":"","overlay-gradient":""}},"footnotes":""},"categories":[122],"tags":[194,196],"class_list":["post-19324","post","type-post","status-publish","format-standard","hentry","category-news","tag-press-release","tag-tamron"],"acf":[],"yoast_head":"<!-- This site is optimized with the Yoast SEO Premium plugin v27.4 (Yoast SEO v27.4) - https:\/\/yoast.com\/product\/yoast-seo-premium-wordpress\/ -->\n<title>TAMRON Lenses Honored with Two Prestigious TIPA Awards<\/title>\n<meta name=\"description\" content=\"Tamron announces the presentation by TIPA of its TIPA Award to two lenses; the 16-30mm G2 (Model A064) and the 35-100mm (Model A078) .\" \/>\n<meta name=\"robots\" content=\"index, follow, max-snippet:-1, max-image-preview:large, max-video-preview:-1\" \/>\n<link rel=\"canonical\" href=\"https:\/\/tamron-americas.com\/es\/premios-tipa-2026-para-los-objetivos-tamron\/\" \/>\n<meta property=\"og:locale\" content=\"es_MX\" \/>\n<meta property=\"og:type\" content=\"article\" \/>\n<meta property=\"og:title\" content=\"TAMRON Lenses Honored with Two Prestigious TIPA Awards in 2026\" \/>\n<meta property=\"og:description\" content=\"Tamron announces the presentation by TIPA of its TIPA Award to two lenses; the 16-30mm G2 (Model A064) and the 35-100mm (Model A078) .\" \/>\n<meta property=\"og:url\" content=\"https:\/\/tamron-americas.com\/es\/premios-tipa-2026-para-los-objetivos-tamron\/\" \/>\n<meta property=\"og:site_name\" content=\"Tamron Americas\" \/>\n<meta property=\"article:published_time\" content=\"2026-04-17T06:01:00+00:00\" \/>\n<meta property=\"og:image\" content=\"https:\/\/tamron-americas.com\/wp-content\/uploads\/2026\/04\/TIPA-awards-2026-logo.png\" \/>\n\t<meta property=\"og:image:width\" content=\"644\" \/>\n\t<meta property=\"og:image:height\" content=\"835\" \/>\n\t<meta property=\"og:image:type\" content=\"image\/png\" \/>\n<meta name=\"author\" content=\"evans@tamron.com\" \/>\n<meta name=\"twitter:card\" content=\"summary_large_image\" \/>\n<meta name=\"twitter:label1\" content=\"Escrito por\" \/>\n\t<meta name=\"twitter:data1\" content=\"evans@tamron.com\" \/>\n\t<meta name=\"twitter:label2\" content=\"Tiempo de lectura\" \/>\n\t<meta name=\"twitter:data2\" content=\"5 minutos\" \/>\n<script type=\"application\/ld+json\" class=\"yoast-schema-graph\">{\"@context\":\"https:\\\/\\\/schema.org\",\"@graph\":[{\"@type\":\"Article\",\"@id\":\"https:\\\/\\\/tamron-americas.com\\\/tamron-lenses-tipa-awards-2026\\\/#article\",\"isPartOf\":{\"@id\":\"https:\\\/\\\/tamron-americas.com\\\/tamron-lenses-tipa-awards-2026\\\/\"},\"author\":{\"name\":\"evans@tamron.com\",\"@id\":\"https:\\\/\\\/tamron-americas.com\\\/#\\\/schema\\\/person\\\/0c5a8453f7637345176beaf26a3b3670\"},\"headline\":\"TAMRON Lenses Honored with Two Prestigious TIPA Awards in 2026\",\"datePublished\":\"2026-04-17T06:01:00+00:00\",\"mainEntityOfPage\":{\"@id\":\"https:\\\/\\\/tamron-americas.com\\\/tamron-lenses-tipa-awards-2026\\\/\"},\"wordCount\":856,\"publisher\":{\"@id\":\"https:\\\/\\\/tamron-americas.com\\\/#organization\"},\"image\":{\"@id\":\"https:\\\/\\\/tamron-americas.com\\\/tamron-lenses-tipa-awards-2026\\\/#primaryimage\"},\"thumbnailUrl\":\"https:\\\/\\\/tamron-americas.com\\\/wp-content\\\/uploads\\\/2026\\\/04\\\/TIPA-awards-2026-logo-231x300.png\",\"keywords\":[\"Press Release\",\"TAMRON\"],\"articleSection\":[\"News\"],\"inLanguage\":\"es\"},{\"@type\":\"WebPage\",\"@id\":\"https:\\\/\\\/tamron-americas.com\\\/tamron-lenses-tipa-awards-2026\\\/\",\"url\":\"https:\\\/\\\/tamron-americas.com\\\/tamron-lenses-tipa-awards-2026\\\/\",\"name\":\"TAMRON Lenses Honored with Two Prestigious TIPA Awards\",\"isPartOf\":{\"@id\":\"https:\\\/\\\/tamron-americas.com\\\/#website\"},\"primaryImageOfPage\":{\"@id\":\"https:\\\/\\\/tamron-americas.com\\\/tamron-lenses-tipa-awards-2026\\\/#primaryimage\"},\"image\":{\"@id\":\"https:\\\/\\\/tamron-americas.com\\\/tamron-lenses-tipa-awards-2026\\\/#primaryimage\"},\"thumbnailUrl\":\"https:\\\/\\\/tamron-americas.com\\\/wp-content\\\/uploads\\\/2026\\\/04\\\/TIPA-awards-2026-logo-231x300.png\",\"datePublished\":\"2026-04-17T06:01:00+00:00\",\"description\":\"Tamron announces the presentation by TIPA of its TIPA Award to two lenses; the 16-30mm G2 (Model A064) and the 35-100mm (Model A078) .\",\"breadcrumb\":{\"@id\":\"https:\\\/\\\/tamron-americas.com\\\/tamron-lenses-tipa-awards-2026\\\/#breadcrumb\"},\"inLanguage\":\"es\",\"potentialAction\":[{\"@type\":\"ReadAction\",\"target\":[\"https:\\\/\\\/tamron-americas.com\\\/tamron-lenses-tipa-awards-2026\\\/\"]}]},{\"@type\":\"ImageObject\",\"inLanguage\":\"es\",\"@id\":\"https:\\\/\\\/tamron-americas.com\\\/tamron-lenses-tipa-awards-2026\\\/#primaryimage\",\"url\":\"https:\\\/\\\/tamron-americas.com\\\/wp-content\\\/uploads\\\/2026\\\/04\\\/TIPA-awards-2026-logo-231x300.png\",\"contentUrl\":\"https:\\\/\\\/tamron-americas.com\\\/wp-content\\\/uploads\\\/2026\\\/04\\\/TIPA-awards-2026-logo-231x300.png\"},{\"@type\":\"BreadcrumbList\",\"@id\":\"https:\\\/\\\/tamron-americas.com\\\/tamron-lenses-tipa-awards-2026\\\/#breadcrumb\",\"itemListElement\":[{\"@type\":\"ListItem\",\"position\":1,\"name\":\"Home\",\"item\":\"https:\\\/\\\/tamron-americas.com\\\/\"},{\"@type\":\"ListItem\",\"position\":2,\"name\":\"TAMRON Lenses Honored with Two Prestigious TIPA Awards in 2026\"}]},{\"@type\":\"WebSite\",\"@id\":\"https:\\\/\\\/tamron-americas.com\\\/#website\",\"url\":\"https:\\\/\\\/tamron-americas.com\\\/\",\"name\":\"Tamron Americas\",\"description\":\"\",\"publisher\":{\"@id\":\"https:\\\/\\\/tamron-americas.com\\\/#organization\"},\"potentialAction\":[{\"@type\":\"SearchAction\",\"target\":{\"@type\":\"EntryPoint\",\"urlTemplate\":\"https:\\\/\\\/tamron-americas.com\\\/?s={search_term_string}\"},\"query-input\":{\"@type\":\"PropertyValueSpecification\",\"valueRequired\":true,\"valueName\":\"search_term_string\"}}],\"inLanguage\":\"es\"},{\"@type\":\"Organization\",\"@id\":\"https:\\\/\\\/tamron-americas.com\\\/#organization\",\"name\":\"Tamron USA\",\"url\":\"https:\\\/\\\/tamron-americas.com\\\/\",\"logo\":{\"@type\":\"ImageObject\",\"inLanguage\":\"es\",\"@id\":\"https:\\\/\\\/tamron-americas.com\\\/#\\\/schema\\\/logo\\\/image\\\/\",\"url\":\"https:\\\/\\\/tamron-americas.com\\\/wp-content\\\/uploads\\\/2024\\\/07\\\/logo.svg\",\"contentUrl\":\"https:\\\/\\\/tamron-americas.com\\\/wp-content\\\/uploads\\\/2024\\\/07\\\/logo.svg\",\"width\":190,\"height\":31,\"caption\":\"Tamron USA\"},\"image\":{\"@id\":\"https:\\\/\\\/tamron-americas.com\\\/#\\\/schema\\\/logo\\\/image\\\/\"}},{\"@type\":\"Person\",\"@id\":\"https:\\\/\\\/tamron-americas.com\\\/#\\\/schema\\\/person\\\/0c5a8453f7637345176beaf26a3b3670\",\"name\":\"evans@tamron.com\"}]}<\/script>\n<!-- \/ Yoast SEO Premium plugin. -->","yoast_head_json":{"title":"Los objetivos TAMRON han sido galardonados con dos prestigiosos premios TIPA","description":"Tamron anuncia que la TIPA ha otorgado su Premio TIPA a dos objetivos: el 16-30 mm G2 (modelo A064) y el 35-100 mm (modelo A078). .","robots":{"index":"index","follow":"follow","max-snippet":"max-snippet:-1","max-image-preview":"max-image-preview:large","max-video-preview":"max-video-preview:-1"},"canonical":"https:\/\/tamron-americas.com\/es\/premios-tipa-2026-para-los-objetivos-tamron\/","og_locale":"es_MX","og_type":"article","og_title":"TAMRON Lenses Honored with Two Prestigious TIPA Awards in 2026","og_description":"Tamron announces the presentation by TIPA of its TIPA Award to two lenses; the 16-30mm G2 (Model A064) and the 35-100mm (Model A078) .","og_url":"https:\/\/tamron-americas.com\/es\/premios-tipa-2026-para-los-objetivos-tamron\/","og_site_name":"Tamron Americas","article_published_time":"2026-04-17T06:01:00+00:00","og_image":[{"width":644,"height":835,"url":"https:\/\/tamron-americas.com\/wp-content\/uploads\/2026\/04\/TIPA-awards-2026-logo.png","type":"image\/png"}],"author":"evans@tamron.com","twitter_card":"summary_large_image","twitter_misc":{"Escrito por":"evans@tamron.com","Tiempo de lectura":"5 minutos"},"schema":{"@context":"https:\/\/schema.org","@graph":[{"@type":"Article","@id":"https:\/\/tamron-americas.com\/tamron-lenses-tipa-awards-2026\/#article","isPartOf":{"@id":"https:\/\/tamron-americas.com\/tamron-lenses-tipa-awards-2026\/"},"author":{"name":"evans@tamron.com","@id":"https:\/\/tamron-americas.com\/#\/schema\/person\/0c5a8453f7637345176beaf26a3b3670"},"headline":"TAMRON Lenses Honored with Two Prestigious TIPA Awards in 2026","datePublished":"2026-04-17T06:01:00+00:00","mainEntityOfPage":{"@id":"https:\/\/tamron-americas.com\/tamron-lenses-tipa-awards-2026\/"},"wordCount":856,"publisher":{"@id":"https:\/\/tamron-americas.com\/#organization"},"image":{"@id":"https:\/\/tamron-americas.com\/tamron-lenses-tipa-awards-2026\/#primaryimage"},"thumbnailUrl":"https:\/\/tamron-americas.com\/wp-content\/uploads\/2026\/04\/TIPA-awards-2026-logo-231x300.png","keywords":["Press Release","TAMRON"],"articleSection":["News"],"inLanguage":"es"},{"@type":"WebPage","@id":"https:\/\/tamron-americas.com\/tamron-lenses-tipa-awards-2026\/","url":"https:\/\/tamron-americas.com\/tamron-lenses-tipa-awards-2026\/","name":"TAMRON Lenses Honored with Two Prestigious TIPA Awards","isPartOf":{"@id":"https:\/\/tamron-americas.com\/#website"},"primaryImageOfPage":{"@id":"https:\/\/tamron-americas.com\/tamron-lenses-tipa-awards-2026\/#primaryimage"},"image":{"@id":"https:\/\/tamron-americas.com\/tamron-lenses-tipa-awards-2026\/#primaryimage"},"thumbnailUrl":"https:\/\/tamron-americas.com\/wp-content\/uploads\/2026\/04\/TIPA-awards-2026-logo-231x300.png","datePublished":"2026-04-17T06:01:00+00:00","description":"Tamron announces the presentation by TIPA of its TIPA Award to two lenses; the 16-30mm G2 (Model A064) and the 35-100mm (Model A078) .","breadcrumb":{"@id":"https:\/\/tamron-americas.com\/tamron-lenses-tipa-awards-2026\/#breadcrumb"},"inLanguage":"es","potentialAction":[{"@type":"ReadAction","target":["https:\/\/tamron-americas.com\/tamron-lenses-tipa-awards-2026\/"]}]},{"@type":"ImageObject","inLanguage":"es","@id":"https:\/\/tamron-americas.com\/tamron-lenses-tipa-awards-2026\/#primaryimage","url":"https:\/\/tamron-americas.com\/wp-content\/uploads\/2026\/04\/TIPA-awards-2026-logo-231x300.png","contentUrl":"https:\/\/tamron-americas.com\/wp-content\/uploads\/2026\/04\/TIPA-awards-2026-logo-231x300.png"},{"@type":"BreadcrumbList","@id":"https:\/\/tamron-americas.com\/tamron-lenses-tipa-awards-2026\/#breadcrumb","itemListElement":[{"@type":"ListItem","position":1,"name":"Home","item":"https:\/\/tamron-americas.com\/"},{"@type":"ListItem","position":2,"name":"TAMRON Lenses Honored with Two Prestigious TIPA Awards in 2026"}]},{"@type":"WebSite","@id":"https:\/\/tamron-americas.com\/#website","url":"https:\/\/tamron-americas.com\/","name":"Tamron Americas","description":"","publisher":{"@id":"https:\/\/tamron-americas.com\/#organization"},"potentialAction":[{"@type":"SearchAction","target":{"@type":"EntryPoint","urlTemplate":"https:\/\/tamron-americas.com\/?s={search_term_string}"},"query-input":{"@type":"PropertyValueSpecification","valueRequired":true,"valueName":"search_term_string"}}],"inLanguage":"es"},{"@type":"Organization","@id":"https:\/\/tamron-americas.com\/#organization","name":"Tamron USA","url":"https:\/\/tamron-americas.com\/","logo":{"@type":"ImageObject","inLanguage":"es","@id":"https:\/\/tamron-americas.com\/#\/schema\/logo\/image\/","url":"https:\/\/tamron-americas.com\/wp-content\/uploads\/2024\/07\/logo.svg","contentUrl":"https:\/\/tamron-americas.com\/wp-content\/uploads\/2024\/07\/logo.svg","width":190,"height":31,"caption":"Tamron USA"},"image":{"@id":"https:\/\/tamron-americas.com\/#\/schema\/logo\/image\/"}},{"@type":"Person","@id":"https:\/\/tamron-americas.com\/#\/schema\/person\/0c5a8453f7637345176beaf26a3b3670","name":"evans@tamron.com"}]}},"_links":{"self":[{"href":"https:\/\/tamron-americas.com\/es\/wp-json\/wp\/v2\/posts\/19324","targetHints":{"allow":["GET"]}}],"collection":[{"href":"https:\/\/tamron-americas.com\/es\/wp-json\/wp\/v2\/posts"}],"about":[{"href":"https:\/\/tamron-americas.com\/es\/wp-json\/wp\/v2\/types\/post"}],"author":[{"embeddable":true,"href":"https:\/\/tamron-americas.com\/es\/wp-json\/wp\/v2\/users\/7"}],"replies":[{"embeddable":true,"href":"https:\/\/tamron-americas.com\/es\/wp-json\/wp\/v2\/comments?post=19324"}],"version-history":[{"count":0,"href":"https:\/\/tamron-americas.com\/es\/wp-json\/wp\/v2\/posts\/19324\/revisions"}],"wp:attachment":[{"href":"https:\/\/tamron-americas.com\/es\/wp-json\/wp\/v2\/media?parent=19324"}],"wp:term":[{"taxonomy":"category","embeddable":true,"href":"https:\/\/tamron-americas.com\/es\/wp-json\/wp\/v2\/categories?post=19324"},{"taxonomy":"post_tag","embeddable":true,"href":"https:\/\/tamron-americas.com\/es\/wp-json\/wp\/v2\/tags?post=19324"}],"curies":[{"name":"wp","href":"https:\/\/api.w.org\/{rel}","templated":true}]}},{"id":19328,"date":"2026-04-16T10:29:15","date_gmt":"2026-04-16T14:29:15","guid":{"rendered":"https:\/\/tamron-americas.com\/?p=19328"},"modified":"2026-04-16T10:29:15","modified_gmt":"2026-04-16T14:29:15","slug":"2026-campana-de-agradecimiento-a-los-clientes-de-allens-camera-spring","status":"publish","type":"post","link":"https:\/\/tamron-americas.com\/es\/2026-allens-camera-spring-customer-appreciation\/","title":{"rendered":"2026: Campa\u00f1a de primavera de agradecimiento a los clientes de Allen\u2019s Camera"},"content":{"rendered":"","protected":false},"excerpt":{"rendered":"","protected":false},"author":7,"featured_media":0,"comment_status":"closed","ping_status":"open","sticky":false,"template":"","format":"standard","meta":{"_acf_changed":true,"site-sidebar-layout":"default","site-content-layout":"","ast-site-content-layout":"","site-content-style":"default","site-sidebar-style":"default","ast-global-header-display":"","ast-banner-title-visibility":"","ast-main-header-display":"","ast-hfb-above-header-display":"","ast-hfb-below-header-display":"","ast-hfb-mobile-header-display":"","site-post-title":"","ast-breadcrumbs-content":"","ast-featured-img":"","footer-sml-layout":"","ast-disable-related-posts":"","theme-transparent-header-meta":"","adv-header-id-meta":"","stick-header-meta":"","header-above-stick-meta":"","header-main-stick-meta":"","header-below-stick-meta":"","astra-migrate-meta-layouts":"default","ast-page-background-enabled":"default","ast-page-background-meta":{"desktop":{"background-color":"var(--ast-global-color-4)","background-image":"","background-repeat":"repeat","background-position":"center center","background-size":"auto","background-attachment":"scroll","background-type":"","background-media":"","overlay-type":"","overlay-color":"","overlay-opacity":"","overlay-gradient":""},"tablet":{"background-color":"","background-image":"","background-repeat":"repeat","background-position":"center center","background-size":"auto","background-attachment":"scroll","background-type":"","background-media":"","overlay-type":"","overlay-color":"","overlay-opacity":"","overlay-gradient":""},"mobile":{"background-color":"","background-image":"","background-repeat":"repeat","background-position":"center center","background-size":"auto","background-attachment":"scroll","background-type":"","background-media":"","overlay-type":"","overlay-color":"","overlay-opacity":"","overlay-gradient":""}},"ast-content-background-meta":{"desktop":{"background-color":"var(--ast-global-color-5)","background-image":"","background-repeat":"repeat","background-position":"center center","background-size":"auto","background-attachment":"scroll","background-type":"","background-media":"","overlay-type":"","overlay-color":"","overlay-opacity":"","overlay-gradient":""},"tablet":{"background-color":"var(--ast-global-color-5)","background-image":"","background-repeat":"repeat","background-position":"center center","background-size":"auto","background-attachment":"scroll","background-type":"","background-media":"","overlay-type":"","overlay-color":"","overlay-opacity":"","overlay-gradient":""},"mobile":{"background-color":"var(--ast-global-color-5)","background-image":"","background-repeat":"repeat","background-position":"center center","background-size":"auto","background-attachment":"scroll","background-type":"","background-media":"","overlay-type":"","overlay-color":"","overlay-opacity":"","overlay-gradient":""}},"footnotes":""},"categories":[81],"tags":[],"class_list":["post-19328","post","type-post","status-publish","format-standard","hentry","category-events"],"acf":[],"yoast_head":"<!-- This site is optimized with the Yoast SEO Premium plugin v27.4 (Yoast SEO v27.4) - https:\/\/yoast.com\/product\/yoast-seo-premium-wordpress\/ -->\n<title>Allen&#039;s Camera Spring Customer Appreciation | Tamron<\/title>\n<meta name=\"description\" content=\"Get ready for a day full of photography fun at Allen\u2019s Camera! This is the largest photography savings event of the year! In Store Only\" \/>\n<meta name=\"robots\" content=\"index, follow, max-snippet:-1, max-image-preview:large, max-video-preview:-1\" \/>\n<link rel=\"canonical\" href=\"https:\/\/tamron-americas.com\/es\/2026-campana-de-agradecimiento-a-los-clientes-de-allens-camera-spring\/\" \/>\n<meta property=\"og:locale\" content=\"es_MX\" \/>\n<meta property=\"og:type\" content=\"article\" \/>\n<meta property=\"og:title\" content=\"2026 Allen&#039;s Camera Spring Customer Appreciation\" \/>\n<meta property=\"og:description\" content=\"Get ready for a day full of photography fun at Allen\u2019s Camera! This is the largest photography savings event of the year! In Store Only\" \/>\n<meta property=\"og:url\" content=\"https:\/\/tamron-americas.com\/es\/2026-campana-de-agradecimiento-a-los-clientes-de-allens-camera-spring\/\" \/>\n<meta property=\"og:site_name\" content=\"Tamron Americas\" \/>\n<meta property=\"article:published_time\" content=\"2026-04-16T14:29:15+00:00\" \/>\n<meta name=\"author\" content=\"evans@tamron.com\" \/>\n<meta name=\"twitter:card\" content=\"summary_large_image\" \/>\n<meta name=\"twitter:label1\" content=\"Escrito por\" \/>\n\t<meta name=\"twitter:data1\" content=\"evans@tamron.com\" \/>\n<script type=\"application\/ld+json\" class=\"yoast-schema-graph\">{\"@context\":\"https:\\\/\\\/schema.org\",\"@graph\":[{\"@type\":\"Article\",\"@id\":\"https:\\\/\\\/tamron-americas.com\\\/2026-allens-camera-spring-customer-appreciation\\\/#article\",\"isPartOf\":{\"@id\":\"https:\\\/\\\/tamron-americas.com\\\/2026-allens-camera-spring-customer-appreciation\\\/\"},\"author\":{\"name\":\"evans@tamron.com\",\"@id\":\"https:\\\/\\\/tamron-americas.com\\\/#\\\/schema\\\/person\\\/0c5a8453f7637345176beaf26a3b3670\"},\"headline\":\"2026 Allen&#8217;s Camera Spring Customer Appreciation\",\"datePublished\":\"2026-04-16T14:29:15+00:00\",\"mainEntityOfPage\":{\"@id\":\"https:\\\/\\\/tamron-americas.com\\\/2026-allens-camera-spring-customer-appreciation\\\/\"},\"wordCount\":6,\"publisher\":{\"@id\":\"https:\\\/\\\/tamron-americas.com\\\/#organization\"},\"articleSection\":[\"Events\"],\"inLanguage\":\"es\"},{\"@type\":\"WebPage\",\"@id\":\"https:\\\/\\\/tamron-americas.com\\\/2026-allens-camera-spring-customer-appreciation\\\/\",\"url\":\"https:\\\/\\\/tamron-americas.com\\\/2026-allens-camera-spring-customer-appreciation\\\/\",\"name\":\"Allen's Camera Spring Customer Appreciation | Tamron\",\"isPartOf\":{\"@id\":\"https:\\\/\\\/tamron-americas.com\\\/#website\"},\"datePublished\":\"2026-04-16T14:29:15+00:00\",\"description\":\"Get ready for a day full of photography fun at Allen\u2019s Camera! This is the largest photography savings event of the year! In Store Only\",\"breadcrumb\":{\"@id\":\"https:\\\/\\\/tamron-americas.com\\\/2026-allens-camera-spring-customer-appreciation\\\/#breadcrumb\"},\"inLanguage\":\"es\",\"potentialAction\":[{\"@type\":\"ReadAction\",\"target\":[\"https:\\\/\\\/tamron-americas.com\\\/2026-allens-camera-spring-customer-appreciation\\\/\"]}]},{\"@type\":\"BreadcrumbList\",\"@id\":\"https:\\\/\\\/tamron-americas.com\\\/2026-allens-camera-spring-customer-appreciation\\\/#breadcrumb\",\"itemListElement\":[{\"@type\":\"ListItem\",\"position\":1,\"name\":\"Home\",\"item\":\"https:\\\/\\\/tamron-americas.com\\\/\"},{\"@type\":\"ListItem\",\"position\":2,\"name\":\"2026 Allen&#8217;s Camera Spring Customer Appreciation\"}]},{\"@type\":\"WebSite\",\"@id\":\"https:\\\/\\\/tamron-americas.com\\\/#website\",\"url\":\"https:\\\/\\\/tamron-americas.com\\\/\",\"name\":\"Tamron Americas\",\"description\":\"\",\"publisher\":{\"@id\":\"https:\\\/\\\/tamron-americas.com\\\/#organization\"},\"potentialAction\":[{\"@type\":\"SearchAction\",\"target\":{\"@type\":\"EntryPoint\",\"urlTemplate\":\"https:\\\/\\\/tamron-americas.com\\\/?s={search_term_string}\"},\"query-input\":{\"@type\":\"PropertyValueSpecification\",\"valueRequired\":true,\"valueName\":\"search_term_string\"}}],\"inLanguage\":\"es\"},{\"@type\":\"Organization\",\"@id\":\"https:\\\/\\\/tamron-americas.com\\\/#organization\",\"name\":\"Tamron USA\",\"url\":\"https:\\\/\\\/tamron-americas.com\\\/\",\"logo\":{\"@type\":\"ImageObject\",\"inLanguage\":\"es\",\"@id\":\"https:\\\/\\\/tamron-americas.com\\\/#\\\/schema\\\/logo\\\/image\\\/\",\"url\":\"https:\\\/\\\/tamron-americas.com\\\/wp-content\\\/uploads\\\/2024\\\/07\\\/logo.svg\",\"contentUrl\":\"https:\\\/\\\/tamron-americas.com\\\/wp-content\\\/uploads\\\/2024\\\/07\\\/logo.svg\",\"width\":190,\"height\":31,\"caption\":\"Tamron USA\"},\"image\":{\"@id\":\"https:\\\/\\\/tamron-americas.com\\\/#\\\/schema\\\/logo\\\/image\\\/\"}},{\"@type\":\"Person\",\"@id\":\"https:\\\/\\\/tamron-americas.com\\\/#\\\/schema\\\/person\\\/0c5a8453f7637345176beaf26a3b3670\",\"name\":\"evans@tamron.com\"}]}<\/script>\n<!-- \/ Yoast SEO Premium plugin. -->","yoast_head_json":{"title":"Campa\u00f1a de agradecimiento a los clientes de Allen's Camera | Tamron","description":"\u00a1Prep\u00e1rate para un d\u00eda lleno de diversi\u00f3n fotogr\u00e1fica en Allen\u2019s Camera! \u00a1Es la mayor promoci\u00f3n del a\u00f1o en productos fotogr\u00e1ficos! Solo en tienda","robots":{"index":"index","follow":"follow","max-snippet":"max-snippet:-1","max-image-preview":"max-image-preview:large","max-video-preview":"max-video-preview:-1"},"canonical":"https:\/\/tamron-americas.com\/es\/2026-campana-de-agradecimiento-a-los-clientes-de-allens-camera-spring\/","og_locale":"es_MX","og_type":"article","og_title":"2026 Allen's Camera Spring Customer Appreciation","og_description":"Get ready for a day full of photography fun at Allen\u2019s Camera! This is the largest photography savings event of the year! In Store Only","og_url":"https:\/\/tamron-americas.com\/es\/2026-campana-de-agradecimiento-a-los-clientes-de-allens-camera-spring\/","og_site_name":"Tamron Americas","article_published_time":"2026-04-16T14:29:15+00:00","author":"evans@tamron.com","twitter_card":"summary_large_image","twitter_misc":{"Escrito por":"evans@tamron.com"},"schema":{"@context":"https:\/\/schema.org","@graph":[{"@type":"Article","@id":"https:\/\/tamron-americas.com\/2026-allens-camera-spring-customer-appreciation\/#article","isPartOf":{"@id":"https:\/\/tamron-americas.com\/2026-allens-camera-spring-customer-appreciation\/"},"author":{"name":"evans@tamron.com","@id":"https:\/\/tamron-americas.com\/#\/schema\/person\/0c5a8453f7637345176beaf26a3b3670"},"headline":"2026 Allen&#8217;s Camera Spring Customer Appreciation","datePublished":"2026-04-16T14:29:15+00:00","mainEntityOfPage":{"@id":"https:\/\/tamron-americas.com\/2026-allens-camera-spring-customer-appreciation\/"},"wordCount":6,"publisher":{"@id":"https:\/\/tamron-americas.com\/#organization"},"articleSection":["Events"],"inLanguage":"es"},{"@type":"WebPage","@id":"https:\/\/tamron-americas.com\/2026-allens-camera-spring-customer-appreciation\/","url":"https:\/\/tamron-americas.com\/2026-allens-camera-spring-customer-appreciation\/","name":"Allen's Camera Spring Customer Appreciation | Tamron","isPartOf":{"@id":"https:\/\/tamron-americas.com\/#website"},"datePublished":"2026-04-16T14:29:15+00:00","description":"Get ready for a day full of photography fun at Allen\u2019s Camera! This is the largest photography savings event of the year! In Store Only","breadcrumb":{"@id":"https:\/\/tamron-americas.com\/2026-allens-camera-spring-customer-appreciation\/#breadcrumb"},"inLanguage":"es","potentialAction":[{"@type":"ReadAction","target":["https:\/\/tamron-americas.com\/2026-allens-camera-spring-customer-appreciation\/"]}]},{"@type":"BreadcrumbList","@id":"https:\/\/tamron-americas.com\/2026-allens-camera-spring-customer-appreciation\/#breadcrumb","itemListElement":[{"@type":"ListItem","position":1,"name":"Home","item":"https:\/\/tamron-americas.com\/"},{"@type":"ListItem","position":2,"name":"2026 Allen&#8217;s Camera Spring Customer Appreciation"}]},{"@type":"WebSite","@id":"https:\/\/tamron-americas.com\/#website","url":"https:\/\/tamron-americas.com\/","name":"Tamron Americas","description":"","publisher":{"@id":"https:\/\/tamron-americas.com\/#organization"},"potentialAction":[{"@type":"SearchAction","target":{"@type":"EntryPoint","urlTemplate":"https:\/\/tamron-americas.com\/?s={search_term_string}"},"query-input":{"@type":"PropertyValueSpecification","valueRequired":true,"valueName":"search_term_string"}}],"inLanguage":"es"},{"@type":"Organization","@id":"https:\/\/tamron-americas.com\/#organization","name":"Tamron USA","url":"https:\/\/tamron-americas.com\/","logo":{"@type":"ImageObject","inLanguage":"es","@id":"https:\/\/tamron-americas.com\/#\/schema\/logo\/image\/","url":"https:\/\/tamron-americas.com\/wp-content\/uploads\/2024\/07\/logo.svg","contentUrl":"https:\/\/tamron-americas.com\/wp-content\/uploads\/2024\/07\/logo.svg","width":190,"height":31,"caption":"Tamron USA"},"image":{"@id":"https:\/\/tamron-americas.com\/#\/schema\/logo\/image\/"}},{"@type":"Person","@id":"https:\/\/tamron-americas.com\/#\/schema\/person\/0c5a8453f7637345176beaf26a3b3670","name":"evans@tamron.com"}]}},"_links":{"self":[{"href":"https:\/\/tamron-americas.com\/es\/wp-json\/wp\/v2\/posts\/19328","targetHints":{"allow":["GET"]}}],"collection":[{"href":"https:\/\/tamron-americas.com\/es\/wp-json\/wp\/v2\/posts"}],"about":[{"href":"https:\/\/tamron-americas.com\/es\/wp-json\/wp\/v2\/types\/post"}],"author":[{"embeddable":true,"href":"https:\/\/tamron-americas.com\/es\/wp-json\/wp\/v2\/users\/7"}],"replies":[{"embeddable":true,"href":"https:\/\/tamron-americas.com\/es\/wp-json\/wp\/v2\/comments?post=19328"}],"version-history":[{"count":0,"href":"https:\/\/tamron-americas.com\/es\/wp-json\/wp\/v2\/posts\/19328\/revisions"}],"wp:attachment":[{"href":"https:\/\/tamron-americas.com\/es\/wp-json\/wp\/v2\/media?parent=19328"}],"wp:term":[{"taxonomy":"category","embeddable":true,"href":"https:\/\/tamron-americas.com\/es\/wp-json\/wp\/v2\/categories?post=19328"},{"taxonomy":"post_tag","embeddable":true,"href":"https:\/\/tamron-americas.com\/es\/wp-json\/wp\/v2\/tags?post=19328"}],"curies":[{"name":"wp","href":"https:\/\/api.w.org\/{rel}","templated":true}]}},{"id":19321,"date":"2026-04-15T15:21:03","date_gmt":"2026-04-15T19:21:03","guid":{"rendered":"https:\/\/tamron-americas.com\/?p=19321"},"modified":"2026-04-15T15:21:04","modified_gmt":"2026-04-15T19:21:04","slug":"2026-m-a-r-s-escuela-regional-de-fotografia-profesional-del-atlantico-medio","status":"publish","type":"post","link":"https:\/\/tamron-americas.com\/es\/2026-m-a-r-s-mid-atlantic-regional-school-of-professional-photography\/","title":{"rendered":"2026 M.A.R.S. (Escuela Regional de Fotograf\u00eda Profesional del Atl\u00e1ntico Medio)"},"content":{"rendered":"","protected":false},"excerpt":{"rendered":"","protected":false},"author":7,"featured_media":0,"comment_status":"closed","ping_status":"open","sticky":false,"template":"","format":"standard","meta":{"_acf_changed":true,"site-sidebar-layout":"default","site-content-layout":"","ast-site-content-layout":"","site-content-style":"default","site-sidebar-style":"default","ast-global-header-display":"","ast-banner-title-visibility":"","ast-main-header-display":"","ast-hfb-above-header-display":"","ast-hfb-below-header-display":"","ast-hfb-mobile-header-display":"","site-post-title":"","ast-breadcrumbs-content":"","ast-featured-img":"","footer-sml-layout":"","ast-disable-related-posts":"","theme-transparent-header-meta":"","adv-header-id-meta":"","stick-header-meta":"","header-above-stick-meta":"","header-main-stick-meta":"","header-below-stick-meta":"","astra-migrate-meta-layouts":"default","ast-page-background-enabled":"default","ast-page-background-meta":{"desktop":{"background-color":"var(--ast-global-color-4)","background-image":"","background-repeat":"repeat","background-position":"center center","background-size":"auto","background-attachment":"scroll","background-type":"","background-media":"","overlay-type":"","overlay-color":"","overlay-opacity":"","overlay-gradient":""},"tablet":{"background-color":"","background-image":"","background-repeat":"repeat","background-position":"center center","background-size":"auto","background-attachment":"scroll","background-type":"","background-media":"","overlay-type":"","overlay-color":"","overlay-opacity":"","overlay-gradient":""},"mobile":{"background-color":"","background-image":"","background-repeat":"repeat","background-position":"center center","background-size":"auto","background-attachment":"scroll","background-type":"","background-media":"","overlay-type":"","overlay-color":"","overlay-opacity":"","overlay-gradient":""}},"ast-content-background-meta":{"desktop":{"background-color":"var(--ast-global-color-5)","background-image":"","background-repeat":"repeat","background-position":"center center","background-size":"auto","background-attachment":"scroll","background-type":"","background-media":"","overlay-type":"","overlay-color":"","overlay-opacity":"","overlay-gradient":""},"tablet":{"background-color":"var(--ast-global-color-5)","background-image":"","background-repeat":"repeat","background-position":"center center","background-size":"auto","background-attachment":"scroll","background-type":"","background-media":"","overlay-type":"","overlay-color":"","overlay-opacity":"","overlay-gradient":""},"mobile":{"background-color":"var(--ast-global-color-5)","background-image":"","background-repeat":"repeat","background-position":"center center","background-size":"auto","background-attachment":"scroll","background-type":"","background-media":"","overlay-type":"","overlay-color":"","overlay-opacity":"","overlay-gradient":""}},"footnotes":""},"categories":[81],"tags":[],"class_list":["post-19321","post","type-post","status-publish","format-standard","hentry","category-events"],"acf":[],"yoast_head":"<!-- This site is optimized with the Yoast SEO Premium plugin v27.4 (Yoast SEO v27.4) - https:\/\/yoast.com\/product\/yoast-seo-premium-wordpress\/ -->\n<title>M.A.R.S. (Mid-Atlantic Regional School of Professional Photography)<\/title>\n<meta name=\"description\" content=\"MARS provides five days of intense photography training in an intimate, friendly, boutique environment.\" \/>\n<meta name=\"robots\" content=\"index, follow, max-snippet:-1, max-image-preview:large, max-video-preview:-1\" \/>\n<link rel=\"canonical\" href=\"https:\/\/tamron-americas.com\/es\/2026-m-a-r-s-escuela-regional-de-fotografia-profesional-del-atlantico-medio\/\" \/>\n<meta property=\"og:locale\" content=\"es_MX\" \/>\n<meta property=\"og:type\" content=\"article\" \/>\n<meta property=\"og:title\" content=\"2026 M.A.R.S. (Mid-Atlantic Regional School of Professional Photography)\" \/>\n<meta property=\"og:description\" content=\"MARS provides five days of intense photography training in an intimate, friendly, boutique environment.\" \/>\n<meta property=\"og:url\" content=\"https:\/\/tamron-americas.com\/es\/2026-m-a-r-s-escuela-regional-de-fotografia-profesional-del-atlantico-medio\/\" \/>\n<meta property=\"og:site_name\" content=\"Tamron Americas\" \/>\n<meta property=\"article:published_time\" content=\"2026-04-15T19:21:03+00:00\" \/>\n<meta property=\"article:modified_time\" content=\"2026-04-15T19:21:04+00:00\" \/>\n<meta name=\"author\" content=\"evans@tamron.com\" \/>\n<meta name=\"twitter:card\" content=\"summary_large_image\" \/>\n<meta name=\"twitter:label1\" content=\"Escrito por\" \/>\n\t<meta name=\"twitter:data1\" content=\"evans@tamron.com\" \/>\n<script type=\"application\/ld+json\" class=\"yoast-schema-graph\">{\"@context\":\"https:\\\/\\\/schema.org\",\"@graph\":[{\"@type\":\"Article\",\"@id\":\"https:\\\/\\\/tamron-americas.com\\\/2026-m-a-r-s-mid-atlantic-regional-school-of-professional-photography\\\/#article\",\"isPartOf\":{\"@id\":\"https:\\\/\\\/tamron-americas.com\\\/2026-m-a-r-s-mid-atlantic-regional-school-of-professional-photography\\\/\"},\"author\":{\"name\":\"evans@tamron.com\",\"@id\":\"https:\\\/\\\/tamron-americas.com\\\/#\\\/schema\\\/person\\\/0c5a8453f7637345176beaf26a3b3670\"},\"headline\":\"2026 M.A.R.S. (Mid-Atlantic Regional School of Professional Photography)\",\"datePublished\":\"2026-04-15T19:21:03+00:00\",\"dateModified\":\"2026-04-15T19:21:04+00:00\",\"mainEntityOfPage\":{\"@id\":\"https:\\\/\\\/tamron-americas.com\\\/2026-m-a-r-s-mid-atlantic-regional-school-of-professional-photography\\\/\"},\"wordCount\":10,\"publisher\":{\"@id\":\"https:\\\/\\\/tamron-americas.com\\\/#organization\"},\"articleSection\":[\"Events\"],\"inLanguage\":\"es\"},{\"@type\":\"WebPage\",\"@id\":\"https:\\\/\\\/tamron-americas.com\\\/2026-m-a-r-s-mid-atlantic-regional-school-of-professional-photography\\\/\",\"url\":\"https:\\\/\\\/tamron-americas.com\\\/2026-m-a-r-s-mid-atlantic-regional-school-of-professional-photography\\\/\",\"name\":\"M.A.R.S. (Mid-Atlantic Regional School of Professional Photography)\",\"isPartOf\":{\"@id\":\"https:\\\/\\\/tamron-americas.com\\\/#website\"},\"datePublished\":\"2026-04-15T19:21:03+00:00\",\"dateModified\":\"2026-04-15T19:21:04+00:00\",\"description\":\"MARS provides five days of intense photography training in an intimate, friendly, boutique environment.\",\"breadcrumb\":{\"@id\":\"https:\\\/\\\/tamron-americas.com\\\/2026-m-a-r-s-mid-atlantic-regional-school-of-professional-photography\\\/#breadcrumb\"},\"inLanguage\":\"es\",\"potentialAction\":[{\"@type\":\"ReadAction\",\"target\":[\"https:\\\/\\\/tamron-americas.com\\\/2026-m-a-r-s-mid-atlantic-regional-school-of-professional-photography\\\/\"]}]},{\"@type\":\"BreadcrumbList\",\"@id\":\"https:\\\/\\\/tamron-americas.com\\\/2026-m-a-r-s-mid-atlantic-regional-school-of-professional-photography\\\/#breadcrumb\",\"itemListElement\":[{\"@type\":\"ListItem\",\"position\":1,\"name\":\"Home\",\"item\":\"https:\\\/\\\/tamron-americas.com\\\/\"},{\"@type\":\"ListItem\",\"position\":2,\"name\":\"2026 M.A.R.S. (Mid-Atlantic Regional School of Professional Photography)\"}]},{\"@type\":\"WebSite\",\"@id\":\"https:\\\/\\\/tamron-americas.com\\\/#website\",\"url\":\"https:\\\/\\\/tamron-americas.com\\\/\",\"name\":\"Tamron Americas\",\"description\":\"\",\"publisher\":{\"@id\":\"https:\\\/\\\/tamron-americas.com\\\/#organization\"},\"potentialAction\":[{\"@type\":\"SearchAction\",\"target\":{\"@type\":\"EntryPoint\",\"urlTemplate\":\"https:\\\/\\\/tamron-americas.com\\\/?s={search_term_string}\"},\"query-input\":{\"@type\":\"PropertyValueSpecification\",\"valueRequired\":true,\"valueName\":\"search_term_string\"}}],\"inLanguage\":\"es\"},{\"@type\":\"Organization\",\"@id\":\"https:\\\/\\\/tamron-americas.com\\\/#organization\",\"name\":\"Tamron USA\",\"url\":\"https:\\\/\\\/tamron-americas.com\\\/\",\"logo\":{\"@type\":\"ImageObject\",\"inLanguage\":\"es\",\"@id\":\"https:\\\/\\\/tamron-americas.com\\\/#\\\/schema\\\/logo\\\/image\\\/\",\"url\":\"https:\\\/\\\/tamron-americas.com\\\/wp-content\\\/uploads\\\/2024\\\/07\\\/logo.svg\",\"contentUrl\":\"https:\\\/\\\/tamron-americas.com\\\/wp-content\\\/uploads\\\/2024\\\/07\\\/logo.svg\",\"width\":190,\"height\":31,\"caption\":\"Tamron USA\"},\"image\":{\"@id\":\"https:\\\/\\\/tamron-americas.com\\\/#\\\/schema\\\/logo\\\/image\\\/\"}},{\"@type\":\"Person\",\"@id\":\"https:\\\/\\\/tamron-americas.com\\\/#\\\/schema\\\/person\\\/0c5a8453f7637345176beaf26a3b3670\",\"name\":\"evans@tamron.com\"}]}<\/script>\n<!-- \/ Yoast SEO Premium plugin. -->","yoast_head_json":{"title":"M.A.R.S. (Escuela Regional de Fotograf\u00eda Profesional del Atl\u00e1ntico Medio)","description":"MARS ofrece cinco d\u00edas de formaci\u00f3n intensiva en fotograf\u00eda en un ambiente \u00edntimo, acogedor y exclusivo.","robots":{"index":"index","follow":"follow","max-snippet":"max-snippet:-1","max-image-preview":"max-image-preview:large","max-video-preview":"max-video-preview:-1"},"canonical":"https:\/\/tamron-americas.com\/es\/2026-m-a-r-s-escuela-regional-de-fotografia-profesional-del-atlantico-medio\/","og_locale":"es_MX","og_type":"article","og_title":"2026 M.A.R.S. (Mid-Atlantic Regional School of Professional Photography)","og_description":"MARS provides five days of intense photography training in an intimate, friendly, boutique environment.","og_url":"https:\/\/tamron-americas.com\/es\/2026-m-a-r-s-escuela-regional-de-fotografia-profesional-del-atlantico-medio\/","og_site_name":"Tamron Americas","article_published_time":"2026-04-15T19:21:03+00:00","article_modified_time":"2026-04-15T19:21:04+00:00","author":"evans@tamron.com","twitter_card":"summary_large_image","twitter_misc":{"Escrito por":"evans@tamron.com"},"schema":{"@context":"https:\/\/schema.org","@graph":[{"@type":"Article","@id":"https:\/\/tamron-americas.com\/2026-m-a-r-s-mid-atlantic-regional-school-of-professional-photography\/#article","isPartOf":{"@id":"https:\/\/tamron-americas.com\/2026-m-a-r-s-mid-atlantic-regional-school-of-professional-photography\/"},"author":{"name":"evans@tamron.com","@id":"https:\/\/tamron-americas.com\/#\/schema\/person\/0c5a8453f7637345176beaf26a3b3670"},"headline":"2026 M.A.R.S. (Mid-Atlantic Regional School of Professional Photography)","datePublished":"2026-04-15T19:21:03+00:00","dateModified":"2026-04-15T19:21:04+00:00","mainEntityOfPage":{"@id":"https:\/\/tamron-americas.com\/2026-m-a-r-s-mid-atlantic-regional-school-of-professional-photography\/"},"wordCount":10,"publisher":{"@id":"https:\/\/tamron-americas.com\/#organization"},"articleSection":["Events"],"inLanguage":"es"},{"@type":"WebPage","@id":"https:\/\/tamron-americas.com\/2026-m-a-r-s-mid-atlantic-regional-school-of-professional-photography\/","url":"https:\/\/tamron-americas.com\/2026-m-a-r-s-mid-atlantic-regional-school-of-professional-photography\/","name":"M.A.R.S. (Mid-Atlantic Regional School of Professional Photography)","isPartOf":{"@id":"https:\/\/tamron-americas.com\/#website"},"datePublished":"2026-04-15T19:21:03+00:00","dateModified":"2026-04-15T19:21:04+00:00","description":"MARS provides five days of intense photography training in an intimate, friendly, boutique environment.","breadcrumb":{"@id":"https:\/\/tamron-americas.com\/2026-m-a-r-s-mid-atlantic-regional-school-of-professional-photography\/#breadcrumb"},"inLanguage":"es","potentialAction":[{"@type":"ReadAction","target":["https:\/\/tamron-americas.com\/2026-m-a-r-s-mid-atlantic-regional-school-of-professional-photography\/"]}]},{"@type":"BreadcrumbList","@id":"https:\/\/tamron-americas.com\/2026-m-a-r-s-mid-atlantic-regional-school-of-professional-photography\/#breadcrumb","itemListElement":[{"@type":"ListItem","position":1,"name":"Home","item":"https:\/\/tamron-americas.com\/"},{"@type":"ListItem","position":2,"name":"2026 M.A.R.S. (Mid-Atlantic Regional School of Professional Photography)"}]},{"@type":"WebSite","@id":"https:\/\/tamron-americas.com\/#website","url":"https:\/\/tamron-americas.com\/","name":"Tamron Americas","description":"","publisher":{"@id":"https:\/\/tamron-americas.com\/#organization"},"potentialAction":[{"@type":"SearchAction","target":{"@type":"EntryPoint","urlTemplate":"https:\/\/tamron-americas.com\/?s={search_term_string}"},"query-input":{"@type":"PropertyValueSpecification","valueRequired":true,"valueName":"search_term_string"}}],"inLanguage":"es"},{"@type":"Organization","@id":"https:\/\/tamron-americas.com\/#organization","name":"Tamron USA","url":"https:\/\/tamron-americas.com\/","logo":{"@type":"ImageObject","inLanguage":"es","@id":"https:\/\/tamron-americas.com\/#\/schema\/logo\/image\/","url":"https:\/\/tamron-americas.com\/wp-content\/uploads\/2024\/07\/logo.svg","contentUrl":"https:\/\/tamron-americas.com\/wp-content\/uploads\/2024\/07\/logo.svg","width":190,"height":31,"caption":"Tamron USA"},"image":{"@id":"https:\/\/tamron-americas.com\/#\/schema\/logo\/image\/"}},{"@type":"Person","@id":"https:\/\/tamron-americas.com\/#\/schema\/person\/0c5a8453f7637345176beaf26a3b3670","name":"evans@tamron.com"}]}},"_links":{"self":[{"href":"https:\/\/tamron-americas.com\/es\/wp-json\/wp\/v2\/posts\/19321","targetHints":{"allow":["GET"]}}],"collection":[{"href":"https:\/\/tamron-americas.com\/es\/wp-json\/wp\/v2\/posts"}],"about":[{"href":"https:\/\/tamron-americas.com\/es\/wp-json\/wp\/v2\/types\/post"}],"author":[{"embeddable":true,"href":"https:\/\/tamron-americas.com\/es\/wp-json\/wp\/v2\/users\/7"}],"replies":[{"embeddable":true,"href":"https:\/\/tamron-americas.com\/es\/wp-json\/wp\/v2\/comments?post=19321"}],"version-history":[{"count":0,"href":"https:\/\/tamron-americas.com\/es\/wp-json\/wp\/v2\/posts\/19321\/revisions"}],"wp:attachment":[{"href":"https:\/\/tamron-americas.com\/es\/wp-json\/wp\/v2\/media?parent=19321"}],"wp:term":[{"taxonomy":"category","embeddable":true,"href":"https:\/\/tamron-americas.com\/es\/wp-json\/wp\/v2\/categories?post=19321"},{"taxonomy":"post_tag","embeddable":true,"href":"https:\/\/tamron-americas.com\/es\/wp-json\/wp\/v2\/tags?post=19321"}],"curies":[{"name":"wp","href":"https:\/\/api.w.org\/{rel}","templated":true}]}}]